{"id":68753,"date":"2026-06-12T02:11:03","date_gmt":"2026-06-12T05:11:03","guid":{"rendered":"https:\/\/guialimeira.com.br\/atleta-do-programa-talento-esportivo-recebe-premio-internacional-como-destaque-em-2025\/"},"modified":"2026-06-12T02:11:03","modified_gmt":"2026-06-12T05:11:03","slug":"atleta-do-programa-talento-esportivo-recebe-premio-internacional-como-destaque-em-2025","status":"publish","type":"post","link":"https:\/\/guialimeira.com.br\/news\/atleta-do-programa-talento-esportivo-recebe-premio-internacional-como-destaque-em-2025\/","title":{"rendered":"Atleta do Programa Talento Esportivo recebe pr\u00eamio internacional como destaque em 2025"},"content":{"rendered":"<p> <br \/>\n<br \/><img data-recalc-dims=\"1\" decoding=\"async\" src=\"https:\/\/i0.wp.com\/www.agenciasp.sp.gov.br\/wp-content\/uploads\/2026\/06\/WhatsApp-Image-2026-06-10-at-20.23.44.jpeg?w=696&#038;ssl=1\" \/><\/p>\n<div>\n<p class=\"wp-block-paragraph\">Atleta do Programa Talento Esportivo, a karateca Yasmin Henrique foi premiada pela Federa\u00e7\u00e3o Pan-Americana de Karat\u00ea como atleta destaque de 2025 da Federa\u00e7\u00e3o Mundial de Karat\u00ea.<\/p>\n<p class=\"wp-block-paragraph\">A distin\u00e7\u00e3o \u00e9 um reconhecimento ao \u00f3timo desempenho de Yasmin nas competi\u00e7\u00f5es internacionais da temporada passada. Entre os resultados mais not\u00e1veis, est\u00e3o o terceiro lugar na etapa de Fujairah (Emirados \u00c1rabes Unidos) da Liga Mundial, o vice-campeonato Pan-Americano de Assun\u00e7\u00e3o (Paraguai) e o t\u00edtulo do Sul-Americano, no Recife-PE.<\/p>\n<p class=\"wp-block-paragraph\">\u201cEstou muito feliz com esse pr\u00eamio. \u00c9 sinal de que estou seguindo pelo caminho certo e de que toda a minha disciplina e persist\u00eancia foram recompensadas\u201d, afirma Yasmin, que conquistou a premia\u00e7\u00e3o pelo segundo ano seguido.<\/p>\n<p class=\"wp-block-paragraph\">Agora, Yasmin se prepara para competir no Sul-Americano de Cartagena, na Col\u00f4mbia. Em 2026, ela ainda disputa etapas da Liga Mundial no M\u00e9xico e na \u00c1ustria, Open Internacional e etapas do Campeonato Brasileiro.<\/p>\n<h3 class=\"wp-block-heading\">Programa Talento Esportivo<\/h3>\n<p class=\"wp-block-paragraph\">O Programa Talento Esportivo \u00e9 uma plataforma da Secretaria de Esportes do Estado de S\u00e3o Paulo que concede apoio financeiro a atletas em v\u00e1rios n\u00edveis de excel\u00eancia, praticantes de qualquer modalidade esportiva. Para mais informa\u00e7\u00f5es, entre em contato pelo (11) 3241-5822, Ramal 1238.<\/p>\n<\/p><\/div>\n<p><br \/>\n<br \/><a href=\"https:\/\/www.agenciasp.sp.gov.br\/atleta-do-programa-talento-esportivo-recebe-premio-internacional-como-destaque-em-2025\/\" rel=\"noopener\">Informa\u00e7\u00f5es GOV.SP<\/a><\/p>\n","protected":false},"excerpt":{"rendered":"<p>Atleta do Programa Talento Esportivo, a karateca Yasmin Henrique foi premiada pela Federa\u00e7\u00e3o Pan-Americana de Karat\u00ea como atleta destaque de 2025 da Federa\u00e7\u00e3o Mundial de Karat\u00ea. A distin\u00e7\u00e3o \u00e9 um reconhecimento ao \u00f3timo desempenho de Yasmin nas competi\u00e7\u00f5es internacionais da temporada passada. Entre os resultados mais not\u00e1veis, est\u00e3o o terceiro lugar na etapa de Fujairah [&hellip;]<\/p>\n","protected":false},"author":1,"featured_media":68754,"comment_status":"","ping_status":"open","sticky":false,"template":"","format":"standard","meta":{"_jetpack_newsletter_access":"","_jetpack_dont_email_post_to_subs":false,"_jetpack_newsletter_tier_id":0,"_jetpack_memberships_contains_paywalled_content":false,"_mbp_banners":[],"_jetpack_feature_clip_id":0,"_jetpack_memberships_contains_paid_content":false,"footnotes":"","jetpack_publicize_message":"","jetpack_publicize_feature_enabled":true,"jetpack_social_post_already_shared":true,"jetpack_social_options":{"image_generator_settings":{"template":"highway","default_image_id":0,"font":"","enabled":false},"version":2},"jetpack_post_was_ever_published":false},"categories":[21],"tags":[],"class_list":["post-68753","post","type-post","status-publish","format-standard","has-post-thumbnail","category-sp-news"],"jetpack_publicize_connections":[],"jetpack-related-posts":[],"jetpack_shortlink":"https:\/\/wp.me\/p7Eq1F-hSV","jetpack_sharing_enabled":true,"jetpack_featured_media_url":"https:\/\/i0.wp.com\/guialimeira.com.br\/news\/wp-content\/uploads\/2026\/06\/Atleta-do-Programa-Talento-Esportivo-recebe-premio-internacional-como-destaque.jpeg?fit=1600%2C1066&ssl=1","_links":{"self":[{"href":"https:\/\/guialimeira.com.br\/news\/wp-json\/wp\/v2\/posts\/68753","targetHints":{"allow":["GET"]}}],"collection":[{"href":"https:\/\/guialimeira.com.br\/news\/wp-json\/wp\/v2\/posts"}],"about":[{"href":"https:\/\/guialimeira.com.br\/news\/wp-json\/wp\/v2\/types\/post"}],"author":[{"embeddable":true,"href":"https:\/\/guialimeira.com.br\/news\/wp-json\/wp\/v2\/users\/1"}],"replies":[{"embeddable":true,"href":"https:\/\/guialimeira.com.br\/news\/wp-json\/wp\/v2\/comments?post=68753"}],"version-history":[{"count":0,"href":"https:\/\/guialimeira.com.br\/news\/wp-json\/wp\/v2\/posts\/68753\/revisions"}],"wp:featuredmedia":[{"embeddable":true,"href":"https:\/\/guialimeira.com.br\/news\/wp-json\/wp\/v2\/media\/68754"}],"wp:attachment":[{"href":"https:\/\/guialimeira.com.br\/news\/wp-json\/wp\/v2\/media?parent=68753"}],"wp:term":[{"taxonomy":"category","embeddable":true,"href":"https:\/\/guialimeira.com.br\/news\/wp-json\/wp\/v2\/categories?post=68753"},{"taxonomy":"post_tag","embeddable":true,"href":"https:\/\/guialimeira.com.br\/news\/wp-json\/wp\/v2\/tags?post=68753"}],"curies":[{"name":"wp","href":"https:\/\/api.w.org\/{rel}","templated":true}]}}