{"id":68744,"date":"2026-06-12T00:09:35","date_gmt":"2026-06-12T03:09:35","guid":{"rendered":"https:\/\/guialimeira.com.br\/caravana-3d-fundo-social-de-sp-fortalece-parceria-com-municipios-da-regiao-central\/"},"modified":"2026-06-12T00:09:35","modified_gmt":"2026-06-12T03:09:35","slug":"caravana-3d-fundo-social-de-sp-fortalece-parceria-com-municipios-da-regiao-central","status":"publish","type":"post","link":"https:\/\/guialimeira.com.br\/news\/caravana-3d-fundo-social-de-sp-fortalece-parceria-com-municipios-da-regiao-central\/","title":{"rendered":"Caravana 3D: Fundo Social de SP fortalece parceria com munic\u00edpios da regi\u00e3o Central"},"content":{"rendered":"<p> <br \/>\n<br \/><img data-recalc-dims=\"1\" decoding=\"async\" src=\"https:\/\/i0.wp.com\/www.agenciasp.sp.gov.br\/wp-content\/uploads\/2026\/06\/WhatsApp-Image-2026-06-11-at-16.22.38.jpeg?w=696&#038;ssl=1\" \/><\/p>\n<div>\n<p class=\"wp-block-paragraph\">O Fundo Social de S\u00e3o Paulo participou na noite desta quarta-feira (10) de um encontro com primeiras-damas e primeiros-cavalheiros de 17 munic\u00edpios da regi\u00e3o Central do estado. Realizada em S\u00e3o Carlos, a agenda integrou a programa\u00e7\u00e3o da Caravana 3D \u2014 Desenvolvimento, Dignidade e Di\u00e1logo, iniciativa do Governo de S\u00e3o Paulo voltada ao fortalecimento da rela\u00e7\u00e3o entre Estado e munic\u00edpios e \u00e0 amplia\u00e7\u00e3o das pol\u00edticas p\u00fablicas regionais.<\/p>\n<p class=\"wp-block-paragraph\">Conduzida pela presidente do Fundo Social de S\u00e3o Paulo e primeira-dama do Estado, Cristiane Freitas, a reuni\u00e3o contou com representantes dos Fundos Sociais Municipais para a apresenta\u00e7\u00e3o de demandas locais, a troca de experi\u00eancias e o compartilhamento de iniciativas voltadas ao atendimento da popula\u00e7\u00e3o em situa\u00e7\u00e3o de vulnerabilidade. Os participantes tamb\u00e9m conheceram programas desenvolvidos pelo Fundo Social de S\u00e3o Paulo que podem fortalecer as a\u00e7\u00f5es j\u00e1 realizadas em seus munic\u00edpios.<\/p>\n<p class=\"wp-block-paragraph\"><strong>LEIA TAMB\u00c9M: <\/strong><a href=\"https:\/\/www.agenciasp.sp.gov.br\/caravana-3d-governo-de-sp-leva-r-749-milhoes-em-mobilidade-saude-e-infraestrutura-urbana-a-regiao-central\/\" data-type=\"link\" data-id=\"https:\/\/www.agenciasp.sp.gov.br\/caravana-3d-governo-de-sp-leva-r-749-milhoes-em-mobilidade-saude-e-infraestrutura-urbana-a-regiao-central\/\" rel=\"noopener\"><strong>Caravana 3D: Governo de SP leva R$ 749 milh\u00f5es em mobilidade, sa\u00fade e infraestrutura urbana \u00e0 regi\u00e3o Central<\/strong><\/a><\/p>\n<p class=\"wp-block-paragraph\">\u201cOs Fundos Sociais Municipais desempenham um papel fundamental na transforma\u00e7\u00e3o da vida das pessoas. Estar pr\u00f3ximo dessas lideran\u00e7as, ouvir suas necessidades e construir solu\u00e7\u00f5es em conjunto fortalece nossa rede de prote\u00e7\u00e3o social e amplia o alcance das pol\u00edticas p\u00fablicas\u201d, afirmou Cristiane Freitas.<\/p>\n<p class=\"wp-block-paragraph\">A atividade fez parte da programa\u00e7\u00e3o da Caravana 3D, que percorre as regi\u00f5es paulistas para aproximar o Governo do Estado dos munic\u00edpios e anunciar investimentos voltados ao desenvolvimento regional.<\/p>\n<p class=\"wp-block-paragraph\"><strong>LEIA TAMB\u00c9M: <\/strong><a href=\"https:\/\/www.agenciasp.sp.gov.br\/caravana-3d-governo-de-sp-amplia-mobilidade-e-seguranca-na-regiao-central-com-modernizacao-de-rodovias\/\" rel=\"noopener\"><strong>Caravana 3D: Governo de SP amplia mobilidade e seguran\u00e7a na regi\u00e3o Central com moderniza\u00e7\u00e3o de rodovias<\/strong><\/a><\/p>\n<p class=\"wp-block-paragraph\">Na regi\u00e3o Central, a caravana contou com an\u00fancios e entregas que somam cerca de R$ 749 milh\u00f5es em investimentos. Os recursos contemplam \u00e1reas como sa\u00fade, mobilidade, infraestrutura urbana, saneamento b\u00e1sico, educa\u00e7\u00e3o e seguran\u00e7a p\u00fablica, incluindo a amplia\u00e7\u00e3o da rede hospitalar regional, obras de mobilidade vi\u00e1ria, interven\u00e7\u00f5es de drenagem urbana e a formaliza\u00e7\u00e3o de novos conv\u00eanios com os munic\u00edpios.<\/p>\n<p class=\"wp-block-paragraph\">A a\u00e7\u00e3o j\u00e1 passou pelas regi\u00f5es de Barretos, Franca, Vale do Ribeira, Bauru, ABC, Alto Tiet\u00ea, Ribeir\u00e3o Preto, Campinas, Vale do Para\u00edba, S\u00e3o Jos\u00e9 do Rio Preto, Ara\u00e7atuba, Mar\u00edlia, Sorocaba, Presidente Prudente e Itapeva.<\/p>\n<p class=\"wp-block-paragraph\"><strong>LEIA TAMB\u00c9M: <a href=\"https:\/\/www.agenciasp.sp.gov.br\/caravana-3d-governo-de-sp-reforca-saude-da-regiao-central-com-ampliacoes-hospitalares-e-nova-sede-do-ame\/\" data-type=\"link\" data-id=\"https:\/\/www.agenciasp.sp.gov.br\/caravana-3d-governo-de-sp-reforca-saude-da-regiao-central-com-ampliacoes-hospitalares-e-nova-sede-do-ame\/\" rel=\"noopener\">Caravana 3D: Governo de SP refor\u00e7a sa\u00fade da regi\u00e3o Central com amplia\u00e7\u00f5es hospitalares e nova sede do AME<\/a><\/strong><\/p>\n<\/p><\/div>\n<p><br \/>\n<br \/><a href=\"https:\/\/www.agenciasp.sp.gov.br\/caravana-3d-fundo-social-de-sp-fortalece-parceria-com-municipios-da-regiao-central\/\" rel=\"noopener\">Informa\u00e7\u00f5es GOV.SP<\/a><\/p>\n","protected":false},"excerpt":{"rendered":"<p>O Fundo Social de S\u00e3o Paulo participou na noite desta quarta-feira (10) de um encontro com primeiras-damas e primeiros-cavalheiros de 17 munic\u00edpios da regi\u00e3o Central do estado. Realizada em S\u00e3o Carlos, a agenda integrou a programa\u00e7\u00e3o da Caravana 3D \u2014 Desenvolvimento, Dignidade e Di\u00e1logo, iniciativa do Governo de S\u00e3o Paulo voltada ao fortalecimento da rela\u00e7\u00e3o [&hellip;]<\/p>\n","protected":false},"author":1,"featured_media":68745,"comment_status":"","ping_status":"open","sticky":false,"template":"","format":"standard","meta":{"_jetpack_newsletter_access":"","_jetpack_dont_email_post_to_subs":false,"_jetpack_newsletter_tier_id":0,"_jetpack_memberships_contains_paywalled_content":false,"_mbp_banners":[],"_jetpack_feature_clip_id":0,"_jetpack_memberships_contains_paid_content":false,"footnotes":"","jetpack_publicize_message":"","jetpack_publicize_feature_enabled":true,"jetpack_social_post_already_shared":true,"jetpack_social_options":{"image_generator_settings":{"template":"highway","default_image_id":0,"font":"","enabled":false},"version":2},"jetpack_post_was_ever_published":false},"categories":[21],"tags":[],"class_list":["post-68744","post","type-post","status-publish","format-standard","has-post-thumbnail","category-sp-news"],"jetpack_publicize_connections":[],"jetpack-related-posts":[],"jetpack_shortlink":"https:\/\/wp.me\/p7Eq1F-hSM","jetpack_sharing_enabled":true,"jetpack_featured_media_url":"https:\/\/i0.wp.com\/guialimeira.com.br\/news\/wp-content\/uploads\/2026\/06\/Caravana-3D-Fundo-Social-de-SP-fortalece-parceria-com-municipios.jpeg?fit=1600%2C1066&ssl=1","_links":{"self":[{"href":"https:\/\/guialimeira.com.br\/news\/wp-json\/wp\/v2\/posts\/68744","targetHints":{"allow":["GET"]}}],"collection":[{"href":"https:\/\/guialimeira.com.br\/news\/wp-json\/wp\/v2\/posts"}],"about":[{"href":"https:\/\/guialimeira.com.br\/news\/wp-json\/wp\/v2\/types\/post"}],"author":[{"embeddable":true,"href":"https:\/\/guialimeira.com.br\/news\/wp-json\/wp\/v2\/users\/1"}],"replies":[{"embeddable":true,"href":"https:\/\/guialimeira.com.br\/news\/wp-json\/wp\/v2\/comments?post=68744"}],"version-history":[{"count":0,"href":"https:\/\/guialimeira.com.br\/news\/wp-json\/wp\/v2\/posts\/68744\/revisions"}],"wp:featuredmedia":[{"embeddable":true,"href":"https:\/\/guialimeira.com.br\/news\/wp-json\/wp\/v2\/media\/68745"}],"wp:attachment":[{"href":"https:\/\/guialimeira.com.br\/news\/wp-json\/wp\/v2\/media?parent=68744"}],"wp:term":[{"taxonomy":"category","embeddable":true,"href":"https:\/\/guialimeira.com.br\/news\/wp-json\/wp\/v2\/categories?post=68744"},{"taxonomy":"post_tag","embeddable":true,"href":"https:\/\/guialimeira.com.br\/news\/wp-json\/wp\/v2\/tags?post=68744"}],"curies":[{"name":"wp","href":"https:\/\/api.w.org\/{rel}","templated":true}]}}