{"id":68735,"date":"2026-06-11T22:07:30","date_gmt":"2026-06-12T01:07:30","guid":{"rendered":"https:\/\/guialimeira.com.br\/policia-cientifica-de-sp-conclui-laudo-sobre-ocorrencia-no-jaguare\/"},"modified":"2026-06-11T22:07:30","modified_gmt":"2026-06-12T01:07:30","slug":"policia-cientifica-de-sp-conclui-laudo-sobre-ocorrencia-no-jaguare","status":"publish","type":"post","link":"https:\/\/guialimeira.com.br\/news\/policia-cientifica-de-sp-conclui-laudo-sobre-ocorrencia-no-jaguare\/","title":{"rendered":"Policia Cient\u00edfica de SP conclui laudo sobre ocorr\u00eancia no Jaguar\u00e9"},"content":{"rendered":"<p> <br \/>\n<br \/><img data-recalc-dims=\"1\" decoding=\"async\" src=\"https:\/\/i0.wp.com\/www.agenciasp.sp.gov.br\/wp-content\/uploads\/2026\/06\/55266510644_f312406fda_b.jpg?w=696&#038;ssl=1\" \/><\/p>\n<div>\n<p class=\"wp-block-paragraph\">A Superintend\u00eancia da Pol\u00edcia T\u00e9cnico-Cient\u00edfica, por meio do Instituto de Criminal\u00edstica, informa que foi conclu\u00eddo o laudo pericial referente ao evento ocorrido na Rua Pira\u00faba, no Jaguar\u00e9, Zona Oeste de S\u00e3o Paulo. O documento foi colocado \u00e0 disposi\u00e7\u00e3o da Pol\u00edcia Civil nesta quinta-feira (11).<\/p>\n<p class=\"wp-block-paragraph\">O trabalho pericial foi realizado por uma for\u00e7a-tarefa multidisciplinar de peritos criminais, com atua\u00e7\u00e3o no local para coleta, preserva\u00e7\u00e3o, documenta\u00e7\u00e3o e an\u00e1lise de vest\u00edgios materiais. Entre os procedimentos adotados estiveram o isolamento da \u00e1rea, exame perinecrosc\u00f3pico inicial, levantamento dos danos no entorno, mapeamento a\u00e9reo com drones, escaneamento tridimensional da \u00e1rea de maior impacto, georreferenciamento de alta precis\u00e3o e inspe\u00e7\u00f5es em estruturas subterr\u00e2neas.<\/p>\n<p class=\"wp-block-paragraph\"><strong>LEIA TAMB\u00c9M: <a href=\"https:\/\/www.agenciasp.sp.gov.br\/novos-lares-indenizacoes-e-reforco-nas-normas-entenda-o-que-ja-foi-feito-um-mes-apos-explosao-no-jaguare-2\/\" rel=\"noopener\">Novos lares, indeniza\u00e7\u00f5es e refor\u00e7o nas normas: entenda o que j\u00e1 foi feito um m\u00eas ap\u00f3s explos\u00e3o no Jaguar\u00e9<\/a><\/strong><\/p>\n<p class=\"wp-block-paragraph\">Tamb\u00e9m foram empregados equipamentos de videoinspe\u00e7\u00e3o interna de tubula\u00e7\u00f5es, sistemas de indu\u00e7\u00e3o eletromagn\u00e9tica, georadar, ensaios geof\u00edsicos, coleta de amostras de gases subterr\u00e2neos e abertura de valas explorat\u00f3rias com escava\u00e7\u00e3o manual controlada. Pe\u00e7as, segmentos de tubula\u00e7\u00f5es e ferramentas arrecadadas durante os trabalhos foram encaminhados para exames laboratoriais f\u00edsicos, mec\u00e2nicos e qu\u00edmicos nos n\u00facleos especializados do Instituto de Criminal\u00edstica.<\/p>\n<p class=\"wp-block-paragraph\">O trabalho t\u00e9cnico tamb\u00e9m contou com exames complementares, incluindo an\u00e1lises de amostras de g\u00e1s subterr\u00e2neo, exames geof\u00edsicos de eletrorresistividade e s\u00edsmica rasa, al\u00e9m dos exames necrosc\u00f3picos realizados pelo Instituto M\u00e9dico Legal.<\/p>\n<p class=\"wp-block-paragraph\">O laudo re\u00fane as an\u00e1lises t\u00e9cnicas dos vest\u00edgios coletados e j\u00e1 foi encaminhado \u00e0 autoridade policial respons\u00e1vel pela investiga\u00e7\u00e3o. A defini\u00e7\u00e3o sobre eventuais responsabilidades caber\u00e1 ao inqu\u00e9rito policial \u2013 a partir do conjunto de elementos apurados \u2013 que \u00e9 conduzido pela 3\u00aa Central Especializada de Repress\u00e3o a Crimes e Ocorr\u00eancias Diversas da Pol\u00edcia Civil na capital. O procedimento foi aberto em 12 de maio, logo ap\u00f3s a ocorr\u00eancia, e deve seguir com a an\u00e1lise do laudo.<\/p>\n<\/p><\/div>\n<p><br \/>\n<br \/><a href=\"https:\/\/www.agenciasp.sp.gov.br\/policia-cientifica-de-sp-conclui-laudo-sobre-ocorrencia-no-jaguare\/\" rel=\"noopener\">Informa\u00e7\u00f5es GOV.SP<\/a><\/p>\n","protected":false},"excerpt":{"rendered":"<p>A Superintend\u00eancia da Pol\u00edcia T\u00e9cnico-Cient\u00edfica, por meio do Instituto de Criminal\u00edstica, informa que foi conclu\u00eddo o laudo pericial referente ao evento ocorrido na Rua Pira\u00faba, no Jaguar\u00e9, Zona Oeste de S\u00e3o Paulo. O documento foi colocado \u00e0 disposi\u00e7\u00e3o da Pol\u00edcia Civil nesta quinta-feira (11). O trabalho pericial foi realizado por uma for\u00e7a-tarefa multidisciplinar de peritos [&hellip;]<\/p>\n","protected":false},"author":1,"featured_media":68736,"comment_status":"","ping_status":"open","sticky":false,"template":"","format":"standard","meta":{"_jetpack_newsletter_access":"","_jetpack_dont_email_post_to_subs":false,"_jetpack_newsletter_tier_id":0,"_jetpack_memberships_contains_paywalled_content":false,"_mbp_banners":[],"_jetpack_feature_clip_id":0,"_jetpack_memberships_contains_paid_content":false,"footnotes":"","jetpack_publicize_message":"","jetpack_publicize_feature_enabled":true,"jetpack_social_post_already_shared":true,"jetpack_social_options":{"image_generator_settings":{"template":"highway","default_image_id":0,"font":"","enabled":false},"version":2},"jetpack_post_was_ever_published":false},"categories":[21],"tags":[],"class_list":["post-68735","post","type-post","status-publish","format-standard","has-post-thumbnail","category-sp-news"],"jetpack_publicize_connections":[],"jetpack-related-posts":[],"jetpack_shortlink":"https:\/\/wp.me\/p7Eq1F-hSD","jetpack_sharing_enabled":true,"jetpack_featured_media_url":"https:\/\/i0.wp.com\/guialimeira.com.br\/news\/wp-content\/uploads\/2026\/06\/Policia-Cientifica-de-SP-conclui-laudo-sobre-ocorrencia-no-Jaguare.jpg?fit=1024%2C683&ssl=1","_links":{"self":[{"href":"https:\/\/guialimeira.com.br\/news\/wp-json\/wp\/v2\/posts\/68735","targetHints":{"allow":["GET"]}}],"collection":[{"href":"https:\/\/guialimeira.com.br\/news\/wp-json\/wp\/v2\/posts"}],"about":[{"href":"https:\/\/guialimeira.com.br\/news\/wp-json\/wp\/v2\/types\/post"}],"author":[{"embeddable":true,"href":"https:\/\/guialimeira.com.br\/news\/wp-json\/wp\/v2\/users\/1"}],"replies":[{"embeddable":true,"href":"https:\/\/guialimeira.com.br\/news\/wp-json\/wp\/v2\/comments?post=68735"}],"version-history":[{"count":0,"href":"https:\/\/guialimeira.com.br\/news\/wp-json\/wp\/v2\/posts\/68735\/revisions"}],"wp:featuredmedia":[{"embeddable":true,"href":"https:\/\/guialimeira.com.br\/news\/wp-json\/wp\/v2\/media\/68736"}],"wp:attachment":[{"href":"https:\/\/guialimeira.com.br\/news\/wp-json\/wp\/v2\/media?parent=68735"}],"wp:term":[{"taxonomy":"category","embeddable":true,"href":"https:\/\/guialimeira.com.br\/news\/wp-json\/wp\/v2\/categories?post=68735"},{"taxonomy":"post_tag","embeddable":true,"href":"https:\/\/guialimeira.com.br\/news\/wp-json\/wp\/v2\/tags?post=68735"}],"curies":[{"name":"wp","href":"https:\/\/api.w.org\/{rel}","templated":true}]}}