{"id":68725,"date":"2026-06-11T20:04:06","date_gmt":"2026-06-11T23:04:06","guid":{"rendered":"https:\/\/guialimeira.com.br\/operacao-quebra-vidro-prende-tres-suspeitos-por-trafico-de-drogas-e-apreende-entorpecentes-na-capital\/"},"modified":"2026-06-11T20:04:06","modified_gmt":"2026-06-11T23:04:06","slug":"operacao-quebra-vidro-prende-tres-suspeitos-por-trafico-de-drogas-e-apreende-entorpecentes-na-capital","status":"publish","type":"post","link":"https:\/\/guialimeira.com.br\/news\/operacao-quebra-vidro-prende-tres-suspeitos-por-trafico-de-drogas-e-apreende-entorpecentes-na-capital\/","title":{"rendered":"Opera\u00e7\u00e3o Quebra-Vidro prende tr\u00eas suspeitos por tr\u00e1fico de drogas e apreende entorpecentes na capital"},"content":{"rendered":"<p> <br \/>\n<\/p>\n<div>\n<p class=\"wp-block-paragraph\">A Pol\u00edcia Militar prendeu tr\u00eas suspeitos e apreendeu entorpecentes nesta quinta-feira (11), na regi\u00e3o central da capital paulista. As a\u00e7\u00f5es ocorreram durante a Opera\u00e7\u00e3o Quebra-Vidro.<\/p>\n<p class=\"wp-block-paragraph\">Em uma comunidade no Centro, os policiais do 7\u00ba Batalh\u00e3o de A\u00e7\u00f5es Especiais de Pol\u00edcia (Baep) prenderam dois homens por tr\u00e1fico de drogas. Com os suspeitos, foram apreendidas por\u00e7\u00f5es de coca\u00edna, crack, mais de R$ 700 em dinheiro e um celular roubado.<\/p>\n<p class=\"wp-block-paragraph\"><strong>LEIA TAMB\u00c9M: <\/strong><a href=\"https:\/\/www.agenciasp.sp.gov.br\/policia-de-sp-identifica-autor-de-latrocinio-de-adolescente-na-zona-leste-de-sp\/\" rel=\"noopener\">Pol\u00edcia de SP identifica autor de latroc\u00ednio de adolescente na zona leste de SP<\/a><\/p>\n<p class=\"wp-block-paragraph\">J\u00e1 no Bom Retiro, equipes do 13\u00ba Batalh\u00e3o de Pol\u00edcia Militar Metropolitano (BPM\/M) abordaram um ve\u00edculo suspeito de transportar entorpecentes. Durante a vistoria, os policiais localizaram uma mala contendo tabletes de maconha, totalizando 10,2 quilos, e sete pacotes de coca\u00edna, que somaram 7 quilos da droga. Um homem foi preso em flagrante.<\/p>\n<figure class=\"wp-block-image size-large\"><img data-recalc-dims=\"1\" fetchpriority=\"high\" decoding=\"async\" width=\"696\" height=\"674\" src=\"https:\/\/i0.wp.com\/www.agenciasp.sp.gov.br\/wp-content\/uploads\/2026\/06\/WhatsApp-Image-2026-06-11-at-19.06.46-1024x992.jpeg?resize=696%2C674&#038;ssl=1\" alt=\"\" class=\"wp-image-151409 lazy\" srcset=\"https:\/\/www.agenciasp.sp.gov.br\/wp-content\/uploads\/2026\/06\/WhatsApp-Image-2026-06-11-at-19.06.46-1024x992.jpeg 1024w, https:\/\/www.agenciasp.sp.gov.br\/wp-content\/uploads\/2026\/06\/WhatsApp-Image-2026-06-11-at-19.06.46-300x291.jpeg 300w, https:\/\/www.agenciasp.sp.gov.br\/wp-content\/uploads\/2026\/06\/WhatsApp-Image-2026-06-11-at-19.06.46-768x744.jpeg 768w, https:\/\/www.agenciasp.sp.gov.br\/wp-content\/uploads\/2026\/06\/WhatsApp-Image-2026-06-11-at-19.06.46-150x145.jpeg 150w, https:\/\/www.agenciasp.sp.gov.br\/wp-content\/uploads\/2026\/06\/WhatsApp-Image-2026-06-11-at-19.06.46.jpeg 1280w\" data-sizes=\"(max-width: 1024px) 100vw, 1024px\"\/><figcaption class=\"wp-element-caption\">Drogas apreendidas durante opera\u00e7\u00e3o da PM na Capital  Foto: Divulga\u00e7\u00e3o\/Governo de SP<\/figcaption><\/figure>\n<p class=\"wp-block-paragraph\">As apreens\u00f5es ocorreram durante o refor\u00e7o operacional para intensificar o policiamento ostensivo em \u00e1reas de grande circula\u00e7\u00e3o de ve\u00edculos e pessoas, com foco na preven\u00e7\u00e3o de roubos, furtos e demais crimes associados \u00e0 criminalidade urbana.<\/p>\n<p class=\"wp-block-paragraph\"><strong>LEIA TAMB\u00c9M: <\/strong><a href=\"https:\/\/www.agenciasp.sp.gov.br\/policia-cientifica-de-sp-conclui-laudo-sobre-ocorrencia-no-jaguare\/\" rel=\"noopener\">Policia Cient\u00edfica de SP conclui laudo sobre ocorr\u00eancia no Jaguar\u00e9<\/a><\/p>\n<p class=\"wp-block-paragraph\">As ocorr\u00eancias foram registradas no 8\u00ba Distrito Policial, que prossegue com as investiga\u00e7\u00f5es.<\/p>\n<p class=\"wp-block-paragraph\">\u201cDemos continuidade \u00e0 opera\u00e7\u00e3o com o emprego de mais de 600 policiais, 140 motocicletas e 130 viaturas em pontos estrat\u00e9gicos da capital. As a\u00e7\u00f5es seguem ao longo do dia para ampliar a presen\u00e7a policial, combater a criminalidade e garantir mais seguran\u00e7a \u00e0 popula\u00e7\u00e3o, especialmente nos hor\u00e1rios de maior circula\u00e7\u00e3o de pessoas e ve\u00edculos\u201d, afirmou o tenente-coronel Samuel Ara\u00fajo, comandante do 13\u00ba BPM\/M.<\/p>\n<h3 class=\"wp-block-heading\">Outras opera\u00e7\u00f5es<\/h3>\n<p class=\"wp-block-paragraph\">Na quarta-feira (9), em mais uma a\u00e7\u00e3o da Opera\u00e7\u00e3o Impacto Quebra-Vidro, um homem procurado pela Justi\u00e7a por roubo foi capturado. Al\u00e9m disso, a PM realizou 462 fiscaliza\u00e7\u00f5es, abordou 273 pessoas e vistoriou 189 ve\u00edculos, entre carros e motos, em diferentes regi\u00f5es da cidade.<\/p>\n<p class=\"wp-block-paragraph\">Os policiais tamb\u00e9m apreenderam 356 por\u00e7\u00f5es de drogas e emitiram 85 multas por infra\u00e7\u00e3o de tr\u00e2nsito.<\/p>\n<\/p><\/div>\n<p><br \/>\n<br \/><a href=\"https:\/\/www.agenciasp.sp.gov.br\/operacao-quebra-vidro-prende-tres-suspeitos-por-trafico-de-drogas-e-apreende-entorpecentes-na-capital\/\" rel=\"noopener\">Informa\u00e7\u00f5es GOV.SP<\/a><\/p>\n","protected":false},"excerpt":{"rendered":"<p>A Pol\u00edcia Militar prendeu tr\u00eas suspeitos e apreendeu entorpecentes nesta quinta-feira (11), na regi\u00e3o central da capital paulista. As a\u00e7\u00f5es ocorreram durante a Opera\u00e7\u00e3o Quebra-Vidro. Em uma comunidade no Centro, os policiais do 7\u00ba Batalh\u00e3o de A\u00e7\u00f5es Especiais de Pol\u00edcia (Baep) prenderam dois homens por tr\u00e1fico de drogas. Com os suspeitos, foram apreendidas por\u00e7\u00f5es de [&hellip;]<\/p>\n","protected":false},"author":1,"featured_media":68726,"comment_status":"","ping_status":"open","sticky":false,"template":"","format":"standard","meta":{"_jetpack_newsletter_access":"","_jetpack_dont_email_post_to_subs":false,"_jetpack_newsletter_tier_id":0,"_jetpack_memberships_contains_paywalled_content":false,"_mbp_banners":[],"_jetpack_feature_clip_id":0,"_jetpack_memberships_contains_paid_content":false,"footnotes":"","jetpack_publicize_message":"","jetpack_publicize_feature_enabled":true,"jetpack_social_post_already_shared":true,"jetpack_social_options":{"image_generator_settings":{"template":"highway","default_image_id":0,"font":"","enabled":false},"version":2},"jetpack_post_was_ever_published":false},"categories":[21],"tags":[],"class_list":["post-68725","post","type-post","status-publish","format-standard","has-post-thumbnail","category-sp-news"],"jetpack_publicize_connections":[],"jetpack-related-posts":[],"jetpack_shortlink":"https:\/\/wp.me\/p7Eq1F-hSt","jetpack_sharing_enabled":true,"jetpack_featured_media_url":"https:\/\/i0.wp.com\/guialimeira.com.br\/news\/wp-content\/uploads\/2026\/06\/Operacao-Quebra-Vidro-prende-tres-suspeitos-por-trafico-de-drogas-e.jpeg?fit=1024%2C992&ssl=1","_links":{"self":[{"href":"https:\/\/guialimeira.com.br\/news\/wp-json\/wp\/v2\/posts\/68725","targetHints":{"allow":["GET"]}}],"collection":[{"href":"https:\/\/guialimeira.com.br\/news\/wp-json\/wp\/v2\/posts"}],"about":[{"href":"https:\/\/guialimeira.com.br\/news\/wp-json\/wp\/v2\/types\/post"}],"author":[{"embeddable":true,"href":"https:\/\/guialimeira.com.br\/news\/wp-json\/wp\/v2\/users\/1"}],"replies":[{"embeddable":true,"href":"https:\/\/guialimeira.com.br\/news\/wp-json\/wp\/v2\/comments?post=68725"}],"version-history":[{"count":0,"href":"https:\/\/guialimeira.com.br\/news\/wp-json\/wp\/v2\/posts\/68725\/revisions"}],"wp:featuredmedia":[{"embeddable":true,"href":"https:\/\/guialimeira.com.br\/news\/wp-json\/wp\/v2\/media\/68726"}],"wp:attachment":[{"href":"https:\/\/guialimeira.com.br\/news\/wp-json\/wp\/v2\/media?parent=68725"}],"wp:term":[{"taxonomy":"category","embeddable":true,"href":"https:\/\/guialimeira.com.br\/news\/wp-json\/wp\/v2\/categories?post=68725"},{"taxonomy":"post_tag","embeddable":true,"href":"https:\/\/guialimeira.com.br\/news\/wp-json\/wp\/v2\/tags?post=68725"}],"curies":[{"name":"wp","href":"https:\/\/api.w.org\/{rel}","templated":true}]}}