{"id":68717,"date":"2026-06-11T18:05:52","date_gmt":"2026-06-11T21:05:52","guid":{"rendered":"https:\/\/guialimeira.com.br\/limeira-aplica-lei-de-dr-marcelo-rossi-e-oferece-teste-da-memoria-pelo-sus\/"},"modified":"2026-06-11T18:05:52","modified_gmt":"2026-06-11T21:05:52","slug":"limeira-aplica-lei-de-dr-marcelo-rossi-e-oferece-teste-da-memoria-pelo-sus","status":"publish","type":"post","link":"https:\/\/guialimeira.com.br\/news\/limeira-aplica-lei-de-dr-marcelo-rossi-e-oferece-teste-da-memoria-pelo-sus\/","title":{"rendered":"Limeira aplica lei de Dr. Marcelo Rossi e oferece teste da mem\u00f3ria pelo SUS"},"content":{"rendered":"<p>Limeira aplica lei de Dr. Marcelo Rossi e oferece teste da mem\u00f3ria pelo SUS<\/p>\n<p>A primeira sala de teste cognitivo para idosos da rede p\u00fablica do Brasil foi inaugurada nesta quinta-feira, 11 de junho, pelo prefeito Murilo F\u00e9lix (Podemos) dentro da Unidade B\u00e1sica de Sa\u00fade (UBS) do Geada. O vereador Dr. Marcelo Rossi (MDB) \u00e9 o autor da Lei do Alzheimer (Lei N\u00b05.833\/2017) e classifica o servi\u00e7o oferecido pelo SUS como um divisor de \u00e1guas no enfrentamento dos desafios do envelhecimento populacional.<\/p>\n<p>A cerim\u00f4nia de lan\u00e7amento reuniu tamb\u00e9m o secret\u00e1rio de Sa\u00fade, Alexandre Ferrari, futuros pacientes e os vereadores Estev\u00e3o Nogueira (Avante) e Guilherme Guido (PL).<\/p>\n<p>\u201cAs proje\u00e7\u00f5es indicam que um a cada tr\u00eas idosos com 80 anos ou mais t\u00eam chance de desenvolver dem\u00eancia. Passou da hora da sociedade parar de ignorar essa estat\u00edstica. \u00c9 preciso agir\u201d, declarou Dr. Marcelo Rossi.<\/p>\n<p>O parlamentar explicou que os pacientes ser\u00e3o submetidos a testes de rastreio individuais aplicados por uma geront\u00f3loga contratada pela Prefeitura por meio do Cismetro. Segundo o vereador, a avalia\u00e7\u00e3o dura cerca de uma hora, consiste num \u201cfiltro\u201d que indicar\u00e1, ou n\u00e3o, a necessidade de investigar precocemente poss\u00edveis causas de esquecimento, al\u00e9m de outros problemas de sa\u00fade, como ins\u00f4nia ou depress\u00e3o. \u201cN\u00e3o \u00e9 um laudo. \u00c9 um teste amplo pelo qual podemos evidenciar falhas de mem\u00f3ria por origens diversas, inclusive at\u00e9 por um quadro de desidrata\u00e7\u00e3o. Nem tudo \u00e9 Alzheimer, mas tudo precisa ser investigado\u201d, enfatizou.<\/p>\n<p>No mesmo local, os idosos ter\u00e3o acesso \u00e0 oficina da mem\u00f3ria, por meio de um conjunto de est\u00edmulos cognitivos com jogos, entre outras atividades. A participa\u00e7\u00e3o ser\u00e1 aberta tamb\u00e9m a quem n\u00e3o demandar encaminhamentos m\u00e9dicos a partir do teste. \u201c\u00c9 um espa\u00e7o singular onde os idosos poder\u00e3o estimular o c\u00e9rebro, uma das formas mais eficazes de preven\u00e7\u00e3o das dem\u00eancias ou at\u00e9 da progress\u00e3o mais acelerada\u201d, ressaltou o parlamentar. \u201cA preven\u00e7\u00e3o e a interven\u00e7\u00e3o precoce garantem dignidade aos pacientes e familiares\u201d, complementou.<\/p>\n<p>Encaminhamentos<\/p>\n<p>Antes do lan\u00e7amento oficial, o projeto foi realizado em car\u00e1ter piloto por tr\u00eas meses na UBS do Jardim Nova Su\u00ed\u00e7a, onde Dr. Marcelo Rossi conheceu os trabalhos. \u201cQuem fez o teste e n\u00e3o atingiu a nota de corte na avalia\u00e7\u00e3o de decl\u00ednio cognitivo, com identifica\u00e7\u00e3o precoce de altera\u00e7\u00f5es na mem\u00f3ria, j\u00e1 foi orientado a buscar atendimento m\u00e9dico especializado na rede municipal\u201d, explicou.<\/p>\n<p>Os novos testes passam a ser realizados na UBS do Geada, que fica na rua Ad\u00e3o Francisco Dias, 140. Os pacientes ser\u00e3o encaminhados ao espa\u00e7o por meio da UBS de refer\u00eancia, ou seja, a mais pr\u00f3xima de sua resid\u00eancia.<\/p>\n<p>Do Gabinete Parlamentar &#8211; Vereador Dr. Marcelo Rossi (MDB)<\/p>\n<p>*Fotos do Gabinete Parlamentar<\/p>\n<p>As mat\u00e9rias de origem dos Gabinetes Parlamentares s\u00e3o de inteira\u00a0 responsabilidade dos parlamentares e de suas assessorias. S\u00e3o devidamente assinadas e n\u00e3o refletem, necessariamente, a opini\u00e3o institucional da C\u00e2mara Municipal de Limeira.<\/p>\n<hr>\n<p><em>Fonte: <a href=\"https:\/\/www.limeira.sp.leg.br\/noticias\/view\/2026-06-11_limeira-aplica-lei-de-dr-marcelo-rossi-e-oferece-teste-da-memoria-pelo-sus\" target=\"_blank\" rel=\"noopener\">C\u00e2mara Municipal de Limeira<\/a><\/em><\/p>\n","protected":false},"excerpt":{"rendered":"<p>Limeira aplica lei de Dr. Marcelo Rossi e oferece teste da mem\u00f3ria pelo SUS<\/p>\n<p>A primeira sala de teste cognitivo para idosos da rede p\u00fablica do Brasil foi inaugurada nesta quinta-feira, 11 de junho, pelo prefeito Murilo F\u00e9lix (Podemos) dentro da Unidade B\u00e1sica de Sa\u00fade (UBS) do Geada. O vereador Dr. <\/p>\n","protected":false},"author":4,"featured_media":68716,"comment_status":"","ping_status":"open","sticky":false,"template":"","format":"standard","meta":{"_jetpack_newsletter_access":"","_jetpack_dont_email_post_to_subs":false,"_jetpack_newsletter_tier_id":0,"_jetpack_memberships_contains_paywalled_content":false,"_mbp_banners":[],"_jetpack_feature_clip_id":0,"_jetpack_memberships_contains_paid_content":false,"footnotes":"","jetpack_publicize_message":"","jetpack_publicize_feature_enabled":true,"jetpack_social_post_already_shared":true,"jetpack_social_options":{"image_generator_settings":{"template":"highway","default_image_id":0,"font":"","enabled":false},"version":2},"jetpack_post_was_ever_published":false},"categories":[19],"tags":[],"class_list":["post-68717","post","type-post","status-publish","format-standard","has-post-thumbnail","category-politica"],"jetpack_publicize_connections":[],"jetpack-related-posts":[],"jetpack_shortlink":"https:\/\/wp.me\/p7Eq1F-hSl","jetpack_sharing_enabled":true,"jetpack_featured_media_url":"https:\/\/i0.wp.com\/guialimeira.com.br\/news\/wp-content\/uploads\/2026\/06\/noticia-camara-49.jpg?fit=1280%2C640&ssl=1","_links":{"self":[{"href":"https:\/\/guialimeira.com.br\/news\/wp-json\/wp\/v2\/posts\/68717","targetHints":{"allow":["GET"]}}],"collection":[{"href":"https:\/\/guialimeira.com.br\/news\/wp-json\/wp\/v2\/posts"}],"about":[{"href":"https:\/\/guialimeira.com.br\/news\/wp-json\/wp\/v2\/types\/post"}],"author":[{"embeddable":true,"href":"https:\/\/guialimeira.com.br\/news\/wp-json\/wp\/v2\/users\/4"}],"replies":[{"embeddable":true,"href":"https:\/\/guialimeira.com.br\/news\/wp-json\/wp\/v2\/comments?post=68717"}],"version-history":[{"count":0,"href":"https:\/\/guialimeira.com.br\/news\/wp-json\/wp\/v2\/posts\/68717\/revisions"}],"wp:featuredmedia":[{"embeddable":true,"href":"https:\/\/guialimeira.com.br\/news\/wp-json\/wp\/v2\/media\/68716"}],"wp:attachment":[{"href":"https:\/\/guialimeira.com.br\/news\/wp-json\/wp\/v2\/media?parent=68717"}],"wp:term":[{"taxonomy":"category","embeddable":true,"href":"https:\/\/guialimeira.com.br\/news\/wp-json\/wp\/v2\/categories?post=68717"},{"taxonomy":"post_tag","embeddable":true,"href":"https:\/\/guialimeira.com.br\/news\/wp-json\/wp\/v2\/tags?post=68717"}],"curies":[{"name":"wp","href":"https:\/\/api.w.org\/{rel}","templated":true}]}}