{"id":68714,"date":"2026-06-11T18:01:05","date_gmt":"2026-06-11T21:01:05","guid":{"rendered":"https:\/\/guialimeira.com.br\/policia-de-sp-identifica-autor-de-latrocinio-de-adolescente-na-zona-leste-de-sp\/"},"modified":"2026-06-11T18:01:05","modified_gmt":"2026-06-11T21:01:05","slug":"policia-de-sp-identifica-autor-de-latrocinio-de-adolescente-na-zona-leste-de-sp","status":"publish","type":"post","link":"https:\/\/guialimeira.com.br\/news\/policia-de-sp-identifica-autor-de-latrocinio-de-adolescente-na-zona-leste-de-sp\/","title":{"rendered":"Pol\u00edcia de SP identifica autor de latroc\u00ednio de adolescente na zona leste de SP"},"content":{"rendered":"<p> <br \/>\n<br \/><img data-recalc-dims=\"1\" decoding=\"async\" src=\"https:\/\/i0.wp.com\/www.agenciasp.sp.gov.br\/wp-content\/uploads\/2023\/11\/WhatsApp-Image-2026-06-09-at-07.15.21.jpeg?w=696&#038;ssl=1\" \/><\/p>\n<div>\n<p class=\"wp-block-paragraph\">A Pol\u00edcia Civil identificou o autor de um latroc\u00ednio que aconteceu em maio de 2025, no Itaim Paulista, na zona leste da capital paulista. O criminoso de 19 anos foi reconhecido com aux\u00edlio de uma testemunha.<\/p>\n<p class=\"wp-block-paragraph\">As investiga\u00e7\u00f5es foram conduzidas pela 1\u00aa Delegacia da Divis\u00e3o de Investiga\u00e7\u00f5es sobre Crimes Contra o Patrim\u00f4nio do Departamento Estadual de Investiga\u00e7\u00f5es Criminais (1\u00aa Disccpat\/Deic). Na quarta-feira (10), uma testemunha reconheceu o suspeito como autor dos disparos.<\/p>\n<p class=\"wp-block-paragraph\">Na \u00e9poca do latroc\u00ednio, a v\u00edtima foi morta ap\u00f3s ser abordada por assaltantes em uma moto durante uma tentativa de roubo. Segundo as investiga\u00e7\u00f5es, o adolescente caminhava acompanhado de um primo quando ambos foram abordados pelos assaltantes em uma moto. Os criminosos anunciaram o assalto e exigiram os celulares das v\u00edtimas. Durante a a\u00e7\u00e3o, o adolescente se assustou e deixou o aparelho cair. Nesse momento, ele foi atingido por disparos efetuados por um dos assaltantes.<\/p>\n<p class=\"wp-block-paragraph\">Conforme a Pol\u00edcia Civil, o criminoso identificado est\u00e1 preso preventivamente por outro crime, cometido em outubro do ano passado, no Itaim Paulista. Pelo menos sete pessoas tiveram objetos roubados pelo homem, que foi detido com uma mochila com nove celulares e uma arma de fogo.<\/p>\n<h3 class=\"wp-block-heading\">S\u00e3o Paulo reduz latroc\u00ednios no quadrimestre<\/h3>\n<p class=\"wp-block-paragraph\">A cidade de S\u00e3o Paulo <a href=\"https:\/\/www.agenciasp.sp.gov.br\/estado-de-sao-paulo-bate-recordes-minimos-em-homicidios-latrocinios-e-roubos-no-primeiro-quadrimestre-de-2026\/\" data-type=\"link\" data-id=\"https:\/\/www.agenciasp.sp.gov.br\/estado-de-sao-paulo-bate-recordes-minimos-em-homicidios-latrocinios-e-roubos-no-primeiro-quadrimestre-de-2026\/\" rel=\"noopener\">registrou queda nos casos de latroc\u00ednios no primeiro quadrimestre deste ano<\/a>. Os dados de roubos seguidos de morte atingiram o menor patamar da s\u00e9rie hist\u00f3rica para o per\u00edodo.<\/p>\n<p class=\"wp-block-paragraph\">Entre janeiro e abril, os latroc\u00ednios ca\u00edram de 16 para 10 ocorr\u00eancias na compara\u00e7\u00e3o com o mesmo per\u00edodo do ano passado. O resultado representa o menor n\u00famero da s\u00e9rie hist\u00f3rica, iniciada em 2001. Em 2022, por exemplo, haviam sido registrados 21 casos no mesmo intervalo. A queda acumulada tamb\u00e9m marca o terceiro ano consecutivo de retra\u00e7\u00e3o desse tipo de crime no per\u00edodo entre janeiro e abril.<\/p>\n<p class=\"wp-block-paragraph\">Apesar da redu\u00e7\u00e3o no quadrimestre, somente em abril foram registrados quatro casos, um a mais do que no mesmo m\u00eas do ano passado. Ainda assim, os resultados de janeiro, fevereiro e mar\u00e7o mantiveram o indicador no menor n\u00edvel hist\u00f3rico para os quatro primeiros meses do ano.<\/p>\n<p class=\"wp-block-paragraph\">Nas \u00e1reas atendidas pela 5\u00aa e 7\u00aa Delegacias Seccionais, respons\u00e1veis por bairros da Zona Leste da capital, como Tatuap\u00e9, Vila Carr\u00e3o, Bel\u00e9m, Itaquera, S\u00e3o Miguel Paulista e Ermelino Matarazzo, n\u00e3o houve registros de latroc\u00ednio nos quatro primeiros meses do ano.<\/p>\n<p class=\"wp-block-paragraph\">Al\u00e9m da redu\u00e7\u00e3o nos \u00edndices criminais, entre janeiro e abril, as for\u00e7as de seguran\u00e7a retiraram das ruas 951 armas de fogo na capital, incluindo 5 fuzis de uso restrito e alto poder de destrui\u00e7\u00e3o.<\/p>\n<\/p><\/div>\n<p><br \/>\n<br \/><a href=\"https:\/\/www.agenciasp.sp.gov.br\/policia-de-sp-identifica-autor-de-latrocinio-de-adolescente-na-zona-leste-de-sp\/\" rel=\"noopener\">Informa\u00e7\u00f5es GOV.SP<\/a><\/p>\n","protected":false},"excerpt":{"rendered":"<p>A Pol\u00edcia Civil identificou o autor de um latroc\u00ednio que aconteceu em maio de 2025, no Itaim Paulista, na zona leste da capital paulista. O criminoso de 19 anos foi reconhecido com aux\u00edlio de uma testemunha. As investiga\u00e7\u00f5es foram conduzidas pela 1\u00aa Delegacia da Divis\u00e3o de Investiga\u00e7\u00f5es sobre Crimes Contra o Patrim\u00f4nio do Departamento Estadual [&hellip;]<\/p>\n","protected":false},"author":1,"featured_media":68715,"comment_status":"","ping_status":"open","sticky":false,"template":"","format":"standard","meta":{"_jetpack_newsletter_access":"","_jetpack_dont_email_post_to_subs":false,"_jetpack_newsletter_tier_id":0,"_jetpack_memberships_contains_paywalled_content":false,"_mbp_banners":[],"_jetpack_feature_clip_id":0,"_jetpack_memberships_contains_paid_content":false,"footnotes":"","jetpack_publicize_message":"","jetpack_publicize_feature_enabled":true,"jetpack_social_post_already_shared":true,"jetpack_social_options":{"image_generator_settings":{"template":"highway","default_image_id":0,"font":"","enabled":false},"version":2},"jetpack_post_was_ever_published":false},"categories":[21],"tags":[],"class_list":["post-68714","post","type-post","status-publish","format-standard","has-post-thumbnail","category-sp-news"],"jetpack_publicize_connections":[],"jetpack-related-posts":[],"jetpack_shortlink":"https:\/\/wp.me\/p7Eq1F-hSi","jetpack_sharing_enabled":true,"jetpack_featured_media_url":"https:\/\/i0.wp.com\/guialimeira.com.br\/news\/wp-content\/uploads\/2026\/06\/Policia-de-SP-identifica-autor-de-latrocinio-de-adolescente-na.jpeg?fit=1482%2C1061&ssl=1","_links":{"self":[{"href":"https:\/\/guialimeira.com.br\/news\/wp-json\/wp\/v2\/posts\/68714","targetHints":{"allow":["GET"]}}],"collection":[{"href":"https:\/\/guialimeira.com.br\/news\/wp-json\/wp\/v2\/posts"}],"about":[{"href":"https:\/\/guialimeira.com.br\/news\/wp-json\/wp\/v2\/types\/post"}],"author":[{"embeddable":true,"href":"https:\/\/guialimeira.com.br\/news\/wp-json\/wp\/v2\/users\/1"}],"replies":[{"embeddable":true,"href":"https:\/\/guialimeira.com.br\/news\/wp-json\/wp\/v2\/comments?post=68714"}],"version-history":[{"count":0,"href":"https:\/\/guialimeira.com.br\/news\/wp-json\/wp\/v2\/posts\/68714\/revisions"}],"wp:featuredmedia":[{"embeddable":true,"href":"https:\/\/guialimeira.com.br\/news\/wp-json\/wp\/v2\/media\/68715"}],"wp:attachment":[{"href":"https:\/\/guialimeira.com.br\/news\/wp-json\/wp\/v2\/media?parent=68714"}],"wp:term":[{"taxonomy":"category","embeddable":true,"href":"https:\/\/guialimeira.com.br\/news\/wp-json\/wp\/v2\/categories?post=68714"},{"taxonomy":"post_tag","embeddable":true,"href":"https:\/\/guialimeira.com.br\/news\/wp-json\/wp\/v2\/tags?post=68714"}],"curies":[{"name":"wp","href":"https:\/\/api.w.org\/{rel}","templated":true}]}}