{"id":68713,"date":"2026-06-11T18:00:52","date_gmt":"2026-06-11T21:00:52","guid":{"rendered":"https:\/\/guialimeira.com.br\/audiencia-publica-e-diligencia-sao-agendadas-pela-comissao-de-meio-ambiente\/"},"modified":"2026-06-11T18:00:52","modified_gmt":"2026-06-11T21:00:52","slug":"audiencia-publica-e-diligencia-sao-agendadas-pela-comissao-de-meio-ambiente","status":"publish","type":"post","link":"https:\/\/guialimeira.com.br\/news\/audiencia-publica-e-diligencia-sao-agendadas-pela-comissao-de-meio-ambiente\/","title":{"rendered":"Audi\u00eancia p\u00fablica e dilig\u00eancia s\u00e3o agendadas pela Comiss\u00e3o de Meio Ambiente"},"content":{"rendered":"<p>Audi\u00eancia p\u00fablica e dilig\u00eancia s\u00e3o agendadas pela Comiss\u00e3o de Meio Ambiente<\/p>\n<p>A secret\u00e1ria de Prote\u00e7\u00e3o Animal, Juliana Kopczynski, participou da reuni\u00e3o da Comiss\u00e3o de Meio Ambiente da C\u00e2mara Municipal que ocorreu nesta quinta-feira, 11 de junho. Durante o encontro, a secret\u00e1ria sugeriu a realiza\u00e7\u00e3o de uma audi\u00eancia p\u00fablica para falar sobre os pitbulls e a alta demanda de animais soltos no Munic\u00edpio. O colegiado tamb\u00e9m programou uma dilig\u00eancia no bairro Geada para verificar a ocupa\u00e7\u00e3o de \u00e1reas verdes e \u00e1reas p\u00fablicas para cria\u00e7\u00e3o de animais de grande porte.<\/p>\n<p>O colegiado \u00e9 composto por Felipe Penedo (PL), presidente; Tatiane Lopes (Avante), vice-presidente; e Helder do T\u00e1xi (PSD), secret\u00e1rio. As delibera\u00e7\u00f5es feitas durante o debate constam em ata.<\/p>\n<p>Audi\u00eancia p\u00fablica<\/p>\n<p>Juliana Kopczynski levou aos vereadores uma demanda sobre os pit bulls espalhados em Limeira e reclama\u00e7\u00f5es de animais soltos pelas ruas, especialmente nos bairros Od\u00e9cio Degan, Lagoa Nova, Ernesto Kuhl e Aeroporto. A secret\u00e1ria afirmou que a maior parte dos c\u00e3es s\u00e3o inofensivos, por\u00e9m, por conta do hist\u00f3rico da ra\u00e7a, s\u00e3o estigmatizados.<\/p>\n<p>O presidente da comiss\u00e3o, vereador Felipe Penedo, destacou que \u00e9 preciso criar uma pol\u00edtica p\u00fablica para desmistificar a imagem dos pit bulls e ra\u00e7as derivadas, al\u00e9m de criar uma comunica\u00e7\u00e3o mais r\u00edgida entre o Poder P\u00fablico e os mun\u00edcipes para buscar solu\u00e7\u00f5es e tomar atitudes corretas sobre os casos.<\/p>\n<p>O colegiado sugeriu que a audi\u00eancia seja realizada no final do m\u00eas de agosto.<\/p>\n<p>Ocupa\u00e7\u00f5es de animais<\/p>\n<p>Diante de in\u00fameras den\u00fancias relacionadas aos animais de grande porte nas \u00e1reas verdes e \u00e1reas p\u00fablicas no bairro Geada, a comiss\u00e3o agendou uma vistoria para o dia 26 de junho; e convidou as secretarias de Prote\u00e7\u00e3o Animal, Meio Ambiente, Urbanismo e de Promo\u00e7\u00e3o Social (Seprosom), com o objetivo de fiscalizar as \u00e1reas ocupadas pelos criadores destes animais.<\/p>\n<p>Juliana ressaltou que recebe in\u00fameras den\u00fancias sobre a quantidade de animais localizados no Geada e disse que, quando vai ao bairro para fiscalizar, os tutores escondem os animais para n\u00e3o serem autuados por poss\u00edveis irregularidades. \u201cEstou disposta a resolver se eles quiserem microchipar e identificar esses animais para regularizar toda essa situa\u00e7\u00e3o, mas quando n\u00f3s tentamos, encontramos resist\u00eancia\u201d, expressou.<\/p>\n<hr>\n<p><em>Fonte: <a href=\"https:\/\/www.limeira.sp.leg.br\/noticias\/view\/2026-06-11_audiencia-publica-e-diligencia-sao-agendadas-pela-comissao-de-meio-ambiente\" target=\"_blank\" rel=\"noopener\">C\u00e2mara Municipal de Limeira<\/a><\/em><\/p>\n","protected":false},"excerpt":{"rendered":"<p>Audi\u00eancia p\u00fablica e dilig\u00eancia s\u00e3o agendadas pela Comiss\u00e3o de Meio Ambiente<\/p>\n<p>A secret\u00e1ria de Prote\u00e7\u00e3o Animal, Juliana Kopczynski, participou da reuni\u00e3o da Comiss\u00e3o de Meio Ambiente da C\u00e2mara Municipal que ocorreu nesta quinta-feira, 11 de junho. Durante o encontro, a secret\u00e1ria sugeriu a realiza\u00e7\u00e3o <\/p>\n","protected":false},"author":4,"featured_media":68712,"comment_status":"","ping_status":"open","sticky":false,"template":"","format":"standard","meta":{"_jetpack_newsletter_access":"","_jetpack_dont_email_post_to_subs":false,"_jetpack_newsletter_tier_id":0,"_jetpack_memberships_contains_paywalled_content":false,"_mbp_banners":[],"_jetpack_feature_clip_id":0,"_jetpack_memberships_contains_paid_content":false,"footnotes":"","jetpack_publicize_message":"","jetpack_publicize_feature_enabled":true,"jetpack_social_post_already_shared":true,"jetpack_social_options":{"image_generator_settings":{"template":"highway","default_image_id":0,"font":"","enabled":false},"version":2},"jetpack_post_was_ever_published":false},"categories":[19],"tags":[],"class_list":["post-68713","post","type-post","status-publish","format-standard","has-post-thumbnail","category-politica"],"jetpack_publicize_connections":[],"jetpack-related-posts":[],"jetpack_shortlink":"https:\/\/wp.me\/p7Eq1F-hSh","jetpack_sharing_enabled":true,"jetpack_featured_media_url":"https:\/\/i0.wp.com\/guialimeira.com.br\/news\/wp-content\/uploads\/2026\/06\/noticia-camara-48.jpg?fit=1280%2C640&ssl=1","_links":{"self":[{"href":"https:\/\/guialimeira.com.br\/news\/wp-json\/wp\/v2\/posts\/68713","targetHints":{"allow":["GET"]}}],"collection":[{"href":"https:\/\/guialimeira.com.br\/news\/wp-json\/wp\/v2\/posts"}],"about":[{"href":"https:\/\/guialimeira.com.br\/news\/wp-json\/wp\/v2\/types\/post"}],"author":[{"embeddable":true,"href":"https:\/\/guialimeira.com.br\/news\/wp-json\/wp\/v2\/users\/4"}],"replies":[{"embeddable":true,"href":"https:\/\/guialimeira.com.br\/news\/wp-json\/wp\/v2\/comments?post=68713"}],"version-history":[{"count":0,"href":"https:\/\/guialimeira.com.br\/news\/wp-json\/wp\/v2\/posts\/68713\/revisions"}],"wp:featuredmedia":[{"embeddable":true,"href":"https:\/\/guialimeira.com.br\/news\/wp-json\/wp\/v2\/media\/68712"}],"wp:attachment":[{"href":"https:\/\/guialimeira.com.br\/news\/wp-json\/wp\/v2\/media?parent=68713"}],"wp:term":[{"taxonomy":"category","embeddable":true,"href":"https:\/\/guialimeira.com.br\/news\/wp-json\/wp\/v2\/categories?post=68713"},{"taxonomy":"post_tag","embeddable":true,"href":"https:\/\/guialimeira.com.br\/news\/wp-json\/wp\/v2\/tags?post=68713"}],"curies":[{"name":"wp","href":"https:\/\/api.w.org\/{rel}","templated":true}]}}