{"id":68710,"date":"2026-06-11T17:37:13","date_gmt":"2026-06-11T20:37:13","guid":{"rendered":"https:\/\/guialimeira.com.br\/prefeitura-inaugura-servico-de-avaliacao-da-memoria-para-idosos-em-limeira-saiba-como-conseguir-o-agendamento\/"},"modified":"2026-06-11T17:37:13","modified_gmt":"2026-06-11T20:37:13","slug":"prefeitura-inaugura-servico-de-avaliacao-da-memoria-para-idosos-em-limeira-saiba-como-conseguir-o-agendamento","status":"publish","type":"post","link":"https:\/\/guialimeira.com.br\/news\/prefeitura-inaugura-servico-de-avaliacao-da-memoria-para-idosos-em-limeira-saiba-como-conseguir-o-agendamento\/","title":{"rendered":"Prefeitura inaugura servi\u00e7o de avalia\u00e7\u00e3o da mem\u00f3ria para idosos em Limeira; saiba como conseguir o agendamento"},"content":{"rendered":"<p> <br \/>\n<\/p>\n<div id=\"\">&#13;<br \/>\n                    &#13;<br \/>\n&#13;<br \/>\n&#13;<br \/>\n&#13;<br \/>\n&#13;<br \/>\n&#13;<br \/>\n    <img data-recalc-dims=\"1\" decoding=\"async\" src=\"https:\/\/i0.wp.com\/ecrie.com.br\/sistema\/conteudos\/imagem\/m_137_0_1_11062026173318.jpeg?w=696&#038;ssl=1\" alt=\"Prefeitura inaugura servi\u00e7o de avalia\u00e7\u00e3o da mem\u00f3ria para idosos em Limeira; saiba como conseguir o agendamento\"\/>&#13;<br \/>\n&#13;<br \/>\n&#13;<\/p>\n<p>A Prefeitura de Limeira inaugurou nesta quinta-feira (11) um novo servi\u00e7o voltado \u00e0 promo\u00e7\u00e3o da sa\u00fade e da qualidade de vida da popula\u00e7\u00e3o idosa. O espa\u00e7o, denominado \u201cTeste de Mem\u00f3ria\u201d, funciona na Unidade B\u00e1sica de Sa\u00fade (UBS) do bairro Geada e oferecer\u00e1 avalia\u00e7\u00e3o cognitiva e oficinas de mem\u00f3ria, fortalecendo as a\u00e7\u00f5es de preven\u00e7\u00e3o e envelhecimento saud\u00e1vel.<\/p>\n<p>&#13;<\/p>\n<p>O lan\u00e7amento foi realizado pelo prefeito Murilo F\u00e9lix e contou com a presen\u00e7a do secret\u00e1rio de Sa\u00fade, Alexandre Ferrari, dos vereadores Marcelo Rossi, Estev\u00e3o Nogueira e Guilherme Guido, al\u00e9m de servidores da rede municipal de sa\u00fade e integrantes de grupos da terceira idade.<\/p>\n<p>&#13;<\/p>\n<p>O prefeito Murilo F\u00e9lix afirmou que a preven\u00e7\u00e3o \u00e9 o principal diferencial da iniciativa. \u201cN\u00e3o h\u00e1 melhor forma de investir na sa\u00fade dos idosos do que pela preven\u00e7\u00e3o. Queremos proporcionar mais qualidade de vida e garantir que as pessoas possam viver a terceira idade com dignidade. Esta \u00e9 uma gest\u00e3o que busca inovar e oferecer servi\u00e7os cada vez mais eficientes para a popula\u00e7\u00e3o\u201d, afirmou.<\/p>\n<p>&#13;<\/p>\n<p>Os testes de rastreio cognitivo ser\u00e3o realizados individualmente por uma geront\u00f3loga contratada pela Prefeitura. Segundo a profissional respons\u00e1vel pelo servi\u00e7o, Camila de Castro Trafani, a avalia\u00e7\u00e3o permite identificar precocemente poss\u00edveis altera\u00e7\u00f5es cognitivas e direcionar os pacientes para os cuidados necess\u00e1rios. \u201cO teste funciona como um instrumento de rastreamento, auxiliando na identifica\u00e7\u00e3o de sinais que merecem investiga\u00e7\u00e3o mais aprofundada e acompanhamento adequado\u201d, explicou.<\/p>\n<p>&#13;<\/p>\n<p>O secret\u00e1rio de Sa\u00fade, Alexandre Ferrari, ressaltou que a implanta\u00e7\u00e3o do espa\u00e7o representa mais um avan\u00e7o na rede municipal. \u201cOs idosos ter\u00e3o um atendimento acolhedor e especializado. Essa entrega demonstra nosso compromisso com a melhoria cont\u00ednua dos servi\u00e7os de sa\u00fade oferecidos \u00e0 popula\u00e7\u00e3o\u201d, disse.<\/p>\n<p>&#13;<\/p>\n<p>Oficinas de Mem\u00f3ria<br \/>Al\u00e9m das avalia\u00e7\u00f5es, o espa\u00e7o oferecer\u00e1 oficinas de mem\u00f3ria voltadas ao fortalecimento das fun\u00e7\u00f5es cognitivas e \u00e0 promo\u00e7\u00e3o do envelhecimento saud\u00e1vel. As atividades ter\u00e3o in\u00edcio na pr\u00f3xima semana e ocorrer\u00e3o todas as quartas-feiras, \u00e0s 13h e \u00e0s 15h, na UBS do Geada. Diferentemente dos testes, a participa\u00e7\u00e3o nas oficinas n\u00e3o exige encaminhamento m\u00e9dico e ocorrer\u00e1 por demanda espont\u00e2nea.<\/p>\n<p>&#13;<\/p>\n<p>Presente ao lan\u00e7amento, Mairi Gon\u00e7alves, de 81 anos, que frequenta o Grupo da Terceira Idade Vivendo a Vida, da regi\u00e3o central, foi at\u00e9 o bairro Geada acompanhar o lan\u00e7amento da iniciativa. \u201c\u00c9 uma projeto maravilhoso, tenho certeza de que ele ir\u00e1 melhorar muito a vida das pessoas mais idosas\u201d, afirmou.<\/p>\n<p>&#13;<\/p>\n<p>Autor da Lei Municipal n\u00ba 5.833\/2017, conhecida como Lei do Alzheimer, o vereador Marcelo Rossi lembrou que o projeto nasceu da preocupa\u00e7\u00e3o com o envelhecimento da popula\u00e7\u00e3o e a necessidade de identificar precocemente altera\u00e7\u00f5es cognitivas. Segundo ele, os testes tamb\u00e9m podem auxiliar na investiga\u00e7\u00e3o de condi\u00e7\u00f5es como depress\u00e3o, ansiedade, ins\u00f4nia e estresse. Rossi classificou o projeto como pioneiro no \u00e2mbito do Sistema \u00danico de Sa\u00fade (SUS).<\/p>\n<p>&#13;<\/p>\n<p><strong>Encaminhamento<\/strong><br \/>Para realizar o teste cognitivo, o idoso deve procurar a Unidade B\u00e1sica de Sa\u00fade mais pr\u00f3xima de sua resid\u00eancia e agendar uma consulta com o cl\u00ednico geral. Havendo indica\u00e7\u00e3o, o paciente ser\u00e1 encaminhado para avalia\u00e7\u00e3o na UBS do Geada, localizada na Rua Ad\u00e3o Francisco Dias, 140.<\/p>\n<p>&#13;<br \/>\n&#13;<br \/>\n    &#13;<br \/>\n    &#13;<br \/>\n&#13;<br \/>\n&#13;<\/p>\n<article class=\"conteudo-relacionado no-print\">&#13;<br \/>\n        &#13;<br \/>\n&#13;<br \/>\n        &#13;<br \/>\n    <\/article>\n<p>&#13;<br \/>\n&#13;\n                <\/p><\/div>\n<p><br \/>\n<br \/><a href=\"https:\/\/limeira.sp.gov.br\/prefeitura-inaugura-servico-de-avaliacao-da-memoria-para-idosos-em-limeira-saiba-como-conseguir-o-agendamento\" rel=\"noopener\">Informa\u00e7\u00f5es da PML <\/a><\/p>\n","protected":false},"excerpt":{"rendered":"<p>&#13; &#13; &#13; &#13; &#13; &#13; &#13; &#13; &#13; &#13; A Prefeitura de Limeira inaugurou nesta quinta-feira (11) um novo servi\u00e7o voltado \u00e0 promo\u00e7\u00e3o da sa\u00fade e da qualidade de vida da popula\u00e7\u00e3o idosa. O espa\u00e7o, denominado \u201cTeste de Mem\u00f3ria\u201d, funciona na Unidade B\u00e1sica de Sa\u00fade (UBS) do bairro Geada e oferecer\u00e1 avalia\u00e7\u00e3o cognitiva e [&hellip;]<\/p>\n","protected":false},"author":1,"featured_media":68711,"comment_status":"","ping_status":"open","sticky":false,"template":"","format":"standard","meta":{"_jetpack_newsletter_access":"","_jetpack_dont_email_post_to_subs":false,"_jetpack_newsletter_tier_id":0,"_jetpack_memberships_contains_paywalled_content":false,"_mbp_banners":[],"_jetpack_feature_clip_id":0,"_jetpack_memberships_contains_paid_content":false,"footnotes":"","jetpack_publicize_message":"","jetpack_publicize_feature_enabled":true,"jetpack_social_post_already_shared":true,"jetpack_social_options":{"image_generator_settings":{"template":"highway","default_image_id":0,"font":"","enabled":false},"version":2},"jetpack_post_was_ever_published":false},"categories":[16],"tags":[],"class_list":["post-68710","post","type-post","status-publish","format-standard","has-post-thumbnail","category-local"],"jetpack_publicize_connections":[],"jetpack-related-posts":[],"jetpack_shortlink":"https:\/\/wp.me\/p7Eq1F-hSe","jetpack_sharing_enabled":true,"jetpack_featured_media_url":"https:\/\/i0.wp.com\/guialimeira.com.br\/news\/wp-content\/uploads\/2026\/06\/m_137_0_1_11062026173318.jpeg?fit=1024%2C682&ssl=1","_links":{"self":[{"href":"https:\/\/guialimeira.com.br\/news\/wp-json\/wp\/v2\/posts\/68710","targetHints":{"allow":["GET"]}}],"collection":[{"href":"https:\/\/guialimeira.com.br\/news\/wp-json\/wp\/v2\/posts"}],"about":[{"href":"https:\/\/guialimeira.com.br\/news\/wp-json\/wp\/v2\/types\/post"}],"author":[{"embeddable":true,"href":"https:\/\/guialimeira.com.br\/news\/wp-json\/wp\/v2\/users\/1"}],"replies":[{"embeddable":true,"href":"https:\/\/guialimeira.com.br\/news\/wp-json\/wp\/v2\/comments?post=68710"}],"version-history":[{"count":0,"href":"https:\/\/guialimeira.com.br\/news\/wp-json\/wp\/v2\/posts\/68710\/revisions"}],"wp:featuredmedia":[{"embeddable":true,"href":"https:\/\/guialimeira.com.br\/news\/wp-json\/wp\/v2\/media\/68711"}],"wp:attachment":[{"href":"https:\/\/guialimeira.com.br\/news\/wp-json\/wp\/v2\/media?parent=68710"}],"wp:term":[{"taxonomy":"category","embeddable":true,"href":"https:\/\/guialimeira.com.br\/news\/wp-json\/wp\/v2\/categories?post=68710"},{"taxonomy":"post_tag","embeddable":true,"href":"https:\/\/guialimeira.com.br\/news\/wp-json\/wp\/v2\/tags?post=68710"}],"curies":[{"name":"wp","href":"https:\/\/api.w.org\/{rel}","templated":true}]}}