{"id":68705,"date":"2026-06-11T17:00:08","date_gmt":"2026-06-11T20:00:08","guid":{"rendered":"https:\/\/guialimeira.com.br\/caravana-3d-governo-de-sp-autoriza-quase-r-77-milhoes-para-infraestrutura-na-regiao-central\/"},"modified":"2026-06-11T17:00:08","modified_gmt":"2026-06-11T20:00:08","slug":"caravana-3d-governo-de-sp-autoriza-quase-r-77-milhoes-para-infraestrutura-na-regiao-central","status":"publish","type":"post","link":"https:\/\/guialimeira.com.br\/news\/caravana-3d-governo-de-sp-autoriza-quase-r-77-milhoes-para-infraestrutura-na-regiao-central\/","title":{"rendered":"Caravana 3D: Governo de SP autoriza quase R$ 77 milh\u00f5es para infraestrutura na regi\u00e3o Central"},"content":{"rendered":"<p> <br \/>\n<br \/><img data-recalc-dims=\"1\" decoding=\"async\" src=\"https:\/\/i0.wp.com\/www.agenciasp.sp.gov.br\/wp-content\/uploads\/2026\/06\/obras-washington-luis.png?w=696&#038;ssl=1\" \/><\/p>\n<div>\n<p class=\"wp-block-paragraph\">As cidades da regi\u00e3o Central do estado, nas quais vivem mais de 1,1 milh\u00e3o de pessoas, ser\u00e3o beneficiadas com investimento de R$ 76,9 milh\u00f5es que o Governo de S\u00e3o Paulo far\u00e1 por meio de 28 novos conv\u00eanios. As novas parcerias foram anunciadas na quarta-feira (10), durante a Caravana 3D, em S\u00e3o Carlos.<\/p>\n<p class=\"wp-block-paragraph\"><strong>LEIA TAMB\u00c9M: <a href=\"https:\/\/www.agenciasp.sp.gov.br\/caravana-3d-governo-de-sp-amplia-mobilidade-e-seguranca-na-regiao-central-com-modernizacao-de-rodovias\/\" rel=\"noopener\">Caravana 3D: Governo de SP amplia mobilidade e seguran\u00e7a na regi\u00e3o Central com moderniza\u00e7\u00e3o de rodovias<\/a><\/strong><\/p>\n<h3 class=\"wp-block-heading\">Munic\u00edpios beneficiados <\/h3>\n<ul class=\"wp-block-list\">\n<li>Am\u00e9rico Brasiliense;<\/li>\n<li>Araraquara;<\/li>\n<li>Boa Esperan\u00e7a do Sul;<\/li>\n<li>Borborema;<\/li>\n<li>C\u00e2ndido Rodrigues;<\/li>\n<li>Descalvado;<\/li>\n<li>Dobrada;<\/li>\n<li>Dourado;<\/li>\n<li>Fernando Prestes; <\/li>\n<li>Gavi\u00e3o Peixoto; <\/li>\n<li>Ibat\u00e9; <\/li>\n<li>Ibitinga; <\/li>\n<li>It\u00e1polis; <\/li>\n<li>Mat\u00e3o;<\/li>\n<li>Motuca;<\/li>\n<li>Nova Europa; <\/li>\n<li>Porto Ferreira; <\/li>\n<li>Ribeir\u00e3o Bonito;<\/li>\n<li>Rinc\u00e3o; <\/li>\n<li>Santa Ernestina; <\/li>\n<li>Santa L\u00facia; <\/li>\n<li>Santa Rita do Passa Quatro; <\/li>\n<li>Tabatinga; <\/li>\n<li>Taquaritinga;<\/li>\n<li>Trabij\u00fa.<\/li>\n<\/ul>\n<p class=\"wp-block-paragraph\">Os recursos ser\u00e3o aplicados em infraestrutura urbana \u2013 drenagem, ilumina\u00e7\u00e3o p\u00fablica, pavimenta\u00e7\u00e3o e recapeamento asf\u00e1ltico \u2013, reforma de parque linear, centro de lazer e de escola, al\u00e9m da constru\u00e7\u00e3o de pr\u00e9dios para creche, unidade de sa\u00fade e aquisi\u00e7\u00e3o de m\u00e1quinas e equipamentos.<\/p>\n<p class=\"wp-block-paragraph\"><strong>LEIA TAMB\u00c9M:<a href=\"https:\/\/www.agenciasp.sp.gov.br\/caravana-3d-governo-de-sp-leva-r-749-milhoes-em-mobilidade-saude-e-infraestrutura-urbana-a-regiao-central\/\" data-type=\"link\" data-id=\"https:\/\/www.agenciasp.sp.gov.br\/caravana-3d-governo-de-sp-leva-r-749-milhoes-em-mobilidade-saude-e-infraestrutura-urbana-a-regiao-central\/\" rel=\"noopener\"> Caravana 3D: Governo de SP leva R$ 749 milh\u00f5es em mobilidade, sa\u00fade e infraestrutura urbana \u00e0 regi\u00e3o Central<\/a><\/strong><\/p>\n<p class=\"wp-block-paragraph\">Na atual gest\u00e3o j\u00e1 haviam sido assinados outros 79 conv\u00eanios com cidades da regi\u00e3o central, que preveem R$ 50 milh\u00f5es a serem aplicados at\u00e9 a conclus\u00e3o dos projetos. Entre 2023 e 2026, considerando parcerias firmadas na gest\u00e3o anterior, foram liberados R$ 117,5 milh\u00f5es.<\/p>\n<\/p><\/div>\n<p><br \/>\n<br \/><a href=\"https:\/\/www.agenciasp.sp.gov.br\/governo-de-sp-autoriza-quase-r-77-milhoes-para-infraestrutura-na-regiao-central\/\" rel=\"noopener\">Informa\u00e7\u00f5es GOV.SP<\/a><\/p>\n","protected":false},"excerpt":{"rendered":"<p>As cidades da regi\u00e3o Central do estado, nas quais vivem mais de 1,1 milh\u00e3o de pessoas, ser\u00e3o beneficiadas com investimento de R$ 76,9 milh\u00f5es que o Governo de S\u00e3o Paulo far\u00e1 por meio de 28 novos conv\u00eanios. As novas parcerias foram anunciadas na quarta-feira (10), durante a Caravana 3D, em S\u00e3o Carlos. LEIA TAMB\u00c9M: Caravana [&hellip;]<\/p>\n","protected":false},"author":1,"featured_media":68694,"comment_status":"","ping_status":"open","sticky":false,"template":"","format":"standard","meta":{"_jetpack_newsletter_access":"","_jetpack_dont_email_post_to_subs":false,"_jetpack_newsletter_tier_id":0,"_jetpack_memberships_contains_paywalled_content":false,"_mbp_banners":[],"_jetpack_feature_clip_id":0,"_jetpack_memberships_contains_paid_content":false,"footnotes":"","jetpack_publicize_message":"","jetpack_publicize_feature_enabled":true,"jetpack_social_post_already_shared":true,"jetpack_social_options":{"image_generator_settings":{"template":"highway","default_image_id":0,"font":"","enabled":false},"version":2},"jetpack_post_was_ever_published":false},"categories":[21],"tags":[],"class_list":["post-68705","post","type-post","status-publish","format-standard","has-post-thumbnail","category-sp-news"],"jetpack_publicize_connections":[],"jetpack-related-posts":[],"jetpack_shortlink":"https:\/\/wp.me\/p7Eq1F-hS9","jetpack_sharing_enabled":true,"jetpack_featured_media_url":"https:\/\/i0.wp.com\/guialimeira.com.br\/news\/wp-content\/uploads\/2026\/06\/Caravana-3D-Governo-de-SP-amplia-mobilidade-e-seguranca-na.png?fit=1384%2C788&ssl=1","_links":{"self":[{"href":"https:\/\/guialimeira.com.br\/news\/wp-json\/wp\/v2\/posts\/68705","targetHints":{"allow":["GET"]}}],"collection":[{"href":"https:\/\/guialimeira.com.br\/news\/wp-json\/wp\/v2\/posts"}],"about":[{"href":"https:\/\/guialimeira.com.br\/news\/wp-json\/wp\/v2\/types\/post"}],"author":[{"embeddable":true,"href":"https:\/\/guialimeira.com.br\/news\/wp-json\/wp\/v2\/users\/1"}],"replies":[{"embeddable":true,"href":"https:\/\/guialimeira.com.br\/news\/wp-json\/wp\/v2\/comments?post=68705"}],"version-history":[{"count":0,"href":"https:\/\/guialimeira.com.br\/news\/wp-json\/wp\/v2\/posts\/68705\/revisions"}],"wp:featuredmedia":[{"embeddable":true,"href":"https:\/\/guialimeira.com.br\/news\/wp-json\/wp\/v2\/media\/68694"}],"wp:attachment":[{"href":"https:\/\/guialimeira.com.br\/news\/wp-json\/wp\/v2\/media?parent=68705"}],"wp:term":[{"taxonomy":"category","embeddable":true,"href":"https:\/\/guialimeira.com.br\/news\/wp-json\/wp\/v2\/categories?post=68705"},{"taxonomy":"post_tag","embeddable":true,"href":"https:\/\/guialimeira.com.br\/news\/wp-json\/wp\/v2\/tags?post=68705"}],"curies":[{"name":"wp","href":"https:\/\/api.w.org\/{rel}","templated":true}]}}