{"id":68693,"date":"2026-06-11T14:58:20","date_gmt":"2026-06-11T17:58:20","guid":{"rendered":"https:\/\/guialimeira.com.br\/caravana-3d-governo-de-sp-amplia-mobilidade-e-seguranca-na-regiao-central-com-modernizacao-de-rodovias\/"},"modified":"2026-06-11T14:58:20","modified_gmt":"2026-06-11T17:58:20","slug":"caravana-3d-governo-de-sp-amplia-mobilidade-e-seguranca-na-regiao-central-com-modernizacao-de-rodovias","status":"publish","type":"post","link":"https:\/\/guialimeira.com.br\/news\/caravana-3d-governo-de-sp-amplia-mobilidade-e-seguranca-na-regiao-central-com-modernizacao-de-rodovias\/","title":{"rendered":"Caravana 3D: Governo de SP amplia mobilidade e seguran\u00e7a na regi\u00e3o Central com moderniza\u00e7\u00e3o de rodovias"},"content":{"rendered":"<p> <br \/>\n<br \/><img data-recalc-dims=\"1\" decoding=\"async\" src=\"https:\/\/i0.wp.com\/www.agenciasp.sp.gov.br\/wp-content\/uploads\/2026\/06\/obras-washington-luis.png?w=696&#038;ssl=1\" \/><\/p>\n<div>\n<p class=\"wp-block-paragraph\">O Governo de S\u00e3o Paulo entregou nesta quinta-feira (11), em S\u00e3o Carlos, durante a Caravana 3D \u2013 Desenvolvimento, Dignidade e Di\u00e1logo, dois importantes avan\u00e7os na infraestrutura rodovi\u00e1ria da regi\u00e3o Central do estado: foram inauguradas parte das obras de amplia\u00e7\u00e3o da capacidade da Rodovia Washington Lu\u00eds (SP-310) e a duplica\u00e7\u00e3o da SP-318, no trecho entre Rinc\u00e3o e S\u00e3o Carlos. As interven\u00e7\u00f5es refor\u00e7am a seguran\u00e7a vi\u00e1ria, ampliam a fluidez do tr\u00e1fego e fortalecem a liga\u00e7\u00e3o regional em corredores estrat\u00e9gicos para o deslocamento de pessoas e o transporte de cargas.<\/p>\n<p class=\"wp-block-paragraph\">Na SP-310, em S\u00e3o Carlos, o governo inaugurou uma etapa relevante das obras de amplia\u00e7\u00e3o da capacidade da rodovia, com a entrega de 50% das terceiras faixas previstas e de quatro viadutos ampliados e refor\u00e7ados. Esta fase contempla 9,84 quil\u00f4metros de terceiras faixas em segmentos das pistas Norte e Sul, al\u00e9m do refor\u00e7o e alargamento dos viadutos nos kms 231-100, 231-100, 232-900 e 234. O empreendimento integra um pacote mais amplo de melhorias no munic\u00edpio, com investimento total de R$ 150 milh\u00f5es, incluindo ainda vias marginais, ciclovias, passarelas e refor\u00e7o de obras de arte especiais.<\/p>\n<p class=\"wp-block-paragraph\">\u201cEstamos entregando obras que melhoram a seguran\u00e7a vi\u00e1ria, reduzem o tempo de deslocamento e fortalecem a competitividade da nossa regi\u00e3o Central. A amplia\u00e7\u00e3o da capacidade da Washington Lu\u00eds e a duplica\u00e7\u00e3o da SP-318 representam investimentos que facilitam a vida de quem trabalha, produz e circula diariamente por essas rodovias\u201d, afirmou o governador Tarc\u00edsio de Freitas.<\/p>\n<p class=\"wp-block-paragraph\">J\u00e1 na SP-318, o evento marcou a entrega das obras de duplica\u00e7\u00e3o do trecho entre os kms 249 e 280, entre Rinc\u00e3o e S\u00e3o Carlos, uma interven\u00e7\u00e3o estrat\u00e9gica para a mobilidade regional. Com R$ 193 milh\u00f5es em investimentos, a duplica\u00e7\u00e3o beneficia diretamente os munic\u00edpios de S\u00e3o Carlos, Rinc\u00e3o, Am\u00e9rico Brasiliense e Santa L\u00facia. O projeto contempla a duplica\u00e7\u00e3o de 31 quil\u00f4metros da rodovia, com implanta\u00e7\u00e3o de duas faixas de rolamento de 3,60 metros cada, acostamento de 2,50 metros e oito dispositivos de retorno em desn\u00edvel. A obra que gerou 345 empregos diretos e 102 indiretos vai beneficiar mais de 304 mil habitantes.<\/p>\n<p class=\"wp-block-paragraph\">Em conjunto, as duas entregas mostram o avan\u00e7o de uma agenda de moderniza\u00e7\u00e3o vi\u00e1ria que combina obras em execu\u00e7\u00e3o, entregas e interven\u00e7\u00f5es estruturantes em eixos fundamentais da malha paulista. Em S\u00e3o Carlos, a SP-310 melhora a conviv\u00eancia entre o tr\u00e1fego local e o de longa dist\u00e2ncia, enquanto a SP-318 amplia a capacidade de uma liga\u00e7\u00e3o regional essencial, reduzindo o tempo de viagem e aumentando a seguran\u00e7a dos usu\u00e1rios.<\/p>\n<h2 class=\"wp-block-heading\">SP pra Toda Obra<\/h2>\n<p class=\"wp-block-paragraph\">As obras integram o programa SP pra Toda Obra, o maior programa de moderniza\u00e7\u00e3o e melhorias do sistema rodovi\u00e1rio da hist\u00f3ria do estado. O pacote re\u00fane R$ 145 bilh\u00f5es em investimentos em rodovias p\u00fablicas e concedidas, somando iniciativas do DER e das concession\u00e1rias, fiscalizadas pela Ag\u00eancia de Transporte do Estado de S\u00e3o Paulo (Artesp), com mais de 4.300 obras e extens\u00e3o de 62 mil quil\u00f4metros em todo o territ\u00f3rio paulista.<\/p>\n<h2 class=\"wp-block-heading\">Caravana 3D<\/h2>\n<p class=\"wp-block-paragraph\">A Caravana 3D \u00e9 uma iniciativa do Governo de S\u00e3o Paulo que percorre as regi\u00f5es do estado para levar pol\u00edticas p\u00fablicas com foco nos pilares de desenvolvimento, dignidade e di\u00e1logo. A proposta \u00e9 fortalecer a articula\u00e7\u00e3o com os munic\u00edpios por meio de entregas e investimentos alinhados \u00e0s necessidades locais e voltados \u00e0 melhoria da qualidade de vida da popula\u00e7\u00e3o.<\/p>\n<p class=\"wp-block-paragraph\">A a\u00e7\u00e3o j\u00e1 passou pelas regi\u00f5es de Barretos, Franca, Vale do Ribeira, Bauru, ABC, Alto Tiet\u00ea, Ribeir\u00e3o Preto, Campinas, Vale do Para\u00edba, S\u00e3o Jos\u00e9 do Rio Preto, Ara\u00e7atuba, Mar\u00edlia, Sorocaba, Presidente Prudente e Itapeva.<\/p>\n<\/p><\/div>\n<p><br \/>\n<br \/><a href=\"https:\/\/www.agenciasp.sp.gov.br\/caravana-3d-governo-de-sp-amplia-mobilidade-e-seguranca-na-regiao-central-com-modernizacao-de-rodovias\/\" rel=\"noopener\">Informa\u00e7\u00f5es GOV.SP<\/a><\/p>\n","protected":false},"excerpt":{"rendered":"<p>O Governo de S\u00e3o Paulo entregou nesta quinta-feira (11), em S\u00e3o Carlos, durante a Caravana 3D \u2013 Desenvolvimento, Dignidade e Di\u00e1logo, dois importantes avan\u00e7os na infraestrutura rodovi\u00e1ria da regi\u00e3o Central do estado: foram inauguradas parte das obras de amplia\u00e7\u00e3o da capacidade da Rodovia Washington Lu\u00eds (SP-310) e a duplica\u00e7\u00e3o da SP-318, no trecho entre Rinc\u00e3o [&hellip;]<\/p>\n","protected":false},"author":1,"featured_media":68694,"comment_status":"","ping_status":"open","sticky":false,"template":"","format":"standard","meta":{"_jetpack_newsletter_access":"","_jetpack_dont_email_post_to_subs":false,"_jetpack_newsletter_tier_id":0,"_jetpack_memberships_contains_paywalled_content":false,"_mbp_banners":[],"_jetpack_feature_clip_id":0,"_jetpack_memberships_contains_paid_content":false,"footnotes":"","jetpack_publicize_message":"","jetpack_publicize_feature_enabled":true,"jetpack_social_post_already_shared":true,"jetpack_social_options":{"image_generator_settings":{"template":"highway","default_image_id":0,"font":"","enabled":false},"version":2},"jetpack_post_was_ever_published":false},"categories":[21],"tags":[],"class_list":["post-68693","post","type-post","status-publish","format-standard","has-post-thumbnail","category-sp-news"],"jetpack_publicize_connections":[],"jetpack-related-posts":[],"jetpack_shortlink":"https:\/\/wp.me\/p7Eq1F-hRX","jetpack_sharing_enabled":true,"jetpack_featured_media_url":"https:\/\/i0.wp.com\/guialimeira.com.br\/news\/wp-content\/uploads\/2026\/06\/Caravana-3D-Governo-de-SP-amplia-mobilidade-e-seguranca-na.png?fit=1384%2C788&ssl=1","_links":{"self":[{"href":"https:\/\/guialimeira.com.br\/news\/wp-json\/wp\/v2\/posts\/68693","targetHints":{"allow":["GET"]}}],"collection":[{"href":"https:\/\/guialimeira.com.br\/news\/wp-json\/wp\/v2\/posts"}],"about":[{"href":"https:\/\/guialimeira.com.br\/news\/wp-json\/wp\/v2\/types\/post"}],"author":[{"embeddable":true,"href":"https:\/\/guialimeira.com.br\/news\/wp-json\/wp\/v2\/users\/1"}],"replies":[{"embeddable":true,"href":"https:\/\/guialimeira.com.br\/news\/wp-json\/wp\/v2\/comments?post=68693"}],"version-history":[{"count":0,"href":"https:\/\/guialimeira.com.br\/news\/wp-json\/wp\/v2\/posts\/68693\/revisions"}],"wp:featuredmedia":[{"embeddable":true,"href":"https:\/\/guialimeira.com.br\/news\/wp-json\/wp\/v2\/media\/68694"}],"wp:attachment":[{"href":"https:\/\/guialimeira.com.br\/news\/wp-json\/wp\/v2\/media?parent=68693"}],"wp:term":[{"taxonomy":"category","embeddable":true,"href":"https:\/\/guialimeira.com.br\/news\/wp-json\/wp\/v2\/categories?post=68693"},{"taxonomy":"post_tag","embeddable":true,"href":"https:\/\/guialimeira.com.br\/news\/wp-json\/wp\/v2\/tags?post=68693"}],"curies":[{"name":"wp","href":"https:\/\/api.w.org\/{rel}","templated":true}]}}