{"id":68692,"date":"2026-06-11T14:52:18","date_gmt":"2026-06-11T17:52:18","guid":{"rendered":"https:\/\/guialimeira.com.br\/prefeitura-de-limeira-promove-oficina-infantil-espantalhos-com-contacao-de-historias\/"},"modified":"2026-06-11T14:52:18","modified_gmt":"2026-06-11T17:52:18","slug":"prefeitura-de-limeira-promove-oficina-infantil-espantalhos-com-contacao-de-historias","status":"publish","type":"post","link":"https:\/\/guialimeira.com.br\/news\/prefeitura-de-limeira-promove-oficina-infantil-espantalhos-com-contacao-de-historias\/","title":{"rendered":"Prefeitura de Limeira promove oficina infantil \u201cEspantalhos\u201d com conta\u00e7\u00e3o de hist\u00f3rias"},"content":{"rendered":"<p> <br \/>\n<\/p>\n<div id=\"\">&#13;<br \/>\n                    &#13;<br \/>\n&#13;<br \/>\n&#13;<br \/>\n&#13;<\/p>\n<header class=\"list-header\">&#13;<br \/>\n    &#13;<br \/>\n&#13;<\/p>\n<nav class=\"breadcrumbs__container no-print\">&#13;<br \/>\n    <a class=\"breadcrumbs__item\" href=\"https:\/\/limeira.sp.gov.br\/\" rel=\"noopener\">In\u00edcio<\/a>&#13;<br \/>\n&#13;<br \/>\n&#13;<br \/>\n&#13;<br \/>\n<\/nav>\n<p>&#13;<br \/>\n&#13;<br \/>\n    &#13;<br \/>\n&#13;<\/p>\n<p class=\"page-description\">&#13;<br \/>\n            Atividade gratuita voltada a crian\u00e7as de 7 a 10 anos une criatividade art\u00edstica, tradi\u00e7\u00f5es juninas e incentivo \u00e0 cultura caipira.&#13;<br \/>\n&#13;<br \/>\n&#13;\n        <\/p>\n<p>&#13;<br \/>\n&#13;<br \/>\n    &#13;<br \/>\n<\/header>\n<p>&#13;<br \/>\n&#13;<br \/>\n    <img data-recalc-dims=\"1\" decoding=\"async\" src=\"https:\/\/i0.wp.com\/ecrie.com.br\/sistema\/conteudos\/imagem\/m_137_0_1_08012026102332.jpg?w=696&#038;ssl=1\" alt=\"Prefeitura de Limeira promove oficina infantil \u201cEspantalhos\u201d com conta\u00e7\u00e3o de hist\u00f3rias\"\/>&#13;<br \/>\n&#13;<br \/>\n&#13;<\/p>\n<p data-path-to-node=\"2\">A Prefeitura de Limeira realiza no dia 25 de junho, uma quinta-feira, a oficina tem\u00e1tica \u201cEspantalhos\u201d. Voltada para o p\u00fablico infantil, a atividade acontece \u00e0s 13h30 e promete embalar as crian\u00e7as no clima das tradicionais festas juninas por meio da arte e da imagina\u00e7\u00e3o.<\/p>\n<p>&#13;<\/p>\n<p data-path-to-node=\"3\">A proposta da oficina \u00e9 convidar os pequenos a mergulharem no universo da vida na ro\u00e7a. De forma l\u00fadica e art\u00edstica, os participantes ter\u00e3o a oportunidade de confeccionar seus pr\u00f3prios espantalhos. Para enriquecer a experi\u00eancia, o evento contar\u00e1 com a participa\u00e7\u00e3o especial da contadora de hist\u00f3rias Priscilla Celles, que trar\u00e1 narrativas repletas de encanto sobre o universo caipira, as aventuras do campo e as principais tradi\u00e7\u00f5es do per\u00edodo de S\u00e3o Jo\u00e3o.<\/p>\n<p>&#13;<\/p>\n<p data-path-to-node=\"4\">A atividade \u00e9 totalmente gratuita e direcionada a crian\u00e7as com idade entre 07 e 10 anos. Como a experi\u00eancia envolve a produ\u00e7\u00e3o pr\u00e1tica de materiais e um acompanhamento pedag\u00f3gico focado, as vagas s\u00e3o estritamente limitadas a 20 participantes.<\/p>\n<p>&#13;<\/p>\n<p data-path-to-node=\"6\"><strong data-path-to-node=\"6\" data-index-in-node=\"0\">Servi\u00e7o:<\/strong><strong data-path-to-node=\"6\" data-index-in-node=\"9\">Oficina Infantil \u201cEspantalhos\u201d (Com Priscilla Celles)<\/strong><\/p>\n<p>&#13;<\/p>\n<ul data-path-to-node=\"7\">&#13;<\/p>\n<li>&#13;\n<p data-path-to-node=\"7,0,0\"><strong data-path-to-node=\"7,0,0\" data-index-in-node=\"0\">Data:<\/strong> 25 de junho (quinta-feira)<\/p>\n<p>&#13;\n<\/li>\n<p>&#13;<\/p>\n<li>&#13;\n<p data-path-to-node=\"7,1,0\"><strong data-path-to-node=\"7,1,0\" data-index-in-node=\"0\">Hor\u00e1rio:<\/strong> 13h30<\/p>\n<p>&#13;\n<\/li>\n<p>&#13;<\/p>\n<li>&#13;\n<p data-path-to-node=\"7,2,0\"><strong data-path-to-node=\"7,2,0\" data-index-in-node=\"0\">Faixa Et\u00e1ria:<\/strong> 07 a 10 anos<\/p>\n<p>&#13;\n<\/li>\n<p>&#13;<\/p>\n<li>&#13;\n<p data-path-to-node=\"7,3,0\"><strong data-path-to-node=\"7,3,0\" data-index-in-node=\"0\">Vagas:<\/strong> 20 crian\u00e7as (Vagas limitadas)<\/p>\n<p>&#13;\n<\/li>\n<p>&#13;<\/p>\n<li>&#13;\n<p data-path-to-node=\"7,4,0\"><strong data-path-to-node=\"7,4,0\" data-index-in-node=\"0\">Entrada:<\/strong> Gratuita<\/p>\n<p>&#13;\n<\/li>\n<p>&#13;<\/p>\n<li>&#13;\n<p data-path-to-node=\"7,5,0\"><strong data-path-to-node=\"7,5,0\" data-index-in-node=\"0\">Realiza\u00e7\u00e3o:<\/strong> Secretaria de Cultura<\/p>\n<p>&#13;\n<\/li>\n<p>&#13;\n<\/ul>\n<p>&#13;<br \/>\n&#13;<br \/>\n&#13;<br \/>\n&#13;<\/p>\n<article class=\"conteudo-relacionado no-print\">&#13;<\/p>\n<header class=\"list-header\">&#13;<\/p>\n<h4>Conte\u00fados Relacionados<\/h4>\n<p>&#13;<br \/>\n        <\/header>\n<p>&#13;<br \/>\n&#13;<br \/>\n        &#13;<br \/>\n    <\/article>\n<p>&#13;<br \/>\n&#13;\n                <\/p><\/div>\n<p><br \/>\n<br \/><a href=\"https:\/\/limeira.sp.gov.br\/secretaria-de-cultura-promove-oficina-infantil-espantalhos-com-contacao-de-historias\" rel=\"noopener\">Informa\u00e7\u00f5es da PML <\/a><\/p>\n","protected":false},"excerpt":{"rendered":"<p>&#13; &#13; &#13; &#13; &#13; &#13; &#13; &#13; &#13; In\u00edcio&#13; &#13; &#13; &#13; &#13; &#13; &#13; &#13; &#13; Atividade gratuita voltada a crian\u00e7as de 7 a 10 anos une criatividade art\u00edstica, tradi\u00e7\u00f5es juninas e incentivo \u00e0 cultura caipira.&#13; &#13; &#13; &#13; &#13; &#13; &#13; &#13; &#13; &#13; &#13; A Prefeitura de Limeira realiza no dia [&hellip;]<\/p>\n","protected":false},"author":1,"featured_media":52198,"comment_status":"","ping_status":"open","sticky":false,"template":"","format":"standard","meta":{"_jetpack_newsletter_access":"","_jetpack_dont_email_post_to_subs":false,"_jetpack_newsletter_tier_id":0,"_jetpack_memberships_contains_paywalled_content":false,"_mbp_banners":[],"_jetpack_feature_clip_id":0,"_jetpack_memberships_contains_paid_content":false,"footnotes":"","jetpack_publicize_message":"","jetpack_publicize_feature_enabled":true,"jetpack_social_post_already_shared":true,"jetpack_social_options":{"image_generator_settings":{"template":"highway","default_image_id":0,"font":"","enabled":false},"version":2},"jetpack_post_was_ever_published":false},"categories":[16],"tags":[],"class_list":["post-68692","post","type-post","status-publish","format-standard","has-post-thumbnail","category-local"],"jetpack_publicize_connections":[],"jetpack-related-posts":[],"jetpack_shortlink":"https:\/\/wp.me\/p7Eq1F-hRW","jetpack_sharing_enabled":true,"jetpack_featured_media_url":"https:\/\/i0.wp.com\/guialimeira.com.br\/news\/wp-content\/uploads\/2026\/01\/m_137_0_1_08012026102332.jpg?fit=1024%2C575&ssl=1","_links":{"self":[{"href":"https:\/\/guialimeira.com.br\/news\/wp-json\/wp\/v2\/posts\/68692","targetHints":{"allow":["GET"]}}],"collection":[{"href":"https:\/\/guialimeira.com.br\/news\/wp-json\/wp\/v2\/posts"}],"about":[{"href":"https:\/\/guialimeira.com.br\/news\/wp-json\/wp\/v2\/types\/post"}],"author":[{"embeddable":true,"href":"https:\/\/guialimeira.com.br\/news\/wp-json\/wp\/v2\/users\/1"}],"replies":[{"embeddable":true,"href":"https:\/\/guialimeira.com.br\/news\/wp-json\/wp\/v2\/comments?post=68692"}],"version-history":[{"count":0,"href":"https:\/\/guialimeira.com.br\/news\/wp-json\/wp\/v2\/posts\/68692\/revisions"}],"wp:featuredmedia":[{"embeddable":true,"href":"https:\/\/guialimeira.com.br\/news\/wp-json\/wp\/v2\/media\/52198"}],"wp:attachment":[{"href":"https:\/\/guialimeira.com.br\/news\/wp-json\/wp\/v2\/media?parent=68692"}],"wp:term":[{"taxonomy":"category","embeddable":true,"href":"https:\/\/guialimeira.com.br\/news\/wp-json\/wp\/v2\/categories?post=68692"},{"taxonomy":"post_tag","embeddable":true,"href":"https:\/\/guialimeira.com.br\/news\/wp-json\/wp\/v2\/tags?post=68692"}],"curies":[{"name":"wp","href":"https:\/\/api.w.org\/{rel}","templated":true}]}}