{"id":68690,"date":"2026-06-11T14:50:24","date_gmt":"2026-06-11T17:50:24","guid":{"rendered":"https:\/\/guialimeira.com.br\/reconet-fazenda-reune-liderancas-em-edicao-que-celebra-os-200-anos-de-limeira-e-20-anos-da-renove-consultoria\/"},"modified":"2026-06-11T14:50:24","modified_gmt":"2026-06-11T17:50:24","slug":"reconet-fazenda-reune-liderancas-em-edicao-que-celebra-os-200-anos-de-limeira-e-20-anos-da-renove-consultoria","status":"publish","type":"post","link":"https:\/\/guialimeira.com.br\/news\/reconet-fazenda-reune-liderancas-em-edicao-que-celebra-os-200-anos-de-limeira-e-20-anos-da-renove-consultoria\/","title":{"rendered":"ReCoNet Fazenda re\u00fane lideran\u00e7as em edi\u00e7\u00e3o que celebra os 200 anos de Limeira e 20 anos da Renove Consultoria"},"content":{"rendered":"<p> <br \/>\n<\/p>\n<div data-id=\"626ab9d\" data-element_type=\"widget\" data-e-type=\"widget\" data-widget_type=\"theme-post-content.default\">\n<p class=\"wp-block-paragraph\"><em>Evento de networking ser\u00e1 realizado em 14 de agosto, na Fazenda Marambaia<\/em><\/p>\n<p class=\"wp-block-paragraph\">Empres\u00e1rios, executivos e lideran\u00e7as de diversos segmentos j\u00e1 t\u00eam encontro marcado em um dos eventos de networking mais aguardados da regi\u00e3o. A quarta edi\u00e7\u00e3o do ReCoNet Fazenda, by TOTVS, ser\u00e1 realizada no dia 14 de agosto, a partir das 12h30, na Fazenda Marambaia, em Limeira, em uma edi\u00e7\u00e3o especial que celebra dois importantes marcos: os 200 anos de funda\u00e7\u00e3o de Limeira e os 20 anos de hist\u00f3ria da Renove Consultoria Empresarial.<\/p>\n<p class=\"wp-block-paragraph\">A expectativa \u00e9 repetir o sucesso da edi\u00e7\u00e3o de 2025 e reunir 300 participantes para uma tarde dedicada \u00e0 conex\u00e3o entre pessoas, gera\u00e7\u00e3o de neg\u00f3cios, troca de experi\u00eancias e constru\u00e7\u00e3o de estrat\u00e9gias. \u201cEm 2025 tivemos que encerrar as inscri\u00e7\u00f5es antecipadamente tamanha a procura dos empres\u00e1rios. Esse interesse comprova o sucesso desse evento que acontece em um ambiente diferenciado, cercado pela natureza e longe da rotina dos escrit\u00f3rios. Esse contexto favorece encontros que v\u00e3o al\u00e9m do networking tradicional\u201d, diz Rodrigo Roberto, Diretor Executivo Comercial (CCO) da Renove Consultoria Empresarial.<\/p>\n<p class=\"wp-block-paragraph\">Segundo o organizador, a proposta \u00e9 criar oportunidades para que empres\u00e1rios e l\u00edderes ampliem relacionamentos e encontrem caminhos para impulsionar seus neg\u00f3cios. \u201cO ReCoNet Fazenda nasceu com o prop\u00f3sito de conectar pessoas que acreditam no poder das rela\u00e7\u00f5es para transformar empresas e carreiras. Nesta edi\u00e7\u00e3o especial, celebramos tamb\u00e9m os 20 anos da Renove, refor\u00e7ando nosso compromisso com o desenvolvimento empresarial da regi\u00e3o\u201d, destaca Rodrigo.<\/p>\n<p class=\"wp-block-paragraph\">A edi\u00e7\u00e3o deste ano ganha ainda mais relev\u00e2ncia por acontecer em um momento simb\u00f3lico para a cidade. Ao completar dois s\u00e9culos de hist\u00f3ria, Limeira reafirma a voca\u00e7\u00e3o empreendedora e sua import\u00e2ncia econ\u00f4mica no interior paulista. O ReCoNet Fazenda se insere nesse contexto como um espa\u00e7o para fortalecer o ecossistema empresarial local e regional.<\/p>\n<p class=\"wp-block-paragraph\">Al\u00e9m do ambiente voltado \u00e0s conex\u00f5es estrat\u00e9gicas, os participantes poder\u00e3o desfrutar de uma experi\u00eancia completa, com churrasco, drinks e momentos de conviv\u00eancia que favorecem conversas capazes de gerar novas ideias e oportunidades.<\/p>\n<p class=\"wp-block-paragraph\">Os ingressos j\u00e1 est\u00e3o \u00e0 venda pela plataforma Sympla. Quem deseja garantir presen\u00e7a entre os 300 empres\u00e1rios, executivos e l\u00edderes participantes deve buscar pelo evento \u201cReCoNet Fazenda \u2013 Edi\u00e7\u00e3o Especial: 20 Anos de Renove Consultoria\u201d. O valor promocional do primeiro lote \u00e9 v\u00e1lido at\u00e9 o dia 30 de junho.<\/p>\n<p class=\"wp-block-paragraph\"><strong>Servi\u00e7o<\/strong><\/p>\n<p class=\"wp-block-paragraph\"><strong>ReCoNet Fazenda \u2013 Edi\u00e7\u00e3o Especial: 20 Anos de Renove Consultoria<\/strong><\/p>\n<p class=\"wp-block-paragraph\"><strong>Data: <\/strong>14 de agosto de 2026<\/p>\n<p class=\"wp-block-paragraph\"><strong>Hor\u00e1rio:<\/strong> 12h30 \u00e0s 18h30<\/p>\n<p class=\"wp-block-paragraph\"><strong>Local:<\/strong> Fazenda Marambaia \u2013 Rodovia SP-133 (Limeira \u2013 Cosm\u00f3polis), Km 3,5<\/p>\n<p class=\"wp-block-paragraph\"><strong>Ingressos:<\/strong> Sympla (1\u00ba lote promocional at\u00e9 30 de junho).<\/p>\n<\/div>\n<p><br \/>\n<br \/><a href=\"https:\/\/dinamuscomunicacao.com.br\/reconet-fazenda-reune-liderancas-em-edicao-que-celebra-os-200-anos-de-limeira-e-20-anos-da-renove-consultoria\/\" rel=\"noopener\"> Informa\u00e7\u00f5es: D\u00ednamus Comunica\u00e7\u00e3o <\/a><\/p>\n","protected":false},"excerpt":{"rendered":"<p>Evento de networking ser\u00e1 realizado em 14 de agosto, na Fazenda Marambaia Empres\u00e1rios, executivos e lideran\u00e7as de diversos segmentos j\u00e1 t\u00eam encontro marcado em um dos eventos de networking mais aguardados da regi\u00e3o. A quarta edi\u00e7\u00e3o do ReCoNet Fazenda, by TOTVS, ser\u00e1 realizada no dia 14 de agosto, a partir das 12h30, na Fazenda Marambaia, [&hellip;]<\/p>\n","protected":false},"author":1,"featured_media":68691,"comment_status":"","ping_status":"open","sticky":false,"template":"","format":"standard","meta":{"_jetpack_newsletter_access":"","_jetpack_dont_email_post_to_subs":false,"_jetpack_newsletter_tier_id":0,"_jetpack_memberships_contains_paywalled_content":false,"_mbp_banners":[],"_jetpack_feature_clip_id":0,"_jetpack_memberships_contains_paid_content":false,"footnotes":"","jetpack_publicize_message":"","jetpack_publicize_feature_enabled":true,"jetpack_social_post_already_shared":true,"jetpack_social_options":{"image_generator_settings":{"template":"highway","default_image_id":0,"font":"","enabled":false},"version":2},"jetpack_post_was_ever_published":false},"categories":[16],"tags":[],"class_list":["post-68690","post","type-post","status-publish","format-standard","has-post-thumbnail","category-local"],"jetpack_publicize_connections":[],"jetpack-related-posts":[],"jetpack_shortlink":"https:\/\/wp.me\/p7Eq1F-hRU","jetpack_sharing_enabled":true,"jetpack_featured_media_url":"https:\/\/i0.wp.com\/guialimeira.com.br\/news\/wp-content\/uploads\/2026\/06\/WhatsApp-Image-2026-06-11-at-13.28.29.jpeg?fit=1538%2C1023&ssl=1","_links":{"self":[{"href":"https:\/\/guialimeira.com.br\/news\/wp-json\/wp\/v2\/posts\/68690","targetHints":{"allow":["GET"]}}],"collection":[{"href":"https:\/\/guialimeira.com.br\/news\/wp-json\/wp\/v2\/posts"}],"about":[{"href":"https:\/\/guialimeira.com.br\/news\/wp-json\/wp\/v2\/types\/post"}],"author":[{"embeddable":true,"href":"https:\/\/guialimeira.com.br\/news\/wp-json\/wp\/v2\/users\/1"}],"replies":[{"embeddable":true,"href":"https:\/\/guialimeira.com.br\/news\/wp-json\/wp\/v2\/comments?post=68690"}],"version-history":[{"count":0,"href":"https:\/\/guialimeira.com.br\/news\/wp-json\/wp\/v2\/posts\/68690\/revisions"}],"wp:featuredmedia":[{"embeddable":true,"href":"https:\/\/guialimeira.com.br\/news\/wp-json\/wp\/v2\/media\/68691"}],"wp:attachment":[{"href":"https:\/\/guialimeira.com.br\/news\/wp-json\/wp\/v2\/media?parent=68690"}],"wp:term":[{"taxonomy":"category","embeddable":true,"href":"https:\/\/guialimeira.com.br\/news\/wp-json\/wp\/v2\/categories?post=68690"},{"taxonomy":"post_tag","embeddable":true,"href":"https:\/\/guialimeira.com.br\/news\/wp-json\/wp\/v2\/tags?post=68690"}],"curies":[{"name":"wp","href":"https:\/\/api.w.org\/{rel}","templated":true}]}}