{"id":68689,"date":"2026-06-11T14:25:48","date_gmt":"2026-06-11T17:25:48","guid":{"rendered":"https:\/\/guialimeira.com.br\/comissao-de-esporte-recebe-demanda-de-municipe-para-incentivo-aos-esportes-na-areia\/"},"modified":"2026-06-11T14:25:48","modified_gmt":"2026-06-11T17:25:48","slug":"comissao-de-esporte-recebe-demanda-de-municipe-para-incentivo-aos-esportes-na-areia","status":"publish","type":"post","link":"https:\/\/guialimeira.com.br\/news\/comissao-de-esporte-recebe-demanda-de-municipe-para-incentivo-aos-esportes-na-areia\/","title":{"rendered":"Comiss\u00e3o de Esporte recebe demanda de mun\u00edcipe para incentivo aos esportes na areia\u00a0"},"content":{"rendered":"<p>Comiss\u00e3o de Esporte recebe demanda de mun\u00edcipe para incentivo aos esportes na areia<\/p>\n<p>A Comiss\u00e3o de Esporte, Cultura e Turismo da C\u00e2mara Municipal de Limeira recebeu, na reuni\u00e3o desta quinta-feira, 11 de junho, o mun\u00edcipe Luis Fernando do Nascimento, que defende o incentivo aos esportes de areia no munic\u00edpio. Ele debateu com os vereadores a necessidade de democratiza\u00e7\u00e3o de modalidades como beach tennis, v\u00f4lei e futev\u00f4lei de areia, al\u00e9m da manuten\u00e7\u00e3o de espa\u00e7os esportivos para receber projetos.<\/p>\n<p>Segundo Luis, as pr\u00e1ticas esportivas na areia atualmente est\u00e3o restritas a um grupo reduzido da popula\u00e7\u00e3o, especialmente em \u00e1reas particulares, devido \u00e0 falta de incentivos e de estruturas p\u00fablicas adequadas. Tamb\u00e9m manifestou a inten\u00e7\u00e3o de colaborar, como ex-atleta e volunt\u00e1rio, de forma conjunta para viabilizar as atividades.<\/p>\n<p>Os vereadores explicaram que as modalidades como v\u00f4lei e futev\u00f4lei de areia e beach tennis n\u00e3o integram o Chamamento P\u00fablico realizado em 2026. O colegiado falou da import\u00e2ncia da demanda e esclareceu que \u00e9 necess\u00e1rio o mun\u00edcipe elaborar um projeto detalhando as a\u00e7\u00f5es, p\u00fablico-alvo, local e recursos necess\u00e1rios.<\/p>\n<p>Al\u00e9m disso, informou que, por exig\u00eancia legal, para formaliza\u00e7\u00e3o de parcerias com o poder p\u00fablico, o projeto deve ser apresentado por meio de uma associa\u00e7\u00e3o esportiva sem fins lucrativos. Como alternativa para dar visibilidade \u00e0 demanda, os vereadores sugeriram ao mun\u00edcipe que inicie um projeto de aulas para demonstrar o alcance social da proposta e facilitar a capta\u00e7\u00e3o de apoio institucional.<\/p>\n<p>Por fim, sobre a manuten\u00e7\u00e3o dos espa\u00e7os p\u00fablicos, o presidente Guilherme Guido (PL) explicou o papel fiscalizador do Legislativo, ao destacar que a Comiss\u00e3o tem atuado com requerimentos \u00e0 Prefeitura, mas que a realiza\u00e7\u00e3o de reformas e benfeitorias \u00e9 de compet\u00eancia do Poder Executivo.<\/p>\n<p>A Comiss\u00e3o<\/p>\n<p>Integram o colegiado, al\u00e9m de Guilherme Guido, os vereadores Costa Junior (Podemos), vice-presidente; e Marco Xavier (PP), secret\u00e1rio. As reuni\u00f5es ordin\u00e1rias acontecem \u00e0s quintas-feiras, \u00e0s 8h, e as delibera\u00e7\u00f5es s\u00e3o registradas em ata.<\/p>\n<p>\u00c9 de compet\u00eancia dos membros opinar sobre proposi\u00e7\u00f5es, promover debates, semin\u00e1rios e a\u00e7\u00f5es educativas que visem a identificar problemas e propor solu\u00e7\u00f5es para o fortalecimento e a melhoria das pol\u00edticas p\u00fablicas locais nas \u00e1reas de esporte, lazer, cultura e turismo, al\u00e9m de fiscalizar, acompanhar e avaliar a efetividade de programas governamentais, estudar e propor pol\u00edticas p\u00fablicas aptas a proporcionar melhoria de qualidade de vida aos mun\u00edcipes e bem-estar nessas \u00e1reas.<\/p>\n<hr>\n<p><em>Fonte: <a href=\"https:\/\/www.limeira.sp.leg.br\/noticias\/view\/2026-06-11_comissao-de-esporte-recebe-demanda-de-municipe-para-incentivo-aos-esportes-na-areia\" target=\"_blank\" rel=\"noopener\">C\u00e2mara Municipal de Limeira<\/a><\/em><\/p>\n","protected":false},"excerpt":{"rendered":"<p>Comiss\u00e3o de Esporte recebe demanda de mun\u00edcipe para incentivo aos esportes na areia\u00a0<\/p>\n<p>A Comiss\u00e3o de Esporte, Cultura e Turismo da C\u00e2mara Municipal de Limeira recebeu, na reuni\u00e3o desta quinta-feira, 11 de junho, o mun\u00edcipe Luis Fernando do Nascimento, que defende o incentivo aos esportes de areia no <\/p>\n","protected":false},"author":4,"featured_media":68688,"comment_status":"","ping_status":"open","sticky":false,"template":"","format":"standard","meta":{"_jetpack_newsletter_access":"","_jetpack_dont_email_post_to_subs":false,"_jetpack_newsletter_tier_id":0,"_jetpack_memberships_contains_paywalled_content":false,"_mbp_banners":[],"_jetpack_feature_clip_id":0,"_jetpack_memberships_contains_paid_content":false,"footnotes":"","jetpack_publicize_message":"","jetpack_publicize_feature_enabled":true,"jetpack_social_post_already_shared":true,"jetpack_social_options":{"image_generator_settings":{"template":"highway","default_image_id":0,"font":"","enabled":false},"version":2},"jetpack_post_was_ever_published":false},"categories":[19],"tags":[],"class_list":["post-68689","post","type-post","status-publish","format-standard","has-post-thumbnail","category-politica"],"jetpack_publicize_connections":[],"jetpack-related-posts":[],"jetpack_shortlink":"https:\/\/wp.me\/p7Eq1F-hRT","jetpack_sharing_enabled":true,"jetpack_featured_media_url":"https:\/\/i0.wp.com\/guialimeira.com.br\/news\/wp-content\/uploads\/2026\/06\/noticia-camara-47.jpg?fit=1280%2C640&ssl=1","_links":{"self":[{"href":"https:\/\/guialimeira.com.br\/news\/wp-json\/wp\/v2\/posts\/68689","targetHints":{"allow":["GET"]}}],"collection":[{"href":"https:\/\/guialimeira.com.br\/news\/wp-json\/wp\/v2\/posts"}],"about":[{"href":"https:\/\/guialimeira.com.br\/news\/wp-json\/wp\/v2\/types\/post"}],"author":[{"embeddable":true,"href":"https:\/\/guialimeira.com.br\/news\/wp-json\/wp\/v2\/users\/4"}],"replies":[{"embeddable":true,"href":"https:\/\/guialimeira.com.br\/news\/wp-json\/wp\/v2\/comments?post=68689"}],"version-history":[{"count":0,"href":"https:\/\/guialimeira.com.br\/news\/wp-json\/wp\/v2\/posts\/68689\/revisions"}],"wp:featuredmedia":[{"embeddable":true,"href":"https:\/\/guialimeira.com.br\/news\/wp-json\/wp\/v2\/media\/68688"}],"wp:attachment":[{"href":"https:\/\/guialimeira.com.br\/news\/wp-json\/wp\/v2\/media?parent=68689"}],"wp:term":[{"taxonomy":"category","embeddable":true,"href":"https:\/\/guialimeira.com.br\/news\/wp-json\/wp\/v2\/categories?post=68689"},{"taxonomy":"post_tag","embeddable":true,"href":"https:\/\/guialimeira.com.br\/news\/wp-json\/wp\/v2\/tags?post=68689"}],"curies":[{"name":"wp","href":"https:\/\/api.w.org\/{rel}","templated":true}]}}