{"id":68681,"date":"2026-06-11T13:56:51","date_gmt":"2026-06-11T16:56:51","guid":{"rendered":"https:\/\/guialimeira.com.br\/bisneta-de-cora-coralina-e-conhece-tuneladora-que-homenageia-a-escritora\/"},"modified":"2026-06-11T13:56:51","modified_gmt":"2026-06-11T16:56:51","slug":"bisneta-de-cora-coralina-e-conhece-tuneladora-que-homenageia-a-escritora","status":"publish","type":"post","link":"https:\/\/guialimeira.com.br\/news\/bisneta-de-cora-coralina-e-conhece-tuneladora-que-homenageia-a-escritora\/","title":{"rendered":"Bisneta de Cora Coralina e conhece tuneladora que homenageia a escritora"},"content":{"rendered":"<p> <br \/>\n<\/p>\n<div>\n<p class=\"wp-block-paragraph\">A expans\u00e3o da Linha 2 Verde do Metr\u00f4 de S\u00e3o Paulo recebeu nesta quarta feira (10) uma visita especial e simb\u00f3lica. Gisela Sales, bisneta da escritora Cora Coralina, esteve nas obras do trecho em constru\u00e7\u00e3o na Zona Leste para conhecer de perto a tuneladora, o popular \u201cTatuz\u00e3o\u201d, que leva seu nome.<\/p>\n<p class=\"wp-block-paragraph\">A visita partiu de uma iniciativa da pr\u00f3pria Gisela, que entrou em contato com a equipe respons\u00e1vel pela obra ao tomar conhecimento da homenagem. Al\u00e9m da liga\u00e7\u00e3o familiar, Gisela atua na preserva\u00e7\u00e3o e difus\u00e3o do legado de Cora Coralina. Em suas redes sociais e projetos culturais, ela promove reflex\u00f5es sobre desenvolvimento pessoal, conex\u00f5es humanas e fortalecimento coletivo, inspiradas na trajet\u00f3ria da escritora.<\/p>\n<figure class=\"wp-block-image size-large\"><img data-recalc-dims=\"1\" fetchpriority=\"high\" decoding=\"async\" width=\"696\" height=\"464\" src=\"https:\/\/i0.wp.com\/www.agenciasp.sp.gov.br\/wp-content\/uploads\/2026\/06\/WhatsApp-Image-2026-06-11-at-13.08.521-1024x683.jpeg?resize=696%2C464&#038;ssl=1\" alt=\"\" class=\"wp-image-151188 lazy\" srcset=\"https:\/\/www.agenciasp.sp.gov.br\/wp-content\/uploads\/2026\/06\/WhatsApp-Image-2026-06-11-at-13.08.521-1024x683.jpeg 1024w, https:\/\/www.agenciasp.sp.gov.br\/wp-content\/uploads\/2026\/06\/WhatsApp-Image-2026-06-11-at-13.08.521-300x200.jpeg 300w, https:\/\/www.agenciasp.sp.gov.br\/wp-content\/uploads\/2026\/06\/WhatsApp-Image-2026-06-11-at-13.08.521-768x512.jpeg 768w, https:\/\/www.agenciasp.sp.gov.br\/wp-content\/uploads\/2026\/06\/WhatsApp-Image-2026-06-11-at-13.08.521-150x100.jpeg 150w, https:\/\/www.agenciasp.sp.gov.br\/wp-content\/uploads\/2026\/06\/WhatsApp-Image-2026-06-11-at-13.08.521.jpeg 1280w\" data-sizes=\"(max-width: 1024px) 100vw, 1024px\"\/><figcaption class=\"wp-element-caption\">Bisneta de Cora Coralina, Gisela Sales, ao lado da primeira operadora mulher da Am\u00e9rica Latina do Tatuz\u00e3o, Sherry Romanholly<\/figcaption><\/figure>\n<p class=\"wp-block-paragraph\">Batizada como \u201cCora Coralina\u201d, a tuneladora simboliza essa conex\u00e3o entre passado e futuro. O equipamento \u00e9 respons\u00e1vel pela escava\u00e7\u00e3o dos t\u00faneis da expans\u00e3o da Linha 2 Verde entre Vila Prudente e Penha, um dos principais projetos de mobilidade urbana em andamento na capital paulista.<\/p>\n<p class=\"wp-block-paragraph\">Com cerca de 100 metros de comprimento, 11,66 metros de di\u00e2metro e peso aproximado de 2.700 toneladas, o Tatuz\u00e3o \u00e9 uma das maiores tuneladoras em opera\u00e7\u00e3o na Am\u00e9rica Latina. Sua tecnologia permite escava\u00e7\u00f5es seguras em diferentes tipos de solo, ao mesmo tempo em que instala os an\u00e9is de concreto que formam a estrutura dos t\u00faneis.<\/p>\n<p class=\"wp-block-paragraph\">Durante a visita, Gisela conheceu as estruturas do canteiro de obras, a opera\u00e7\u00e3o do Tatuz\u00e3o e o cotidiano das equipes t\u00e9cnicas. A experi\u00eancia, segundo ela, vai al\u00e9m do aspecto tecnol\u00f3gico e revela o lado humano da constru\u00e7\u00e3o. \u201cAinda absorvendo a grandiosidade e a generosidade que foi conhecer a tuneladora Cora Coralina. Mais do que um equipamento gigantesco, \u00e9 poss\u00edvel ver e sentir o cora\u00e7\u00e3o pulsando no canteiro de obras. Cada rosto, cada sorriso e cada abra\u00e7o recebido me fizeram ter a certeza de que estava diante de uma obra feita com emo\u00e7\u00e3o pelo trabalho de abrir caminhos, melhorar vidas e principalmente remover as pedras para, quem sabe, plantar roseiras\u201d.<\/p>\n<p class=\"wp-block-paragraph\">A fala faz refer\u00eancia direta ao universo simb\u00f3lico da escritora goiana, cuja obra \u00e9 marcada por elementos do cotidiano, supera\u00e7\u00e3o e sensibilidade. Cora Coralina, pseud\u00f4nimo de Anna Lins dos Guimar\u00e3es Peixoto Bretas, \u00e9 reconhecida como uma das mais importantes vozes da literatura brasileira, tendo publicado seu primeiro livro aos 75 anos e se tornando refer\u00eancia de inspira\u00e7\u00e3o e resist\u00eancia.<\/p>\n<figure class=\"wp-block-image size-large\"><img data-recalc-dims=\"1\" loading=\"lazy\" decoding=\"async\" width=\"696\" height=\"464\" src=\"https:\/\/i0.wp.com\/www.agenciasp.sp.gov.br\/wp-content\/uploads\/2026\/06\/WhatsApp-Image-2026-06-11-at-13.40.48-1024x683.jpeg?resize=696%2C464&#038;ssl=1\" alt=\"\" class=\"wp-image-151187 lazy\" srcset=\"https:\/\/www.agenciasp.sp.gov.br\/wp-content\/uploads\/2026\/06\/WhatsApp-Image-2026-06-11-at-13.40.48-1024x683.jpeg 1024w, https:\/\/www.agenciasp.sp.gov.br\/wp-content\/uploads\/2026\/06\/WhatsApp-Image-2026-06-11-at-13.40.48-300x200.jpeg 300w, https:\/\/www.agenciasp.sp.gov.br\/wp-content\/uploads\/2026\/06\/WhatsApp-Image-2026-06-11-at-13.40.48-768x512.jpeg 768w, https:\/\/www.agenciasp.sp.gov.br\/wp-content\/uploads\/2026\/06\/WhatsApp-Image-2026-06-11-at-13.40.48-150x100.jpeg 150w, https:\/\/www.agenciasp.sp.gov.br\/wp-content\/uploads\/2026\/06\/WhatsApp-Image-2026-06-11-at-13.40.48.jpeg 1280w\" data-sizes=\"(max-width: 1024px) 100vw, 1024px\"\/><figcaption class=\"wp-element-caption\">Bisneta de Cora Coralina, Gisela Sales, visita o Tatuz\u00e3o com nome de sua v\u00f3<\/figcaption><\/figure>\n<p class=\"wp-block-paragraph\">A visita tamb\u00e9m ocorre em um momento importante das obras. A tuneladora escavou at\u00e9 a esta\u00e7\u00e3o Aricanduva, onde se prepara para cruzar o c\u00f3rrego hom\u00f4nimo e seguir avan\u00e7ando at\u00e9 o Complexo Rapadura. A primeira fase da expans\u00e3o da Linha 2 Verde prev\u00ea novos 8,3 km de trilhos e oito esta\u00e7\u00f5es, beneficiando cerca de 1,2 milh\u00e3o de pessoas por dia.<\/p>\n<\/p><\/div>\n<p><br \/>\n<br \/><a href=\"https:\/\/www.agenciasp.sp.gov.br\/bisneta-de-cora-coralina-e-conhece-tuneladora-que-homenageia-a-escritora\/\" rel=\"noopener\">Informa\u00e7\u00f5es GOV.SP<\/a><\/p>\n","protected":false},"excerpt":{"rendered":"<p>A expans\u00e3o da Linha 2 Verde do Metr\u00f4 de S\u00e3o Paulo recebeu nesta quarta feira (10) uma visita especial e simb\u00f3lica. Gisela Sales, bisneta da escritora Cora Coralina, esteve nas obras do trecho em constru\u00e7\u00e3o na Zona Leste para conhecer de perto a tuneladora, o popular \u201cTatuz\u00e3o\u201d, que leva seu nome. A visita partiu de [&hellip;]<\/p>\n","protected":false},"author":1,"featured_media":68682,"comment_status":"","ping_status":"open","sticky":false,"template":"","format":"standard","meta":{"_jetpack_newsletter_access":"","_jetpack_dont_email_post_to_subs":false,"_jetpack_newsletter_tier_id":0,"_jetpack_memberships_contains_paywalled_content":false,"_mbp_banners":[],"_jetpack_feature_clip_id":0,"_jetpack_memberships_contains_paid_content":false,"footnotes":"","jetpack_publicize_message":"","jetpack_publicize_feature_enabled":true,"jetpack_social_post_already_shared":true,"jetpack_social_options":{"image_generator_settings":{"template":"highway","default_image_id":0,"font":"","enabled":false},"version":2},"jetpack_post_was_ever_published":false},"categories":[21],"tags":[],"class_list":["post-68681","post","type-post","status-publish","format-standard","has-post-thumbnail","category-sp-news"],"jetpack_publicize_connections":[],"jetpack-related-posts":[],"jetpack_shortlink":"https:\/\/wp.me\/p7Eq1F-hRL","jetpack_sharing_enabled":true,"jetpack_featured_media_url":"https:\/\/i0.wp.com\/guialimeira.com.br\/news\/wp-content\/uploads\/2026\/06\/Bisneta-de-Cora-Coralina-e-conhece-tuneladora-que-homenageia-a.jpeg?fit=1024%2C683&ssl=1","_links":{"self":[{"href":"https:\/\/guialimeira.com.br\/news\/wp-json\/wp\/v2\/posts\/68681","targetHints":{"allow":["GET"]}}],"collection":[{"href":"https:\/\/guialimeira.com.br\/news\/wp-json\/wp\/v2\/posts"}],"about":[{"href":"https:\/\/guialimeira.com.br\/news\/wp-json\/wp\/v2\/types\/post"}],"author":[{"embeddable":true,"href":"https:\/\/guialimeira.com.br\/news\/wp-json\/wp\/v2\/users\/1"}],"replies":[{"embeddable":true,"href":"https:\/\/guialimeira.com.br\/news\/wp-json\/wp\/v2\/comments?post=68681"}],"version-history":[{"count":0,"href":"https:\/\/guialimeira.com.br\/news\/wp-json\/wp\/v2\/posts\/68681\/revisions"}],"wp:featuredmedia":[{"embeddable":true,"href":"https:\/\/guialimeira.com.br\/news\/wp-json\/wp\/v2\/media\/68682"}],"wp:attachment":[{"href":"https:\/\/guialimeira.com.br\/news\/wp-json\/wp\/v2\/media?parent=68681"}],"wp:term":[{"taxonomy":"category","embeddable":true,"href":"https:\/\/guialimeira.com.br\/news\/wp-json\/wp\/v2\/categories?post=68681"},{"taxonomy":"post_tag","embeddable":true,"href":"https:\/\/guialimeira.com.br\/news\/wp-json\/wp\/v2\/tags?post=68681"}],"curies":[{"name":"wp","href":"https:\/\/api.w.org\/{rel}","templated":true}]}}