{"id":68678,"date":"2026-06-11T13:45:53","date_gmt":"2026-06-11T16:45:53","guid":{"rendered":"https:\/\/guialimeira.com.br\/aldo-donato-tumolin-junior-e-homenageado-na-camara-com-titulo-de-cidadao\/"},"modified":"2026-06-11T13:45:53","modified_gmt":"2026-06-11T16:45:53","slug":"aldo-donato-tumolin-junior-e-homenageado-na-camara-com-titulo-de-cidadao","status":"publish","type":"post","link":"https:\/\/guialimeira.com.br\/news\/aldo-donato-tumolin-junior-e-homenageado-na-camara-com-titulo-de-cidadao\/","title":{"rendered":"Aldo Donato Tumolin J\u00fanior \u00e9 homenageado na C\u00e2mara com t\u00edtulo de cidad\u00e3o"},"content":{"rendered":"<p>Aldo Donato Tumolin J\u00fanior \u00e9 homenageado na C\u00e2mara com t\u00edtulo de cidad\u00e3o<\/p>\n<p>Nesta quarta-feira, 10 de junho, foi realizada uma sess\u00e3o solene na C\u00e2mara Municipal para entrega de T\u00edtulo de Cidad\u00e3o Limeirense a Aldo Donato Tumolin J\u00fanior. A congratula\u00e7\u00e3o foi concedida por meio do Decreto Legislativo N\u00b0 09\/2026, de autoria do vereador Felipe Penedo (PL). O evento foi realizado no Plen\u00e1rio Vereador Vit\u00f3rio Bortolan e foi transmitido nos canais de comunica\u00e7\u00e3o da C\u00e2mara, o v\u00eddeo est\u00e1 dispon\u00edvel neste link.<\/p>\n<p>Estiveram presentes na mesa de honra o presidente da C\u00e2mara, Everton Ferreira (PSD); o vereador Felipe Penedo (PL), autor da homenagem; e Silvio Brito, representando o prefeito Murilo F\u00e9lix (Podemos).<\/p>\n<p>Durante a solenidade, Felipe Penedo destacou a trajet\u00f3ria profissional e social do homenageado, ressaltando sua atua\u00e7\u00e3o na medicina, sua participa\u00e7\u00e3o na implanta\u00e7\u00e3o e amplia\u00e7\u00e3o de servi\u00e7os de sa\u00fade no Munic\u00edpio e o trabalho desenvolvido em a\u00e7\u00f5es voltadas \u00e0 assist\u00eancia social e ao acolhimento de pessoas em situa\u00e7\u00e3o de vulnerabilidade.<\/p>\n<p>O ex-vereador Dr. J\u00falio tamb\u00e9m fez uso da palavra e destacou a relev\u00e2ncia do T\u00edtulo de Cidad\u00e3o Limeirense, concedido a pessoas que, mesmo n\u00e3o sendo naturais do Munic\u00edpio, contribu\u00edram para o desenvolvimento da cidade. Em sua fala, ressaltou a trajet\u00f3ria de Aldo Donato Tumolin J\u00fanior e sua atua\u00e7\u00e3o em diferentes \u00e1reas ao longo dos anos.<\/p>\n<p>Representando o prefeito Murilo F\u00e9lix, Silvio Brito transmitiu os cumprimentos do chefe do Executivo e parabenizou o homenageado pelo reconhecimento recebido. Em seguida, o homenageado agradeceu a honraria e relembrou momentos de sua trajet\u00f3ria pessoal e profissional em Limeira. A sess\u00e3o solene foi acompanhada por familiares, amigos, autoridades, profissionais da \u00e1rea da sa\u00fade e representantes da comunidade.<\/p>\n<p>Aldo Donato Tumolin J\u00fanior<\/p>\n<p>Nascido em C\u00e2ndido Mota (SP), conforme a justificativa da propositura, Aldo construiu uma trajet\u00f3ria marcada pela medicina, f\u00e9, educa\u00e7\u00e3o e compromisso com o pr\u00f3ximo. Formado em medicina pela Universidade Estadual Paulista \u201cJ\u00falio de Mesquita Filho\u201d (Unesp) e com especializa\u00e7\u00e3o em cardiologia, iniciou a carreira profissional em Porto Feliz e Dois C\u00f3rregos (SP), implantando servi\u00e7os na especialidade.<\/p>\n<p>Em 1990 o homenageado atuou como secret\u00e1rio de Sa\u00fade em Limeira (SP), quando assumiu o servi\u00e7o de cardiologia da Prefeitura e da Santa Casa, al\u00e9m de atuar na UTI do Hospital Unimed, do qual tamb\u00e9m participou como fundador. Al\u00e9m disso, ele fundou junto a outros m\u00e9dicos a empresa Helpmed Socorro M\u00e9dico, posteriormente Helpm\u00f3vel Atendimento M\u00e9dico, expandindo os servi\u00e7os a diversas cidades do interior paulista com o atendimento pr\u00e9-hospitalar.<\/p>\n<p>Em busca de ampliar a atua\u00e7\u00e3o na \u00e1rea espiritual e educacional, Aldo formou-se ainda em aconselhamento b\u00edblico no Christian Counseling Educational Foundation (CCEF) nos Estados Unidos, o qual possibilitou traduzir obras de refer\u00eancia e formar novos centros de aconselhamento em todo o Brasil.<\/p>\n<p>De acordo com o autor, desde 2005, o m\u00e9dico preside o N\u00facleo de Valoriza\u00e7\u00e3o Humana \u201cNova Vida\u201d, institui\u00e7\u00e3o voltada a crian\u00e7as em situa\u00e7\u00e3o de risco social, oferecendo apoio educacional, formativo e humano.<\/p>\n<p>\u201cO conjunto de sua trajet\u00f3ria profissional e social reflete uma vida pautada pela f\u00e9, dedica\u00e7\u00e3o e amor ao pr\u00f3ximo, sendo refer\u00eancia de \u00e9tica e compromisso com a dignidade humana\u201d, disse Felipe Penedo na justificativa do projeto.<\/p>\n<hr>\n<p><em>Fonte: <a href=\"https:\/\/www.limeira.sp.leg.br\/noticias\/view\/2026-06-11_aldo-donato-tumolin-junior-e-homenageado-na-camara-com-titulo-de-cidadao\" target=\"_blank\" rel=\"noopener\">C\u00e2mara Municipal de Limeira<\/a><\/em><\/p>\n","protected":false},"excerpt":{"rendered":"<p>Aldo Donato Tumolin J\u00fanior \u00e9 homenageado na C\u00e2mara com t\u00edtulo de cidad\u00e3o<\/p>\n<p>Nesta quarta-feira, 10 de junho, foi realizada uma sess\u00e3o solene na C\u00e2mara Municipal para entrega de T\u00edtulo de Cidad\u00e3o Limeirense a Aldo Donato Tumolin J\u00fanior. A congratula\u00e7\u00e3o foi concedida por meio do Decreto Legislativo N\u00b0 0<\/p>\n","protected":false},"author":4,"featured_media":68677,"comment_status":"","ping_status":"open","sticky":false,"template":"","format":"standard","meta":{"_jetpack_newsletter_access":"","_jetpack_dont_email_post_to_subs":false,"_jetpack_newsletter_tier_id":0,"_jetpack_memberships_contains_paywalled_content":false,"_mbp_banners":[],"_jetpack_feature_clip_id":0,"_jetpack_memberships_contains_paid_content":false,"footnotes":"","jetpack_publicize_message":"","jetpack_publicize_feature_enabled":true,"jetpack_social_post_already_shared":true,"jetpack_social_options":{"image_generator_settings":{"template":"highway","default_image_id":0,"font":"","enabled":false},"version":2},"jetpack_post_was_ever_published":false},"categories":[19],"tags":[],"class_list":["post-68678","post","type-post","status-publish","format-standard","has-post-thumbnail","category-politica"],"jetpack_publicize_connections":[],"jetpack-related-posts":[],"jetpack_shortlink":"https:\/\/wp.me\/p7Eq1F-hRI","jetpack_sharing_enabled":true,"jetpack_featured_media_url":"https:\/\/i0.wp.com\/guialimeira.com.br\/news\/wp-content\/uploads\/2026\/06\/noticia-camara-45.jpg?fit=1280%2C640&ssl=1","_links":{"self":[{"href":"https:\/\/guialimeira.com.br\/news\/wp-json\/wp\/v2\/posts\/68678","targetHints":{"allow":["GET"]}}],"collection":[{"href":"https:\/\/guialimeira.com.br\/news\/wp-json\/wp\/v2\/posts"}],"about":[{"href":"https:\/\/guialimeira.com.br\/news\/wp-json\/wp\/v2\/types\/post"}],"author":[{"embeddable":true,"href":"https:\/\/guialimeira.com.br\/news\/wp-json\/wp\/v2\/users\/4"}],"replies":[{"embeddable":true,"href":"https:\/\/guialimeira.com.br\/news\/wp-json\/wp\/v2\/comments?post=68678"}],"version-history":[{"count":0,"href":"https:\/\/guialimeira.com.br\/news\/wp-json\/wp\/v2\/posts\/68678\/revisions"}],"wp:featuredmedia":[{"embeddable":true,"href":"https:\/\/guialimeira.com.br\/news\/wp-json\/wp\/v2\/media\/68677"}],"wp:attachment":[{"href":"https:\/\/guialimeira.com.br\/news\/wp-json\/wp\/v2\/media?parent=68678"}],"wp:term":[{"taxonomy":"category","embeddable":true,"href":"https:\/\/guialimeira.com.br\/news\/wp-json\/wp\/v2\/categories?post=68678"},{"taxonomy":"post_tag","embeddable":true,"href":"https:\/\/guialimeira.com.br\/news\/wp-json\/wp\/v2\/tags?post=68678"}],"curies":[{"name":"wp","href":"https:\/\/api.w.org\/{rel}","templated":true}]}}