{"id":68676,"date":"2026-06-11T13:25:53","date_gmt":"2026-06-11T16:25:53","guid":{"rendered":"https:\/\/guialimeira.com.br\/marcio-do-estacionamento-articula-projeto-de-revitalizacao-do-centro-de-limeira-e-reforco-na-seguranca\/"},"modified":"2026-06-11T13:25:53","modified_gmt":"2026-06-11T16:25:53","slug":"marcio-do-estacionamento-articula-projeto-de-revitalizacao-do-centro-de-limeira-e-reforco-na-seguranca","status":"publish","type":"post","link":"https:\/\/guialimeira.com.br\/news\/marcio-do-estacionamento-articula-projeto-de-revitalizacao-do-centro-de-limeira-e-reforco-na-seguranca\/","title":{"rendered":"Marcio do Estacionamento articula projeto de revitaliza\u00e7\u00e3o do Centro de Limeira e refor\u00e7o na seguran\u00e7a"},"content":{"rendered":"<p>Marcio do Estacionamento articula projeto de revitaliza\u00e7\u00e3o do Centro de Limeira e refor\u00e7o na seguran\u00e7a<\/p>\n<p>O centro comercial de Limeira est\u00e1 prestes a passar por transforma\u00e7\u00e3o, como resultado de uma s\u00e9rie de reuni\u00f5es articuladas pelo vereador M\u00e1rcio do Estacionamento (DC) junto aos lojistas locais e \u00e0 Prefeitura Municipal. Como parte desse processo, um pacote de melhorias e o projeto de revitaliza\u00e7\u00e3o do cal\u00e7ad\u00e3o da rua Conselheiro Saraiva foram apresentados \u00e0s autoridades e comerciantes nesta quarta-feira, 10 de junho, pelo arquiteto L\u00ea Ara\u00fajo e equipe.<\/p>\n<p>Segundo o vereador M\u00e1rcio, a obra deve ser inspirada no High Line, um parque linear de Nova York (EUA), que far\u00e1 com que o cal\u00e7ad\u00e3o funcione como uma extens\u00e3o natural da Pra\u00e7a Toledo Barros, combinando modernidade, \u00e1reas verdes e acessibilidade. \u201cA expectativa \u00e9 que o local se torne o novo cart\u00e3o-postal do Munic\u00edpio. A apresenta\u00e7\u00e3o do projeto coroa um trabalho cont\u00ednuo de zeladoria e seguran\u00e7a que a Prefeitura vem executando no Centro, atendendo \u00e0s frentes de di\u00e1logo abertas pelo nosso mandato\u201d, descreveu o parlamentar.<\/p>\n<p>Entre as melhorias solicitadas pelos comerciantes e tratativas, destacam-se: a instala\u00e7\u00e3o de ca\u00e7ambas de lixo exclusivas para a regi\u00e3o e o cronograma ativo de lavagem das ruas comerciais; o an\u00fancio de que j\u00e1 est\u00e1 em fase de licita\u00e7\u00e3o a instala\u00e7\u00e3o de novas c\u00e2meras de monitoramento de seguran\u00e7a p\u00fablica em todo o Centro; a regulamenta\u00e7\u00e3o da Lei N\u00ba 7.191\/2025, aprovada pela C\u00e2mara Municipal, que concede desconto no IPTU para os comerciantes que instalarem c\u00e2meras em suas fachadas e compartilharem as imagens com as for\u00e7as de seguran\u00e7a do Munic\u00edpio.<\/p>\n<p>Para o vereador M\u00e1rcio do Estacionamento, o an\u00fancio reflete o poder da uni\u00e3o entre o com\u00e9rcio e o setor p\u00fablico. &#8220;Nosso papel foi ouvir o clamor dos lojistas, que precisavam de mais seguran\u00e7a, limpeza e de um atrativo para trazer as fam\u00edlias de volta ao Centro. Fomentamos essas reuni\u00f5es, levamos os apontamentos ao prefeito e, hoje, vemos a Prefeitura responder n\u00e3o s\u00f3 com servi\u00e7os do dia a dia, mas com um projeto arquitet\u00f4nico brilhante que vai aquecer a nossa economia&#8221;, destacou o parlamentar. Com o projeto apresentado e as medidas de seguran\u00e7a em andamento, a licita\u00e7\u00e3o das obras ter\u00e1 prioridade pela administra\u00e7\u00e3o municipal\u201d, detalhou.<\/p>\n<p>Do Gabinete Parlamentar &#8211; Vereador M\u00e1rcio do Estacionamento (DC)<\/p>\n<p>*Fotos do Gabinete Parlamentar<\/p>\n<p>As mat\u00e9rias de origem dos Gabinetes Parlamentares s\u00e3o de inteira\u00a0 responsabilidade dos parlamentares e de suas assessorias. S\u00e3o devidamente assinadas e n\u00e3o refletem, necessariamente, a opini\u00e3o institucional da C\u00e2mara Municipal de Limeira.<\/p>\n<hr>\n<p><em>Fonte: <a href=\"https:\/\/www.limeira.sp.leg.br\/noticias\/view\/2026-06-11_marcio-do-estacionamento-articula-projeto-de-revitalizacao-do-centro-de-limeira-e-reforco-na-seguranca\" target=\"_blank\" rel=\"noopener\">C\u00e2mara Municipal de Limeira<\/a><\/em><\/p>\n","protected":false},"excerpt":{"rendered":"<p>Marcio do Estacionamento articula projeto de revitaliza\u00e7\u00e3o do Centro de Limeira e refor\u00e7o na seguran\u00e7a<\/p>\n<p>O centro comercial de Limeira est\u00e1 prestes a passar por transforma\u00e7\u00e3o, como resultado de uma s\u00e9rie de reuni\u00f5es articuladas pelo vereador M\u00e1rcio do Estacionamento (DC) junto aos lojistas locais e \u00e0<\/p>\n","protected":false},"author":4,"featured_media":68675,"comment_status":"","ping_status":"open","sticky":false,"template":"","format":"standard","meta":{"_jetpack_newsletter_access":"","_jetpack_dont_email_post_to_subs":false,"_jetpack_newsletter_tier_id":0,"_jetpack_memberships_contains_paywalled_content":false,"_mbp_banners":[],"_jetpack_feature_clip_id":0,"_jetpack_memberships_contains_paid_content":false,"footnotes":"","jetpack_publicize_message":"","jetpack_publicize_feature_enabled":true,"jetpack_social_post_already_shared":true,"jetpack_social_options":{"image_generator_settings":{"template":"highway","default_image_id":0,"font":"","enabled":false},"version":2},"jetpack_post_was_ever_published":false},"categories":[19],"tags":[],"class_list":["post-68676","post","type-post","status-publish","format-standard","has-post-thumbnail","category-politica"],"jetpack_publicize_connections":[],"jetpack-related-posts":[],"jetpack_shortlink":"https:\/\/wp.me\/p7Eq1F-hRG","jetpack_sharing_enabled":true,"jetpack_featured_media_url":"https:\/\/i0.wp.com\/guialimeira.com.br\/news\/wp-content\/uploads\/2026\/06\/noticia-camara-44.jpg?fit=1280%2C640&ssl=1","_links":{"self":[{"href":"https:\/\/guialimeira.com.br\/news\/wp-json\/wp\/v2\/posts\/68676","targetHints":{"allow":["GET"]}}],"collection":[{"href":"https:\/\/guialimeira.com.br\/news\/wp-json\/wp\/v2\/posts"}],"about":[{"href":"https:\/\/guialimeira.com.br\/news\/wp-json\/wp\/v2\/types\/post"}],"author":[{"embeddable":true,"href":"https:\/\/guialimeira.com.br\/news\/wp-json\/wp\/v2\/users\/4"}],"replies":[{"embeddable":true,"href":"https:\/\/guialimeira.com.br\/news\/wp-json\/wp\/v2\/comments?post=68676"}],"version-history":[{"count":0,"href":"https:\/\/guialimeira.com.br\/news\/wp-json\/wp\/v2\/posts\/68676\/revisions"}],"wp:featuredmedia":[{"embeddable":true,"href":"https:\/\/guialimeira.com.br\/news\/wp-json\/wp\/v2\/media\/68675"}],"wp:attachment":[{"href":"https:\/\/guialimeira.com.br\/news\/wp-json\/wp\/v2\/media?parent=68676"}],"wp:term":[{"taxonomy":"category","embeddable":true,"href":"https:\/\/guialimeira.com.br\/news\/wp-json\/wp\/v2\/categories?post=68676"},{"taxonomy":"post_tag","embeddable":true,"href":"https:\/\/guialimeira.com.br\/news\/wp-json\/wp\/v2\/tags?post=68676"}],"curies":[{"name":"wp","href":"https:\/\/api.w.org\/{rel}","templated":true}]}}