{"id":68670,"date":"2026-06-11T12:54:56","date_gmt":"2026-06-11T15:54:56","guid":{"rendered":"https:\/\/guialimeira.com.br\/governo-de-sp-abre-inscricoes-para-2a-edicao-do-premio-sp-carbono-zero\/"},"modified":"2026-06-11T12:54:56","modified_gmt":"2026-06-11T15:54:56","slug":"governo-de-sp-abre-inscricoes-para-2a-edicao-do-premio-sp-carbono-zero","status":"publish","type":"post","link":"https:\/\/guialimeira.com.br\/news\/governo-de-sp-abre-inscricoes-para-2a-edicao-do-premio-sp-carbono-zero\/","title":{"rendered":"Governo de SP abre inscri\u00e7\u00f5es para 2\u00aa edi\u00e7\u00e3o do Pr\u00eamio SP Carbono Zero"},"content":{"rendered":"<p> <br \/>\n<br \/><img data-recalc-dims=\"1\" decoding=\"async\" src=\"https:\/\/i0.wp.com\/www.agenciasp.sp.gov.br\/wp-content\/uploads\/2026\/06\/bela-vista-das-turbinas-eolicas-em-um-campo-coberto-de-grama-capturado-na-holanda-1024x683-1.jpg?w=696&#038;ssl=1\" \/><\/p>\n<div>\n<p class=\"wp-block-paragraph\">O Governo de S\u00e3o Paulo lan\u00e7ou nesta quarta-feira (10), durante as comemora\u00e7\u00f5es da Semana do Meio Ambiente, o <a href=\"https:\/\/semil.sp.gov.br\/editais\/2026\/06\/edital-de-chamamento-publico-no-01-2026-gs-premio-sp-carbono-zero-edicao-2026\/\" target=\"_blank\" rel=\"noopener\">edital da segunda edi\u00e7\u00e3o do Pr\u00eamio SP Carbono Zero 2026<\/a>, iniciativa que reconhece projetos em opera\u00e7\u00e3o no estado, alinhados \u00e0 estrat\u00e9gia clim\u00e1tica paulista e que contribuem para a mitiga\u00e7\u00e3o e adapta\u00e7\u00e3o \u00e0s mudan\u00e7as clim\u00e1ticas, promovendo um futuro mais sustent\u00e1vel e resiliente.<\/p>\n<p class=\"wp-block-paragraph\">Para 2026, as categorias da premia\u00e7\u00e3o foram atualizadas com o objetivo de ampliar o espectro de iniciativas contempladas, considerando o processo de consulta pr\u00e9via para a coleta de recomenda\u00e7\u00f5es junto ao Conselho Estadual de Mudan\u00e7as Clim\u00e1ticas (CEMC). As categorias foram redesenhadas para incorporar novas oportunidades dentro da estrat\u00e9gia clim\u00e1tica paulista, cada uma estruturada em modalidades de projetos eleg\u00edveis.<\/p>\n<p class=\"wp-block-paragraph\"><strong>LEIA TAMB\u00c9M: <\/strong><a href=\"https:\/\/www.agenciasp.sp.gov.br\/governo-de-sp-lanca-premio-inedito-para-reconhecer-municipios-paulistas-por-eficiencia-em-obras-de-saneamento-e-seguranca-hidrica\/\" rel=\"noopener\">Governo de SP lan\u00e7a pr\u00eamio in\u00e9dito para reconhecer munic\u00edpios paulistas por efici\u00eancia em obras de saneamento e seguran\u00e7a h\u00eddrica<\/a><\/p>\n<p class=\"wp-block-paragraph\">As propostas concorrem em cinco categorias: Agricultura de Baixo Carbono; Resili\u00eancia H\u00eddrica e Adapta\u00e7\u00e3o Clim\u00e1tica; Transi\u00e7\u00e3o Energ\u00e9tica e Combust\u00edveis de Baixo Carbono; Zona Costeira e Oceano; Educa\u00e7\u00e3o Clim\u00e1tica e Justi\u00e7a Socioambiental. Al\u00e9m delas, haver\u00e1 uma categoria especial \u2013 \u201cSP Carbono Zero \u2013 Destaque 2026\u201d, que ir\u00e1 selecionar o projeto ou iniciativa mais votado entre os primeiros colocados de cada categoria do Pr\u00eamio.<\/p>\n<p class=\"wp-block-paragraph\">Al\u00e9m das recomenda\u00e7\u00f5es do CEMC, a premia\u00e7\u00e3o contou com contribui\u00e7\u00f5es das \u00e1reas t\u00e9cnicas da Secretaria de Meio Ambiente, Infraestrutura e Log\u00edstica (Semil), visando assegurar o alinhamento t\u00e9cnico e conceitual de categorias \u00e0 agenda clim\u00e1tica em desenvolvimento no estado.<\/p>\n<p class=\"wp-block-paragraph\">\u201cA modelagem proposta para edi\u00e7\u00e3o 2026 busca incorporar categorias alinhadas ao Plano Estadual de Adapta\u00e7\u00e3o e Resili\u00eancia Clim\u00e1tica (PEARC), instrumento estrat\u00e9gico do estado que orienta a\u00e7\u00f5es de enfrentamento aos impactos das mudan\u00e7as clim\u00e1ticas, e tamb\u00e9m ao Plano de A\u00e7\u00e3o Clim\u00e1tica (PAC2050), que \u00e9 a estrat\u00e9gia do governo paulista para atingir a neutralidade de emiss\u00f5es de carbono at\u00e9 2050, e ao Plano Estadual de Energia 2050 (PEE2050), contemplando, ainda, projetos e iniciativas de agricultura de baixo carbono, resili\u00eancia h\u00eddrica, transi\u00e7\u00e3o energ\u00e9tica, zona costeira e oceanos, bem como educa\u00e7\u00e3o clim\u00e1tica\u201d, explicou a secret\u00e1ria da Semil, Nat\u00e1lia Resende.<\/p>\n<p class=\"wp-block-paragraph\">Os projetos inscritos ser\u00e3o avaliados por uma Comiss\u00e3o de Avalia\u00e7\u00e3o, que ir\u00e1 realizar a curadoria t\u00e9cnica com base em quatro crit\u00e9rios: inova\u00e7\u00e3o, impacto, replicabilidade e justi\u00e7a clim\u00e1tica. As inscri\u00e7\u00f5es poder\u00e3o ser realizadas at\u00e9 o dia 3 de julho.<\/p>\n<p class=\"wp-block-paragraph\">Para acessar o Edital, conferir os crit\u00e9rios de participa\u00e7\u00e3o e obter mais informa\u00e7\u00f5es, visite a p\u00e1gina do <a href=\"https:\/\/semil.sp.gov.br\/sp-carbono-zero\/\" target=\"_blank\" rel=\"noopener\">Compromisso SP Carbono Zero<\/a> disponibilizada no site da Semil.<\/p>\n<p class=\"wp-block-paragraph\">O Pr\u00eamio SP Carbono Zero integra a estrat\u00e9gia clim\u00e1tica do Governo de S\u00e3o Paulo ao promover uma abordagem pr\u00e1tica e colaborativa no enfrentamento da crise clim\u00e1tica. A iniciativa refor\u00e7a o compromisso do estado com a neutralidade de emiss\u00f5es de Gases de Efeito Estufa (GEE) at\u00e9 2050 e o incentivo a projetos de Mitiga\u00e7\u00e3o e Adapta\u00e7\u00e3o Clim\u00e1tica.<\/p>\n<h3 class=\"wp-block-heading\">Saiba mais<\/h3>\n<p class=\"wp-block-paragraph\">Conhe\u00e7a os vencedores da primeira edi\u00e7\u00e3o do Pr\u00eamio SP Carbono Zero, realizada em 2025, e os projetos de reflorestamento, economia circular e energia limpa reconhecidos pela iniciativa: clique aqui (<a href=\"https:\/\/semil.sp.gov.br\/2025\/11\/projetos-de-reflorestamento-economia-circular-e-energia-limpa-vencem-o-premio-sp-carbono-zero\/\" target=\"_blank\" rel=\"noopener\">https:\/\/semil.sp.gov.br\/2025\/11\/projetos-de-reflorestamento-economia-circular-e-energia-limpa-vencem-o-premio-sp-carbono-zero\/<\/a>)<\/p>\n<h3 class=\"wp-block-heading\">Sobre a Semana do Meio Ambiente<\/h3>\n<p class=\"wp-block-paragraph\">Realizada pelo Governo de S\u00e3o Paulo em celebra\u00e7\u00e3o ao Dia Mundial do Meio Ambiente, a Semana do Meio Ambiente ter\u00e1 como ponto alto evento no Parque Ecol\u00f3gico do Tiet\u00ea (PET), na zona leste da capital paulista, no dia 10 de junho. A edi\u00e7\u00e3o deste ano incorpora o legado do Summit Agenda SP+Verde, ampliando a integra\u00e7\u00e3o entre governo, setor produtivo, investidores e sociedade civil em torno da agenda clim\u00e1tica, da economia verde e do desenvolvimento sustent\u00e1vel. <\/p>\n<p class=\"wp-block-paragraph\">A programa\u00e7\u00e3o inclui uma s\u00e9rie de an\u00fancios e entregas, ativa\u00e7\u00f5es e atra\u00e7\u00f5es com a participa\u00e7\u00e3o de empresas e entidades selecionadas por edital p\u00fablico. Tamb\u00e9m est\u00e1 previsto na programa\u00e7\u00e3o o F\u00f3rum SP Conecta, iniciativa da Semil e da InvestSP a ser realizada no pr\u00f3ximo dia 16 de junho, voltada \u00e0 atra\u00e7\u00e3o de investimentos e ao fortalecimento da competitividade ambiental no Estado de S\u00e3o Paulo. A Semana do Meio Ambiente tamb\u00e9m faz alus\u00e3o \u00e0s comemora\u00e7\u00f5es dos 40 anos da Semil.<\/p>\n<\/p><\/div>\n<p><br \/>\n<br \/><a href=\"https:\/\/www.agenciasp.sp.gov.br\/sp-abre-inscricoes-para-sp-carbono-zero\/\" rel=\"noopener\">Informa\u00e7\u00f5es GOV.SP<\/a><\/p>\n","protected":false},"excerpt":{"rendered":"<p>O Governo de S\u00e3o Paulo lan\u00e7ou nesta quarta-feira (10), durante as comemora\u00e7\u00f5es da Semana do Meio Ambiente, o edital da segunda edi\u00e7\u00e3o do Pr\u00eamio SP Carbono Zero 2026, iniciativa que reconhece projetos em opera\u00e7\u00e3o no estado, alinhados \u00e0 estrat\u00e9gia clim\u00e1tica paulista e que contribuem para a mitiga\u00e7\u00e3o e adapta\u00e7\u00e3o \u00e0s mudan\u00e7as clim\u00e1ticas, promovendo um futuro [&hellip;]<\/p>\n","protected":false},"author":1,"featured_media":68671,"comment_status":"","ping_status":"open","sticky":false,"template":"","format":"standard","meta":{"_jetpack_newsletter_access":"","_jetpack_dont_email_post_to_subs":false,"_jetpack_newsletter_tier_id":0,"_jetpack_memberships_contains_paywalled_content":false,"_mbp_banners":[],"_jetpack_feature_clip_id":0,"_jetpack_memberships_contains_paid_content":false,"footnotes":"","jetpack_publicize_message":"","jetpack_publicize_feature_enabled":true,"jetpack_social_post_already_shared":true,"jetpack_social_options":{"image_generator_settings":{"template":"highway","default_image_id":0,"font":"","enabled":false},"version":2},"jetpack_post_was_ever_published":false},"categories":[21],"tags":[],"class_list":["post-68670","post","type-post","status-publish","format-standard","has-post-thumbnail","category-sp-news"],"jetpack_publicize_connections":[],"jetpack-related-posts":[],"jetpack_shortlink":"https:\/\/wp.me\/p7Eq1F-hRA","jetpack_sharing_enabled":true,"jetpack_featured_media_url":"https:\/\/i0.wp.com\/guialimeira.com.br\/news\/wp-content\/uploads\/2026\/06\/Governo-de-SP-abre-inscricoes-para-2a-edicao-do-Premio.jpg?fit=1024%2C683&ssl=1","_links":{"self":[{"href":"https:\/\/guialimeira.com.br\/news\/wp-json\/wp\/v2\/posts\/68670","targetHints":{"allow":["GET"]}}],"collection":[{"href":"https:\/\/guialimeira.com.br\/news\/wp-json\/wp\/v2\/posts"}],"about":[{"href":"https:\/\/guialimeira.com.br\/news\/wp-json\/wp\/v2\/types\/post"}],"author":[{"embeddable":true,"href":"https:\/\/guialimeira.com.br\/news\/wp-json\/wp\/v2\/users\/1"}],"replies":[{"embeddable":true,"href":"https:\/\/guialimeira.com.br\/news\/wp-json\/wp\/v2\/comments?post=68670"}],"version-history":[{"count":0,"href":"https:\/\/guialimeira.com.br\/news\/wp-json\/wp\/v2\/posts\/68670\/revisions"}],"wp:featuredmedia":[{"embeddable":true,"href":"https:\/\/guialimeira.com.br\/news\/wp-json\/wp\/v2\/media\/68671"}],"wp:attachment":[{"href":"https:\/\/guialimeira.com.br\/news\/wp-json\/wp\/v2\/media?parent=68670"}],"wp:term":[{"taxonomy":"category","embeddable":true,"href":"https:\/\/guialimeira.com.br\/news\/wp-json\/wp\/v2\/categories?post=68670"},{"taxonomy":"post_tag","embeddable":true,"href":"https:\/\/guialimeira.com.br\/news\/wp-json\/wp\/v2\/tags?post=68670"}],"curies":[{"name":"wp","href":"https:\/\/api.w.org\/{rel}","templated":true}]}}