{"id":68668,"date":"2026-06-11T12:48:23","date_gmt":"2026-06-11T15:48:23","guid":{"rendered":"https:\/\/guialimeira.com.br\/dia-mundial-do-doador-de-sangue-reforca-a-importancia-da-solidariedade-para-salvar-vidas\/"},"modified":"2026-06-11T12:48:23","modified_gmt":"2026-06-11T15:48:23","slug":"dia-mundial-do-doador-de-sangue-reforca-a-importancia-da-solidariedade-para-salvar-vidas","status":"publish","type":"post","link":"https:\/\/guialimeira.com.br\/news\/dia-mundial-do-doador-de-sangue-reforca-a-importancia-da-solidariedade-para-salvar-vidas\/","title":{"rendered":"Dia Mundial do Doador de Sangue refor\u00e7a a import\u00e2ncia da solidariedade para salvar vidas"},"content":{"rendered":"<p> <br \/>\n<\/p>\n<div data-id=\"626ab9d\" data-element_type=\"widget\" data-e-type=\"widget\" data-widget_type=\"theme-post-content.default\">\n<p class=\"wp-block-paragraph\"><em>Professora da S\u00e3o Leopoldo Mandic alerta para a necessidade da doa\u00e7\u00e3o constante<\/em><\/p>\n<p class=\"wp-block-paragraph\">No pr\u00f3ximo domingo, 14 de junho, comemora-se o Dia Mundial do Doador de Sangue. A data foi criada para conscientizar a popula\u00e7\u00e3o sobre a necessidade da doa\u00e7\u00e3o volunt\u00e1ria e regular para garantir estoques suficientes nos hemocentros. A data tamb\u00e9m \u00e9 um reconhecimento aos milh\u00f5es de doadores que ajudam a salvar vidas diariamente.<\/p>\n<p class=\"wp-block-paragraph\">De acordo com a m\u00e9dica geriatra e professora do curso de Medicina da Faculdade S\u00e3o Leopoldo Mandic Limeira, Amanda Mestriner Zamai, a doa\u00e7\u00e3o de sangue \u00e9 indispens\u00e1vel para o funcionamento do sistema de sa\u00fade. \u201c\u00c9 um ato fundamental porque o sangue n\u00e3o pode ser produzido artificialmente. A \u00fanica fonte de sangue \u00e9 a doa\u00e7\u00e3o volunt\u00e1ria. Ele \u00e9 indispens\u00e1vel para cirurgias, transplantes e in\u00fameros tratamentos\u201d, destaca.<\/p>\n<p class=\"wp-block-paragraph\">Entre os pacientes que mais dependem das transfus\u00f5es est\u00e3o pessoas em tratamento contra o c\u00e2ncer, especialmente leucemias, aqueles submetidos a grandes cirurgias e transplantes, v\u00edtimas de acidentes, rec\u00e9m-nascidos prematuros, al\u00e9m de pessoas com anemias graves e demais doen\u00e7as hematol\u00f3gicas.<\/p>\n<p class=\"wp-block-paragraph\">O Dia Mundial do Doados de Sangue \u00e9 um alerta para a sociedade pois, durante o ano, h\u00e1 per\u00edodos preocupantes nos hemocentros devido \u00e0 aus\u00eancia de um n\u00famero ideal de doadores. F\u00e9rias escolares, feriados prolongados, \u00e9pocas de maior incid\u00eancia de doen\u00e7as respirat\u00f3rias e de casos de dengue est\u00e3o entre os momentos mais cr\u00edticos para os hemocentros.<\/p>\n<p class=\"wp-block-paragraph\">Por isso, o alerta \u00e9 constante: uma \u00fanica doa\u00e7\u00e3o pode fazer a diferen\u00e7a para v\u00e1rias pessoas. Segundo a professora, cerca de 450 ml de sangue coletados podem beneficiar at\u00e9 quatro pacientes, j\u00e1 que o material \u00e9 separado em diferentes componentes, como hem\u00e1cias, plasma e plaquetas, para serem utilizados conforme a necessidade de cada tratamento.<\/p>\n<p class=\"wp-block-paragraph\">A m\u00e9dica explica que os doadores devem apresentar boas condi\u00e7\u00f5es de sa\u00fade, com peso m\u00ednimo de 50 quilos e idade entre 16 e 69 anos. Algumas condi\u00e7\u00f5es, como febre, infec\u00e7\u00f5es, gravidez, amamenta\u00e7\u00e3o, uso de determinados medicamentos e realiza\u00e7\u00e3o recente de tatuagem ou piercing, podem impedir temporariamente a doa\u00e7\u00e3o. J\u00e1 pessoas que tiveram dengue, Covid-19 ou gripe podem doar ap\u00f3s o per\u00edodo de recupera\u00e7\u00e3o recomendado, desde que estejam sem sintomas.<\/p>\n<p class=\"wp-block-paragraph\">Amanda tamb\u00e9m ressalta que \u00e9 importante manter a regularidade nas doa\u00e7\u00f5es. \u201cOs componentes do sangue t\u00eam prazo de validade. As plaquetas podem ser armazenadas por at\u00e9 cinco dias, as hem\u00e1cias por cerca de 42 dias e o plasma por at\u00e9 um ano. Como a necessidade de transfus\u00f5es existe diariamente, doa\u00e7\u00f5es regulares s\u00e3o essenciais para manter os estoques adequados e evitar situa\u00e7\u00f5es cr\u00edticas\u201d, enfatiza.<\/p>\n<p class=\"wp-block-paragraph\">Todos os tipos sangu\u00edneos s\u00e3o importantes, mas os tipos O negativo e O positivo costumam ser especialmente requisitados. O primeiro \u00e9 utilizado em emerg\u00eancias, por ser considerado doador universal para hem\u00e1cias, enquanto o segundo \u00e9 o mais frequente na popula\u00e7\u00e3o.<\/p>\n<p class=\"wp-block-paragraph\">Para quem nunca doou e sente receio, a especialista deixa um incentivo. \u201cTer receio \u00e9 natural. A doa\u00e7\u00e3o \u00e9 um procedimento r\u00e1pido e seguro. Em poucos minutos, um gesto simples pode representar uma nova chance de vida para v\u00e1rias pessoas. Muitas vezes, aquilo que para o doador \u00e9 apenas uma manh\u00e3 do seu dia pode significar a continuidade da vida para algu\u00e9m que est\u00e1 no hospital aguardando uma transfus\u00e3o\u201d, alerta Amanda.<\/p>\n<\/div>\n<p><br \/>\n<br \/><a href=\"https:\/\/dinamuscomunicacao.com.br\/dia-mundial-do-doador-de-sangue-reforca-a-importancia-da-solidariedade-para-salvar-vidas\/\" rel=\"noopener\"> Informa\u00e7\u00f5es: D\u00ednamus Comunica\u00e7\u00e3o <\/a><\/p>\n","protected":false},"excerpt":{"rendered":"<p>Professora da S\u00e3o Leopoldo Mandic alerta para a necessidade da doa\u00e7\u00e3o constante No pr\u00f3ximo domingo, 14 de junho, comemora-se o Dia Mundial do Doador de Sangue. A data foi criada para conscientizar a popula\u00e7\u00e3o sobre a necessidade da doa\u00e7\u00e3o volunt\u00e1ria e regular para garantir estoques suficientes nos hemocentros. A data tamb\u00e9m \u00e9 um reconhecimento aos [&hellip;]<\/p>\n","protected":false},"author":1,"featured_media":68669,"comment_status":"","ping_status":"open","sticky":false,"template":"","format":"standard","meta":{"_jetpack_newsletter_access":"","_jetpack_dont_email_post_to_subs":false,"_jetpack_newsletter_tier_id":0,"_jetpack_memberships_contains_paywalled_content":false,"_mbp_banners":[],"_jetpack_feature_clip_id":0,"_jetpack_memberships_contains_paid_content":false,"footnotes":"","jetpack_publicize_message":"","jetpack_publicize_feature_enabled":true,"jetpack_social_post_already_shared":true,"jetpack_social_options":{"image_generator_settings":{"template":"highway","default_image_id":0,"font":"","enabled":false},"version":2},"jetpack_post_was_ever_published":false},"categories":[16],"tags":[],"class_list":["post-68668","post","type-post","status-publish","format-standard","has-post-thumbnail","category-local"],"jetpack_publicize_connections":[],"jetpack-related-posts":[],"jetpack_shortlink":"https:\/\/wp.me\/p7Eq1F-hRy","jetpack_sharing_enabled":true,"jetpack_featured_media_url":"https:\/\/i0.wp.com\/guialimeira.com.br\/news\/wp-content\/uploads\/2026\/06\/IMG_8216insta.jpg.jpeg?fit=1600%2C2134&ssl=1","_links":{"self":[{"href":"https:\/\/guialimeira.com.br\/news\/wp-json\/wp\/v2\/posts\/68668","targetHints":{"allow":["GET"]}}],"collection":[{"href":"https:\/\/guialimeira.com.br\/news\/wp-json\/wp\/v2\/posts"}],"about":[{"href":"https:\/\/guialimeira.com.br\/news\/wp-json\/wp\/v2\/types\/post"}],"author":[{"embeddable":true,"href":"https:\/\/guialimeira.com.br\/news\/wp-json\/wp\/v2\/users\/1"}],"replies":[{"embeddable":true,"href":"https:\/\/guialimeira.com.br\/news\/wp-json\/wp\/v2\/comments?post=68668"}],"version-history":[{"count":0,"href":"https:\/\/guialimeira.com.br\/news\/wp-json\/wp\/v2\/posts\/68668\/revisions"}],"wp:featuredmedia":[{"embeddable":true,"href":"https:\/\/guialimeira.com.br\/news\/wp-json\/wp\/v2\/media\/68669"}],"wp:attachment":[{"href":"https:\/\/guialimeira.com.br\/news\/wp-json\/wp\/v2\/media?parent=68668"}],"wp:term":[{"taxonomy":"category","embeddable":true,"href":"https:\/\/guialimeira.com.br\/news\/wp-json\/wp\/v2\/categories?post=68668"},{"taxonomy":"post_tag","embeddable":true,"href":"https:\/\/guialimeira.com.br\/news\/wp-json\/wp\/v2\/tags?post=68668"}],"curies":[{"name":"wp","href":"https:\/\/api.w.org\/{rel}","templated":true}]}}