{"id":68663,"date":"2026-06-11T11:52:44","date_gmt":"2026-06-11T14:52:44","guid":{"rendered":"https:\/\/guialimeira.com.br\/sp-tera-a-primeira-usina-do-pais-para-capturar-e-armazenar-carbono-do-etanol-de-cana\/"},"modified":"2026-06-11T11:52:44","modified_gmt":"2026-06-11T14:52:44","slug":"sp-tera-a-primeira-usina-do-pais-para-capturar-e-armazenar-carbono-do-etanol-de-cana","status":"publish","type":"post","link":"https:\/\/guialimeira.com.br\/news\/sp-tera-a-primeira-usina-do-pais-para-capturar-e-armazenar-carbono-do-etanol-de-cana\/","title":{"rendered":"SP ter\u00e1 a primeira usina do pa\u00eds para capturar e armazenar carbono do etanol de cana"},"content":{"rendered":"<p> <br \/>\n<br \/><img data-recalc-dims=\"1\" decoding=\"async\" src=\"https:\/\/i0.wp.com\/www.agenciasp.sp.gov.br\/wp-content\/uploads\/2026\/06\/Captura-de-tela-2026-06-11-113113.png?w=696&#038;ssl=1\" \/><\/p>\n<div>\n<p class=\"wp-block-paragraph\">O Estado de S\u00e3o Paulo vai construir a primeira usina brasileira para captura e armazenamento de carbono emitido pela produ\u00e7\u00e3o de etanol de cana-de-a\u00e7\u00facar. O an\u00fancio foi feito pelo governador Tarc\u00edsio de Freitas durante evento realizado em comemora\u00e7\u00e3o \u00e0 Semana do Meio Ambiente nesta quarta-feira (10). Na ocasi\u00e3o, foi assinado o termo de cria\u00e7\u00e3o do Centro de Tecnologias para Captura e Armazenamento de Carbono Biog\u00eanico (CTCCSBio).<\/p>\n<p class=\"wp-block-paragraph\">Trata-se de um novo <a href=\"https:\/\/ccd.fapesp.br\/\" data-type=\"link\" data-id=\"https:\/\/ccd.fapesp.br\/\" target=\"_blank\" rel=\"noopener\">Centro de Ci\u00eancia para o Desenvolvimento (CCD)<\/a>, financiado pela <a href=\"https:\/\/fapesp.br\/\" target=\"_blank\" rel=\"noopener\">FAPESP<\/a>, sediado na Escola Polit\u00e9cnica da Universidade de S\u00e3o Paulo (Poli-USP) e implementado em parceria com a Secretaria de Estado do Meio Ambiente (Semil), a Petrobras, o Grupo S\u00e3o Martinho e o escrit\u00f3rio Rolim Goulart Cardoso Advogados. A miss\u00e3o da equipe ser\u00e1 estudar a viabilidade e planejar a implanta\u00e7\u00e3o da nova usina.<\/p>\n<p class=\"wp-block-paragraph\"><strong>LEIA TAMB\u00c9M: <\/strong><a href=\"https:\/\/www.agenciasp.sp.gov.br\/primeira-usina-que-transforma-agua-do-mar-em-agua-potavel-de-sp-sera-construida-em-ilhabela\/\" rel=\"noopener\">Primeira usina que transforma \u00e1gua do mar em \u00e1gua pot\u00e1vel de SP ser\u00e1 constru\u00edda em Ilhabela\u00a0<\/a><\/p>\n<p class=\"wp-block-paragraph\">O estado de S\u00e3o Paulo \u00e9 o maior produtor de etanol e de a\u00e7\u00facar do pa\u00eds, e a tecnologia conhecida como BECCS (sigla em ingl\u00eas para Bioenergia com Captura e Armazenamento de Carbono) permite, em tese, que esse etanol paulista venha a se tornar um combust\u00edvel \u201ccarbono negativo\u201d \u2013 ou seja, que mais retira do que adiciona carbono da atmosfera. Isso porque o processo de captura do CO<sub>\u2082<\/sub> liberado na produ\u00e7\u00e3o do etanol e seu armazenamento no subsolo reverteria o balan\u00e7o de emiss\u00f5es de gases do efeito estufa.<\/p>\n<p class=\"wp-block-paragraph\">\u201cA produ\u00e7\u00e3o de etanol a partir da cana-de-a\u00e7\u00facar j\u00e1 \u00e9 considerada uma alternativa mais sustent\u00e1vel em rela\u00e7\u00e3o aos combust\u00edveis f\u00f3sseis por emitir menos g\u00e1s carb\u00f4nico. Portanto, ao capturar esse g\u00e1s e injet\u00e1-lo no subsolo, estamos removendo ativamente o carbono que j\u00e1 circulava no ciclo de vida da planta. Atualmente, o etanol ainda tem uma pegada de carbono positiva, mas, com a remo\u00e7\u00e3o, pode-se chegar a uma pegada de carbono negativa. Algo extremamente interessante para o setor sucroenerg\u00e9tico e para o pa\u00eds\u201d, avalia Bruno Souza Carmo, professor da Poli-USP e diretor do CTCCSBio.<\/p>\n<p class=\"wp-block-paragraph\"><strong>LEIA TAMB\u00c9M: <\/strong><a href=\"https:\/\/www.agenciasp.sp.gov.br\/nova-ferramenta-permite-que-produtor-rural-de-sp-possa-mapear-danos-em-vegetacao-nativa-decorrentes-de-interferencias-ambientais\/\" rel=\"noopener\">Nova ferramenta permite que produtor rural de SP possa mapear danos em vegeta\u00e7\u00e3o nativa decorrentes de interfer\u00eancias ambientais<\/a><\/p>\n<h3 class=\"wp-block-heading\">Monetiza\u00e7\u00e3o<\/h3>\n<p class=\"wp-block-paragraph\">Segundo Carmo, a tecnologia para fazer essa captura e armazenamento de carbono j\u00e1 existe e, portanto, o maior desafio do novo centro ser\u00e1 torn\u00e1-la vi\u00e1vel no contexto paulista e do setor sucroenerg\u00e9tico. \u201cO armazenamento de carbono n\u00e3o gera receita direta. Vamos estudar mecanismos de monetiza\u00e7\u00e3o, como mercado de carbono, compensa\u00e7\u00f5es ambientais e pol\u00edticas de incentivo\u201d, afirma.<\/p>\n<p class=\"wp-block-paragraph\">O centro ter\u00e1 atua\u00e7\u00e3o multidisciplinar, reunindo especialistas em engenharia, geologia, economia, direito e psicologia. Entre as principais frentes est\u00e3o a avalia\u00e7\u00e3o da viabilidade econ\u00f4mica e a an\u00e1lise do arcabou\u00e7o regulat\u00f3rio para viabilizar cr\u00e9ditos de carbono. Nessa etapa, os pesquisadores tamb\u00e9m v\u00e3o identificar por meio de estudos geol\u00f3gicos os locais mais adequados para instalar a usina e armazenar o CO<sub>\u2082<\/sub> capturado. Segundo Carmo, a planta precisa estar pr\u00f3xima de reservat\u00f3rios salinos profundos, forma\u00e7\u00f5es a mais de mil metros de profundidade e compostas por rochas porosas preenchidas por \u00e1gua altamente salina, ou seja, sem utilidade para o abastecimento humano.<\/p>\n<h3 class=\"wp-block-heading\">Desenvolvimento em duas fases<\/h3>\n<p class=\"wp-block-paragraph\">O projeto ter\u00e1 dura\u00e7\u00e3o de cinco anos, investimento total estimado de R$ 30 milh\u00f5es e ser\u00e1 implementado em duas fases. Na primeira, com dura\u00e7\u00e3o de dois anos, a equipe vai prospectar locais para a instala\u00e7\u00e3o da usina e analisar o potencial de S\u00e3o Paulo para o uso da tecnologia. Para isso, ser\u00e3o considerados fatores como geologia, proximidade com usinas, infraestrutura, custos, impacto ambiental e percep\u00e7\u00e3o social. Na segunda fase, o projeto deve avan\u00e7ar para a implanta\u00e7\u00e3o e funcionamento da nova usina.<\/p>\n<p class=\"wp-block-paragraph\">Atualmente, o Brasil possui apenas uma planta de captura e armazenamento de carbono no Estado do Mato Grosso, que \u00e9 voltada para o etanol de milho. A usina paulista ser\u00e1 a primeira dedicada ao etanol de cana.<\/p>\n<p class=\"wp-block-paragraph\">No lan\u00e7amento do novo centro, o governador Tarc\u00edsio de Freitas destacou a relev\u00e2ncia da Fapesp no avan\u00e7o cient\u00edfico do estado. \u201cFoi criado um instrumento poderoso, que fomenta a pesquisa, o desenvolvimento, a ci\u00eancia. \u00c9 um instrumento que funciona, que vai continuar funcionando\u201d, disse o governador. \u201cS\u00e3o Paulo \u00e9 um Estado que cresceu em produtividade, cresceu no agro, mas tamb\u00e9m cresceu em sustentabilidade\u201d, completou.<\/p>\n<p class=\"wp-block-paragraph\">A secret\u00e1ria da Semil, Nat\u00e1lia Resende, afirmou em comunicado divulgado pela Pasta que o projeto est\u00e1 alinhado ao <a href=\"https:\/\/semil.sp.gov.br\/2022\/11\/consulta-publica-plano-de-acao-climatica-2050\/\" data-type=\"link\" data-id=\"https:\/\/semil.sp.gov.br\/2022\/11\/consulta-publica-plano-de-acao-climatica-2050\/\" target=\"_blank\" rel=\"noopener\">Plano de A\u00e7\u00e3o Clim\u00e1tica 2050 <\/a>e ao <a href=\"https:\/\/semil.sp.gov.br\/sem\/pee-2050\/\" data-type=\"link\" data-id=\"https:\/\/semil.sp.gov.br\/sem\/pee-2050\/\" target=\"_blank\" rel=\"noopener\">Plano Estadual de Energia<\/a>. \u201cO BECCS \u00e9 essencial para descarbonizar o setor agroindustrial paulista e manter sua competitividade internacional diante das crescentes exig\u00eancias ambientais globais\u201d, diz o texto.<\/p>\n<\/p><\/div>\n<p><br \/>\n<br \/><a href=\"https:\/\/www.agenciasp.sp.gov.br\/sp-primeira-usina-carbono-etanol-cana\/\" rel=\"noopener\">Informa\u00e7\u00f5es GOV.SP<\/a><\/p>\n","protected":false},"excerpt":{"rendered":"<p>O Estado de S\u00e3o Paulo vai construir a primeira usina brasileira para captura e armazenamento de carbono emitido pela produ\u00e7\u00e3o de etanol de cana-de-a\u00e7\u00facar. O an\u00fancio foi feito pelo governador Tarc\u00edsio de Freitas durante evento realizado em comemora\u00e7\u00e3o \u00e0 Semana do Meio Ambiente nesta quarta-feira (10). Na ocasi\u00e3o, foi assinado o termo de cria\u00e7\u00e3o do [&hellip;]<\/p>\n","protected":false},"author":1,"featured_media":68664,"comment_status":"","ping_status":"open","sticky":false,"template":"","format":"standard","meta":{"_jetpack_newsletter_access":"","_jetpack_dont_email_post_to_subs":false,"_jetpack_newsletter_tier_id":0,"_jetpack_memberships_contains_paywalled_content":false,"_mbp_banners":[],"_jetpack_feature_clip_id":0,"_jetpack_memberships_contains_paid_content":false,"footnotes":"","jetpack_publicize_message":"","jetpack_publicize_feature_enabled":true,"jetpack_social_post_already_shared":true,"jetpack_social_options":{"image_generator_settings":{"template":"highway","default_image_id":0,"font":"","enabled":false},"version":2},"jetpack_post_was_ever_published":false},"categories":[21],"tags":[],"class_list":["post-68663","post","type-post","status-publish","format-standard","has-post-thumbnail","category-sp-news"],"jetpack_publicize_connections":[],"jetpack-related-posts":[],"jetpack_shortlink":"https:\/\/wp.me\/p7Eq1F-hRt","jetpack_sharing_enabled":true,"jetpack_featured_media_url":"https:\/\/i0.wp.com\/guialimeira.com.br\/news\/wp-content\/uploads\/2026\/06\/SP-tera-a-primeira-usina-do-pais-para-capturar-e.png?fit=982%2C621&ssl=1","_links":{"self":[{"href":"https:\/\/guialimeira.com.br\/news\/wp-json\/wp\/v2\/posts\/68663","targetHints":{"allow":["GET"]}}],"collection":[{"href":"https:\/\/guialimeira.com.br\/news\/wp-json\/wp\/v2\/posts"}],"about":[{"href":"https:\/\/guialimeira.com.br\/news\/wp-json\/wp\/v2\/types\/post"}],"author":[{"embeddable":true,"href":"https:\/\/guialimeira.com.br\/news\/wp-json\/wp\/v2\/users\/1"}],"replies":[{"embeddable":true,"href":"https:\/\/guialimeira.com.br\/news\/wp-json\/wp\/v2\/comments?post=68663"}],"version-history":[{"count":0,"href":"https:\/\/guialimeira.com.br\/news\/wp-json\/wp\/v2\/posts\/68663\/revisions"}],"wp:featuredmedia":[{"embeddable":true,"href":"https:\/\/guialimeira.com.br\/news\/wp-json\/wp\/v2\/media\/68664"}],"wp:attachment":[{"href":"https:\/\/guialimeira.com.br\/news\/wp-json\/wp\/v2\/media?parent=68663"}],"wp:term":[{"taxonomy":"category","embeddable":true,"href":"https:\/\/guialimeira.com.br\/news\/wp-json\/wp\/v2\/categories?post=68663"},{"taxonomy":"post_tag","embeddable":true,"href":"https:\/\/guialimeira.com.br\/news\/wp-json\/wp\/v2\/tags?post=68663"}],"curies":[{"name":"wp","href":"https:\/\/api.w.org\/{rel}","templated":true}]}}