{"id":68659,"date":"2026-06-11T11:02:11","date_gmt":"2026-06-11T14:02:11","guid":{"rendered":"https:\/\/guialimeira.com.br\/nota-de-pesar-pela-morte-de-aderley-negrucci\/"},"modified":"2026-06-11T11:02:11","modified_gmt":"2026-06-11T14:02:11","slug":"nota-de-pesar-pela-morte-de-aderley-negrucci","status":"publish","type":"post","link":"https:\/\/guialimeira.com.br\/news\/nota-de-pesar-pela-morte-de-aderley-negrucci\/","title":{"rendered":"Nota de pesar pela morte de Aderley Negrucci"},"content":{"rendered":"<p> <br \/>\n<\/p>\n<div id=\"\">&#13;<br \/>\n                    &#13;<br \/>\n&#13;<br \/>\n&#13;<br \/>\n&#13;<\/p>\n<header class=\"list-header\">&#13;<br \/>\n    &#13;<br \/>\n&#13;<\/p>\n<nav class=\"breadcrumbs__container no-print\">&#13;<br \/>\n    <a class=\"breadcrumbs__item\" href=\"https:\/\/limeira.sp.gov.br\/\" rel=\"noopener\">In\u00edcio<\/a>&#13;<br \/>\n&#13;<br \/>\n&#13;<br \/>\n&#13;<br \/>\n<\/nav>\n<p>&#13;<br \/>\n&#13;<br \/>\n    &#13;<br \/>\n&#13;<\/p>\n<p class=\"page-description\">&#13;<br \/>\n            Profissional deixa uma trajet\u00f3ria marcada no meio da Comunica\u00e7\u00e3o em Limeira &#13;<br \/>\n&#13;\n        <\/p>\n<p>&#13;<br \/>\n&#13;<br \/>\n    &#13;<br \/>\n<\/header>\n<p>&#13;<br \/>\n&#13;<br \/>\n    <img data-recalc-dims=\"1\" decoding=\"async\" src=\"https:\/\/i0.wp.com\/ecrie.com.br\/sistema\/conteudos\/imagem\/m_137_0_1_11062026110114.jpeg?w=696&#038;ssl=1\" alt=\"Nota de pesar pela morte de Aderley Negrucci\"\/>&#13;<br \/>\n&#13;<br \/>\n&#13;<\/p>\n<p>O prefeito Murilo F\u00e9lix, a primeira-dama Luciana F\u00e9lix, o vice-prefeito, Fabiano D&#8217;Andr\u00e9a, em nome de toda a administra\u00e7\u00e3o municipal, manifestam profundo pesar pelo falecimento de Aderley Negrucci, aos 88 anos.\u00a0<\/p>\n<p>&#13;<\/p>\n<p>Aderley era radialista e comunicador e ao longo de sua trajet\u00f3ria, destacou-se no meio da Comunica\u00e7\u00e3o em Limeira. Ele deixa esposa Maria Jos\u00e9 Monteiro Negrucci e filhos Adalton, Adriana e Cristiane.<\/p>\n<p>&#13;<\/p>\n<p>A Prefeitura de Limeira presta solidariedade aos familiares, amigos e colegas de trabalho. O vel\u00f3rio acontece nesta sexta-feira (12), a partir das 8h no Vel\u00f3rio Municipal de Limeira, com sepultamento marcado para as 14h, no Cemit\u00e9rio Municipal de Limeira.<\/p>\n<p>&#13;<br \/>\n&#13;<br \/>\n&#13;<br \/>\n&#13;<\/p>\n<article class=\"conteudo-relacionado no-print\">&#13;<\/p>\n<header class=\"list-header\">&#13;<\/p>\n<h4>Conte\u00fados Relacionados<\/h4>\n<p>&#13;<br \/>\n        <\/header>\n<p>&#13;<br \/>\n&#13;<br \/>\n        &#13;<br \/>\n    <\/article>\n<p>&#13;<br \/>\n&#13;\n                <\/p><\/div>\n<p><br \/>\n<br \/><a href=\"https:\/\/limeira.sp.gov.br\/nota-de-pesar-pela-morte-de-aderley-negrucci\" rel=\"noopener\">Informa\u00e7\u00f5es da PML <\/a><\/p>\n","protected":false},"excerpt":{"rendered":"<p>&#13; &#13; &#13; &#13; &#13; &#13; &#13; &#13; &#13; In\u00edcio&#13; &#13; &#13; &#13; &#13; &#13; &#13; &#13; &#13; Profissional deixa uma trajet\u00f3ria marcada no meio da Comunica\u00e7\u00e3o em Limeira &#13; &#13; &#13; &#13; &#13; &#13; &#13; &#13; &#13; &#13; O prefeito Murilo F\u00e9lix, a primeira-dama Luciana F\u00e9lix, o vice-prefeito, Fabiano D&#8217;Andr\u00e9a, em nome de toda [&hellip;]<\/p>\n","protected":false},"author":1,"featured_media":68660,"comment_status":"","ping_status":"open","sticky":false,"template":"","format":"standard","meta":{"_jetpack_newsletter_access":"","_jetpack_dont_email_post_to_subs":false,"_jetpack_newsletter_tier_id":0,"_jetpack_memberships_contains_paywalled_content":false,"_mbp_banners":[],"_jetpack_feature_clip_id":0,"_jetpack_memberships_contains_paid_content":false,"footnotes":"","jetpack_publicize_message":"","jetpack_publicize_feature_enabled":true,"jetpack_social_post_already_shared":true,"jetpack_social_options":{"image_generator_settings":{"template":"highway","default_image_id":0,"font":"","enabled":false},"version":2},"jetpack_post_was_ever_published":false},"categories":[16],"tags":[],"class_list":["post-68659","post","type-post","status-publish","format-standard","has-post-thumbnail","category-local"],"jetpack_publicize_connections":[],"jetpack-related-posts":[],"jetpack_shortlink":"https:\/\/wp.me\/p7Eq1F-hRp","jetpack_sharing_enabled":true,"jetpack_featured_media_url":"https:\/\/i0.wp.com\/guialimeira.com.br\/news\/wp-content\/uploads\/2026\/06\/m_137_0_1_11062026110114.jpeg?fit=1024%2C576&ssl=1","_links":{"self":[{"href":"https:\/\/guialimeira.com.br\/news\/wp-json\/wp\/v2\/posts\/68659","targetHints":{"allow":["GET"]}}],"collection":[{"href":"https:\/\/guialimeira.com.br\/news\/wp-json\/wp\/v2\/posts"}],"about":[{"href":"https:\/\/guialimeira.com.br\/news\/wp-json\/wp\/v2\/types\/post"}],"author":[{"embeddable":true,"href":"https:\/\/guialimeira.com.br\/news\/wp-json\/wp\/v2\/users\/1"}],"replies":[{"embeddable":true,"href":"https:\/\/guialimeira.com.br\/news\/wp-json\/wp\/v2\/comments?post=68659"}],"version-history":[{"count":0,"href":"https:\/\/guialimeira.com.br\/news\/wp-json\/wp\/v2\/posts\/68659\/revisions"}],"wp:featuredmedia":[{"embeddable":true,"href":"https:\/\/guialimeira.com.br\/news\/wp-json\/wp\/v2\/media\/68660"}],"wp:attachment":[{"href":"https:\/\/guialimeira.com.br\/news\/wp-json\/wp\/v2\/media?parent=68659"}],"wp:term":[{"taxonomy":"category","embeddable":true,"href":"https:\/\/guialimeira.com.br\/news\/wp-json\/wp\/v2\/categories?post=68659"},{"taxonomy":"post_tag","embeddable":true,"href":"https:\/\/guialimeira.com.br\/news\/wp-json\/wp\/v2\/tags?post=68659"}],"curies":[{"name":"wp","href":"https:\/\/api.w.org\/{rel}","templated":true}]}}