{"id":68629,"date":"2026-06-11T03:40:10","date_gmt":"2026-06-11T06:40:10","guid":{"rendered":"https:\/\/guialimeira.com.br\/fundo-social-de-sp-e-defesa-civil-reforcam-combate-a-estiagem-com-entrega-de-caminhoes-pipa-para-municipios\/"},"modified":"2026-06-11T03:40:10","modified_gmt":"2026-06-11T06:40:10","slug":"fundo-social-de-sp-e-defesa-civil-reforcam-combate-a-estiagem-com-entrega-de-caminhoes-pipa-para-municipios","status":"publish","type":"post","link":"https:\/\/guialimeira.com.br\/news\/fundo-social-de-sp-e-defesa-civil-reforcam-combate-a-estiagem-com-entrega-de-caminhoes-pipa-para-municipios\/","title":{"rendered":"Fundo Social de SP e Defesa Civil refor\u00e7am combate \u00e0 estiagem com entrega de caminh\u00f5es-pipa para munic\u00edpios"},"content":{"rendered":"<p> <br \/>\n<br \/><img data-recalc-dims=\"1\" decoding=\"async\" src=\"https:\/\/i0.wp.com\/www.agenciasp.sp.gov.br\/wp-content\/uploads\/2026\/06\/WhatsApp-Image-2026-06-10-at-16.09.07.jpeg?w=696&#038;ssl=1\" \/><\/p>\n<div>\n<p class=\"wp-block-paragraph\">O Fundo Social de S\u00e3o Paulo, em parceria com a Defesa Civil do Estado, anunciou nesta quarta-feira (20), durante o lan\u00e7amento da fase vermelha da Opera\u00e7\u00e3o SP Sem Fogo 2026, a entrega de 20 caminh\u00f5es-pipa para refor\u00e7ar o apoio aos munic\u00edpios paulistas no enfrentamento da estiagem.A solenidade foi realizada no Parque Ecol\u00f3gico do Tiet\u00ea, na capital, durante a programa\u00e7\u00e3o especial da Semana do Meio Ambiente.<\/p>\n<p class=\"wp-block-paragraph\">Representado pela primeira-dama e presidente do Fundo Social de S\u00e3o Paulo, Cristiane Freitas, o \u00f3rg\u00e3o integrou a a\u00e7\u00e3o, que amplia a capacidade de abastecimento emergencial das cidades e fortalece a resposta aos impactos da seca. Os ve\u00edculos ser\u00e3o utilizados especialmente por munic\u00edpios mais vulner\u00e1veis aos efeitos da estiagem, garantindo mais agilidade no atendimento \u00e0 popula\u00e7\u00e3o durante os meses de menor volume de chuvas.<\/p>\n<p class=\"wp-block-paragraph\"><strong>LEIA TAMB\u00c9M: <\/strong><a href=\"https:\/\/www.agenciasp.sp.gov.br\/muralha-de-fogo-usa-sistema-de-cameras\/\" rel=\"noopener\">Muralha do Fogo: Governo de SP usa sistema de c\u00e2meras de seguran\u00e7a para refor\u00e7ar combate \u00e0s queimadas\u00a0<\/a><\/p>\n<p class=\"wp-block-paragraph\">Durante o evento, tamb\u00e9m foi anunciada a aquisi\u00e7\u00e3o de um novo lote de 69 caminh\u00f5es-pipa, que ser\u00e3o entregues ainda em 2026. Resultado da parceria entre o Fundo Social de S\u00e3o Paulo e a Defesa Civil do Estado, a iniciativa amplia a estrutura dispon\u00edvel para atendimento emergencial e refor\u00e7a o compromisso do Governo de S\u00e3o Paulo com o fortalecimento da capacidade de resposta local aos per\u00edodos de estiagem.<\/p>\n<p class=\"wp-block-paragraph\">Al\u00e9m da entrega dos novos caminh\u00f5es-pipa, o Governo do Estado anunciou investimentos em tecnologia, capacita\u00e7\u00e3o de agentes, equipamentos, ve\u00edculos operacionais, obras e novos conv\u00eanios de prote\u00e7\u00e3o e defesa civil, fortalecendo as a\u00e7\u00f5es de preven\u00e7\u00e3o e resposta em diversas regi\u00f5es paulistas.<\/p>\n<h3 class=\"wp-block-heading\">Apoio antecipado aos munic\u00edpios<\/h3>\n<p class=\"wp-block-paragraph\">Em abril deste ano, durante a cerim\u00f4nia que marcou os 50 anos da Defesa Civil do Estado de S\u00e3o Paulo, o Fundo Social de S\u00e3o Paulo e a Defesa Civil entregaram seis caminh\u00f5es-pipa aos munic\u00edpios de Adamantina, Avar\u00e9, Cap\u00e3o Bonito, Iguape, Itapeva e It\u00e1polis. A iniciativa integrou um conjunto de a\u00e7\u00f5es voltadas ao fortalecimento da capacidade de resposta municipal diante da estiagem e antecipou o apoio \u00e0s cidades antes do in\u00edcio da fase vermelha da Opera\u00e7\u00e3o SP Sem Fogo.<\/p>\n<p class=\"wp-block-paragraph\"><strong>LEIA TAMB\u00c9M: <\/strong><a href=\"https:\/\/www.agenciasp.sp.gov.br\/governo-de-sp-lanca-fase-vermelha-da-operacao-sp-sem-fogo-com-cerca-de-r-400-milhoes-em-investimentos\/\" rel=\"noopener\">Governo de SP lan\u00e7a fase vermelha da Opera\u00e7\u00e3o SP Sem Fogo com cerca de R$ 400 milh\u00f5es em investimentos<\/a><\/p>\n<h3 class=\"wp-block-heading\">Opera\u00e7\u00e3o SP Sem Fogo<\/h3>\n<p class=\"wp-block-paragraph\">A Opera\u00e7\u00e3o SP Sem Fogo \u00e9 a opera\u00e7\u00e3o estadual de preven\u00e7\u00e3o e combate a inc\u00eandios florestais e queimadas em \u00e1reas de vegeta\u00e7\u00e3o pr\u00f3ximas a regi\u00f5es rurais e urbanas. Sob o lema \u201cUma a\u00e7\u00e3o de todos para o bem de todos\u201d, a opera\u00e7\u00e3o re\u00fane \u00f3rg\u00e3os estaduais, munic\u00edpios e institui\u00e7\u00f5es parceiras em a\u00e7\u00f5es de preven\u00e7\u00e3o, monitoramento, controle e combate, com foco no per\u00edodo mais seco do ano, entre os meses de junho e outubro.<\/p>\n<\/p><\/div>\n<p><br \/>\n<br \/><a href=\"https:\/\/www.agenciasp.sp.gov.br\/fundo-social-de-sp-e-defesa-civil-reforcam-combate-a-estiagem-com-entrega-de-caminhoes-pipa-para-municipios\/\" rel=\"noopener\">Informa\u00e7\u00f5es GOV.SP<\/a><\/p>\n","protected":false},"excerpt":{"rendered":"<p>O Fundo Social de S\u00e3o Paulo, em parceria com a Defesa Civil do Estado, anunciou nesta quarta-feira (20), durante o lan\u00e7amento da fase vermelha da Opera\u00e7\u00e3o SP Sem Fogo 2026, a entrega de 20 caminh\u00f5es-pipa para refor\u00e7ar o apoio aos munic\u00edpios paulistas no enfrentamento da estiagem.A solenidade foi realizada no Parque Ecol\u00f3gico do Tiet\u00ea, na [&hellip;]<\/p>\n","protected":false},"author":1,"featured_media":68630,"comment_status":"","ping_status":"open","sticky":false,"template":"","format":"standard","meta":{"_jetpack_newsletter_access":"","_jetpack_dont_email_post_to_subs":false,"_jetpack_newsletter_tier_id":0,"_jetpack_memberships_contains_paywalled_content":false,"_mbp_banners":[],"_jetpack_feature_clip_id":0,"_jetpack_memberships_contains_paid_content":false,"footnotes":"","jetpack_publicize_message":"","jetpack_publicize_feature_enabled":true,"jetpack_social_post_already_shared":true,"jetpack_social_options":{"image_generator_settings":{"template":"highway","default_image_id":0,"font":"","enabled":false},"version":2},"jetpack_post_was_ever_published":false},"categories":[21],"tags":[],"class_list":["post-68629","post","type-post","status-publish","format-standard","has-post-thumbnail","category-sp-news"],"jetpack_publicize_connections":[],"jetpack-related-posts":[],"jetpack_shortlink":"https:\/\/wp.me\/p7Eq1F-hQV","jetpack_sharing_enabled":true,"jetpack_featured_media_url":"https:\/\/i0.wp.com\/guialimeira.com.br\/news\/wp-content\/uploads\/2026\/06\/Fundo-Social-de-SP-e-Defesa-Civil-reforcam-combate-a.jpeg?fit=1280%2C852&ssl=1","_links":{"self":[{"href":"https:\/\/guialimeira.com.br\/news\/wp-json\/wp\/v2\/posts\/68629","targetHints":{"allow":["GET"]}}],"collection":[{"href":"https:\/\/guialimeira.com.br\/news\/wp-json\/wp\/v2\/posts"}],"about":[{"href":"https:\/\/guialimeira.com.br\/news\/wp-json\/wp\/v2\/types\/post"}],"author":[{"embeddable":true,"href":"https:\/\/guialimeira.com.br\/news\/wp-json\/wp\/v2\/users\/1"}],"replies":[{"embeddable":true,"href":"https:\/\/guialimeira.com.br\/news\/wp-json\/wp\/v2\/comments?post=68629"}],"version-history":[{"count":0,"href":"https:\/\/guialimeira.com.br\/news\/wp-json\/wp\/v2\/posts\/68629\/revisions"}],"wp:featuredmedia":[{"embeddable":true,"href":"https:\/\/guialimeira.com.br\/news\/wp-json\/wp\/v2\/media\/68630"}],"wp:attachment":[{"href":"https:\/\/guialimeira.com.br\/news\/wp-json\/wp\/v2\/media?parent=68629"}],"wp:term":[{"taxonomy":"category","embeddable":true,"href":"https:\/\/guialimeira.com.br\/news\/wp-json\/wp\/v2\/categories?post=68629"},{"taxonomy":"post_tag","embeddable":true,"href":"https:\/\/guialimeira.com.br\/news\/wp-json\/wp\/v2\/tags?post=68629"}],"curies":[{"name":"wp","href":"https:\/\/api.w.org\/{rel}","templated":true}]}}