{"id":68614,"date":"2026-06-11T00:35:58","date_gmt":"2026-06-11T03:35:58","guid":{"rendered":"https:\/\/guialimeira.com.br\/caravana-3d-governo-de-sp-leva-r-749-milhoes-em-mobilidade-saude-e-infraestrutura-urbana-a-regiao-central\/"},"modified":"2026-06-11T00:35:58","modified_gmt":"2026-06-11T03:35:58","slug":"caravana-3d-governo-de-sp-leva-r-749-milhoes-em-mobilidade-saude-e-infraestrutura-urbana-a-regiao-central","status":"publish","type":"post","link":"https:\/\/guialimeira.com.br\/news\/caravana-3d-governo-de-sp-leva-r-749-milhoes-em-mobilidade-saude-e-infraestrutura-urbana-a-regiao-central\/","title":{"rendered":"Caravana 3D: Governo de SP leva R$ 749 milh\u00f5es em mobilidade, sa\u00fade e infraestrutura urbana \u00e0 regi\u00e3o Central"},"content":{"rendered":"<p> <br \/>\n<\/p>\n<div>\n<p class=\"wp-block-paragraph\">O Governo de S\u00e3o Paulo apresentou um pacote de R$ 748, 8 milh\u00f5es em entregas, conv\u00eanios e investimentos para a regi\u00e3o Central durante mais uma etapa da Caravana 3D \u2013 Desenvolvimento, Dignidade e Di\u00e1logo. O governador Tarc\u00edsio de Freitas anunciou as a\u00e7\u00f5es na noite desta quarta-feira (10), em encontro com prefeitos e lideran\u00e7as locais no The Palace Eventos, em S\u00e3o Carlos.<\/p>\n<p class=\"wp-block-paragraph\">Entre os principais aportes, est\u00e3o R$ 360,8 milh\u00f5es destinados a obras de mobilidade regional, R$ 152,1 milh\u00f5es para amplia\u00e7\u00e3o da assist\u00eancia em sa\u00fade, R$ 118 milh\u00f5es para a\u00e7\u00f5es de drenagem e conten\u00e7\u00e3o de cheias em S\u00e3o Carlos, R$ 76,9 milh\u00f5es aplicados em conv\u00eanios para obras de infraestrutura urbana em 26 munic\u00edpios e R$ 29 milh\u00f5es para expans\u00e3o dos servi\u00e7os de saneamento b\u00e1sico nos munic\u00edpios atendidos pela Sabesp.<\/p>\n<p class=\"wp-block-paragraph\">\u201cEsta \u00e9 uma oportunidade de colocar em pr\u00e1tica os tr\u00eas Ds de nossa gest\u00e3o para fortalecer a parceria com as lideran\u00e7as locais e compreender as demandas da regi\u00e3o. Muitas vezes chegamos com uma determinada pauta, mas o contato direto com os prefeitos e a popula\u00e7\u00e3o permite identificar novas necessidades. Estamos falando de cerca de R$ 750 milh\u00f5es em investimentos nesta passagem pela regi\u00e3o, que v\u00e3o contribuir para promover mais dignidade e qualidade de vida para a popula\u00e7\u00e3o. Vamos assinar conv\u00eanios com os munic\u00edpios, a maior parte contemplando infraestrutura urbana, em \u00e1reas definidas como priorit\u00e1rias pelos pr\u00f3prios prefeitos. Esses avan\u00e7os s\u00f3 s\u00e3o poss\u00edveis porque o Estado se estruturou financeiramente para enfrentar os desafios e ampliar sua capacidade de investimento\u201d, afirmou Tarc\u00edsio.<\/p>\n<h2 class=\"wp-block-heading\"><strong>Sa\u00fade<\/strong><\/h2>\n<p class=\"wp-block-paragraph\">O pacote que fortalece a sa\u00fade na regi\u00e3o soma R$ 152,1 milh\u00f5es e contempla a amplia\u00e7\u00e3o da rede hospitalar, novos servi\u00e7os especializados e o fortalecimento do atendimento regional.<\/p>\n<p class=\"wp-block-paragraph\">Um dos principais an\u00fancios foi a autoriza\u00e7\u00e3o para abertura do processo licitat\u00f3rio para constru\u00e7\u00e3o do novo pr\u00e9dio do Ambulat\u00f3rio M\u00e9dico de Especialidades (AME) de S\u00e3o Carlos, com aporte previsto de R$ 60 milh\u00f5es. A agenda tamb\u00e9m incluiu a inaugura\u00e7\u00e3o do novo Ambulat\u00f3rio de Oncologia da Santa Casa de Miseric\u00f3rdia de S\u00e3o Carlos, que recebeu R$ 3,5 milh\u00f5es e est\u00e1 em funcionamento desde mar\u00e7o deste ano, ampliando a capacidade de atendimento especializado na regi\u00e3o.<\/p>\n<p class=\"wp-block-paragraph\">O aporte inclui ainda os novos servi\u00e7os de aten\u00e7\u00e3o em sa\u00fade mental no Hospital Estadual de Santa Rita na Provid\u00eancia de Deus, com R$ 74 milh\u00f5es em recursos, entregues na tarde desta quarta, na cidade de Santa Rita do Passa Quatro. Na ocasi\u00e3o, tamb\u00e9m houve o descerramento da placa da amplia\u00e7\u00e3o da estrutura do Hospital Estadual de Am\u00e9rico Brasiliense. A unidade receber\u00e1 20 novos leitos de Unidade de Terapia Intensiva (UTI) e dez novos leitos de enfermaria, ampliando a capacidade de atendimento e fortalecendo a assist\u00eancia de m\u00e9dia e alta complexidade na regi\u00e3o. O investimento \u00e9 de R$ 2,6 milh\u00f5es.<\/p>\n<figure class=\"wp-block-image size-large\"><img data-recalc-dims=\"1\" fetchpriority=\"high\" decoding=\"async\" width=\"696\" height=\"464\" src=\"https:\/\/i0.wp.com\/www.agenciasp.sp.gov.br\/wp-content\/uploads\/2026\/06\/Atendimentos-Santa-Rita-do-Passa-Quatro-1024x683.jpg?resize=696%2C464&#038;ssl=1\" alt=\"\" class=\"wp-image-150722 lazy\" srcset=\"https:\/\/www.agenciasp.sp.gov.br\/wp-content\/uploads\/2026\/06\/Atendimentos-Santa-Rita-do-Passa-Quatro-1024x683.jpg 1024w, https:\/\/www.agenciasp.sp.gov.br\/wp-content\/uploads\/2026\/06\/Atendimentos-Santa-Rita-do-Passa-Quatro-300x200.jpg 300w, https:\/\/www.agenciasp.sp.gov.br\/wp-content\/uploads\/2026\/06\/Atendimentos-Santa-Rita-do-Passa-Quatro-768x512.jpg 768w, https:\/\/www.agenciasp.sp.gov.br\/wp-content\/uploads\/2026\/06\/Atendimentos-Santa-Rita-do-Passa-Quatro-1536x1024.jpg 1536w, https:\/\/www.agenciasp.sp.gov.br\/wp-content\/uploads\/2026\/06\/Atendimentos-Santa-Rita-do-Passa-Quatro-2048x1365.jpg 2048w, https:\/\/www.agenciasp.sp.gov.br\/wp-content\/uploads\/2026\/06\/Atendimentos-Santa-Rita-do-Passa-Quatro-150x100.jpg 150w\" data-sizes=\"(max-width: 1024px) 100vw, 1024px\"\/><figcaption class=\"wp-element-caption\">Novos servi\u00e7os no Estadual de Santa Rita na Provid\u00eancia de Deus, em Santa Rita do Passa Quatro, tamb\u00e9m foram entregues no primeiro dia. Foto: Jo\u00e3o Val\u00e9rio\/Governo de SP<\/figcaption><\/figure>\n<p class=\"wp-block-paragraph\">Nesta quinta (11), durante o segundo dia de caravana, o Governo de S\u00e3o Paulo tamb\u00e9m entrega o Ambulat\u00f3rio de Oncologia da Santa Casa de Miseric\u00f3rdia de S\u00e3o Carlos, com investimento de R$ 3,5 milh\u00f5es para a reforma e adequa\u00e7\u00e3o da estrutura. Em agenda que encerrar\u00e1 a passagem da comitiva pela regi\u00e3o, o Estado tamb\u00e9m vai liberar a \u00faltima parcela para execu\u00e7\u00e3o das obras do novo pr\u00e9dio da Santa Casa, no valor de R$ 12 milh\u00f5es. A entrega est\u00e1 prevista para o pr\u00f3ximo semestre.<\/p>\n<h2 class=\"wp-block-heading\"><strong>Mobilidade e resili\u00eancia<\/strong><\/h2>\n<p class=\"wp-block-paragraph\">A Caravana tamb\u00e9m contou com entregas e an\u00fancios na \u00e1rea de infraestrutura e mobilidade. Em S\u00e3o Carlos, ser\u00e1 inaugurada nesta quinta uma etapa das obras de amplia\u00e7\u00e3o da capacidade da Rodovia Washington Lu\u00eds (SP-310), com a entrega de 9,84 quil\u00f4metros de terceiras faixas e quatro viadutos. O empreendimento integra um conjunto de melhorias com aporte total de R$ 150 milh\u00f5es.<\/p>\n<p class=\"wp-block-paragraph\">Na Rodovia Engenheiro Thales de Lorena Peixoto J\u00fanior (SP-318), foi entregue a duplica\u00e7\u00e3o do trecho entre Rinc\u00e3o e S\u00e3o Carlos. A obra recebeu R$ 193 milh\u00f5es e beneficia diretamente os munic\u00edpios de S\u00e3o Carlos, Rinc\u00e3o, Am\u00e9rico Brasiliense e Santa L\u00facia.<\/p>\n<p class=\"wp-block-paragraph\">Entre as a\u00e7\u00f5es voltadas \u00e0 resili\u00eancia urbana, o governador autorizou a assinatura de conv\u00eanio entre o Departamento de Estradas de Rodagem (DER) e a Prefeitura de S\u00e3o Carlos para amplia\u00e7\u00e3o do reservat\u00f3rio de conten\u00e7\u00e3o de cheias S\u00e3o Sime\u00e3o. A interven\u00e7\u00e3o prev\u00ea obras de drenagem na bacia do C\u00f3rrego do Greg\u00f3rio e na sub-bacia do C\u00f3rrego Sime\u00e3o, com recursos de R$ 118 milh\u00f5es e prazo estimado de execu\u00e7\u00e3o de 24 meses.<\/p>\n<p class=\"wp-block-paragraph\">A programa\u00e7\u00e3o incluiu ainda o descerramento da placa da pavimenta\u00e7\u00e3o da Estrada do Bambu (NVE-081), em Nova Europa. Conclu\u00edda em fevereiro deste ano, a obra recebeu R$ 17,8 milh\u00f5es e contribui para reduzir riscos de eros\u00e3o e melhorar a seguran\u00e7a vi\u00e1ria local.<\/p>\n<h2 class=\"wp-block-heading\"><strong>Infraestrutura urbana<\/strong><\/h2>\n<p class=\"wp-block-paragraph\">O Governo de S\u00e3o Paulo formalizou 28 conv\u00eanios para obras municipais, totalizando R$ 76,9 milh\u00f5es. Os recursos ser\u00e3o destinados \u00e0 constru\u00e7\u00e3o e reforma de equipamentos p\u00fablicos, obras de pavimenta\u00e7\u00e3o, recapeamento, drenagem, ilumina\u00e7\u00e3o p\u00fablica, revitaliza\u00e7\u00e3o de parques e aquisi\u00e7\u00e3o de m\u00e1quinas e caminh\u00f5es.<\/p>\n<p class=\"wp-block-paragraph\">As interven\u00e7\u00f5es beneficiar\u00e3o 26 munic\u00edpios da regi\u00e3o, com investimentos em edifica\u00e7\u00f5es p\u00fablicas, infraestrutura urbana, sistemas de lazer e refor\u00e7o da frota de servi\u00e7os municipais.<\/p>\n<h2 class=\"wp-block-heading\"><strong>Saneamento<\/strong><\/h2>\n<p class=\"wp-block-paragraph\">Por meio do Plano de Universaliza\u00e7\u00e3o, a Sabesp investir\u00e1 cerca de R$ 29 milh\u00f5es nos munic\u00edpios de C\u00e2ndido Rodrigues, Dourado, Fernando Prestes e Santa Ernestina entre 2026 e 2029. Os recursos ser\u00e3o destinados \u00e0 amplia\u00e7\u00e3o dos sistemas de abastecimento de \u00e1gua e coleta e tratamento de esgoto.<\/p>\n<p class=\"wp-block-paragraph\">As interven\u00e7\u00f5es incluem a constru\u00e7\u00e3o de reservat\u00f3rios, esta\u00e7\u00f5es de tratamento de esgoto, po\u00e7os, redes de distribui\u00e7\u00e3o de \u00e1gua e redes coletoras, al\u00e9m da amplia\u00e7\u00e3o do atendimento por meio da tarifa social.<\/p>\n<h2 class=\"wp-block-heading\"><strong>Educa\u00e7\u00e3o<\/strong><\/h2>\n<p class=\"wp-block-paragraph\">A infraestrutura de ensino da regi\u00e3o recebeu R$ 9,3 milh\u00f5es para obras em oito escolas estaduais localizadas nos munic\u00edpios de Araraquara, Dourado, Ibat\u00e9, Ibitinga, S\u00e3o Carlos e Taquaritinga. As interven\u00e7\u00f5es incluem amplia\u00e7\u00e3o de salas de aula, reformas de coberturas, banheiros e sistemas el\u00e9tricos e hidr\u00e1ulicos.<\/p>\n<p class=\"wp-block-paragraph\">Outros R$ 712 mil ser\u00e3o destinados \u00e0 aquisi\u00e7\u00e3o de computadores, notebooks e tablets para unidades localizadas em Borborema, C\u00e2ndido Rodrigues e Taquaritinga.<\/p>\n<figure class=\"wp-block-image size-large\"><img data-recalc-dims=\"1\" loading=\"lazy\" decoding=\"async\" width=\"696\" height=\"464\" src=\"https:\/\/i0.wp.com\/www.agenciasp.sp.gov.br\/wp-content\/uploads\/2026\/06\/Escola-Porto-Ferreira-1-1024x683.jpg?resize=696%2C464&#038;ssl=1\" alt=\"\" class=\"wp-image-150858 lazy\" srcset=\"https:\/\/www.agenciasp.sp.gov.br\/wp-content\/uploads\/2026\/06\/Escola-Porto-Ferreira-1-1024x683.jpg 1024w, https:\/\/www.agenciasp.sp.gov.br\/wp-content\/uploads\/2026\/06\/Escola-Porto-Ferreira-1-300x200.jpg 300w, https:\/\/www.agenciasp.sp.gov.br\/wp-content\/uploads\/2026\/06\/Escola-Porto-Ferreira-1-768x512.jpg 768w, https:\/\/www.agenciasp.sp.gov.br\/wp-content\/uploads\/2026\/06\/Escola-Porto-Ferreira-1-1536x1024.jpg 1536w, https:\/\/www.agenciasp.sp.gov.br\/wp-content\/uploads\/2026\/06\/Escola-Porto-Ferreira-1-2048x1365.jpg 2048w, https:\/\/www.agenciasp.sp.gov.br\/wp-content\/uploads\/2026\/06\/Escola-Porto-Ferreira-1-150x100.jpg 150w\" data-sizes=\"(max-width: 1024px) 100vw, 1024px\"\/><\/figure>\n<p class=\"wp-block-paragraph\">A agenda tamb\u00e9m contou com o descerramento da placa da cozinha piloto de Fernando Prestes para preparo e distribui\u00e7\u00e3o de merenda escolar para cerca de 1,2 mil estudantes das redes municipal e estadual. O investimento foi de R$ 820 mil.<\/p>\n<p class=\"wp-block-paragraph\">Durante o primeiro dia de visitas, a comitiva paulista tamb\u00e9m descerrou a placa da Escola Estadual Jardim Porto Bello, em Porto Ferreira. A unidade recebeu aporte de R$ 18,2 milh\u00f5es em obras e mobili\u00e1rio, e as aulas no novo pr\u00e9dio tiveram in\u00edcio em mar\u00e7o deste ano.<\/p>\n<h2 class=\"wp-block-heading\"><strong>Seguran\u00e7a P\u00fablica<\/strong><\/h2>\n<p class=\"wp-block-paragraph\">A seguran\u00e7a na regi\u00e3o foi refor\u00e7ada com a entrega de cinco novas viaturas Hyundai Creta para a Pol\u00edcia Militar. Duas foram destinadas ao 13\u00ba BPM\/I, em Araraquara, e tr\u00eas ao 33\u00ba BPM\/I, em S\u00e3o Carlos. O investimento estadual foi de R$ 1,09 milh\u00e3o.<\/p>\n<p class=\"wp-block-paragraph\">Tamb\u00e9m foram entregues 15 fuzis calibre 5.56, com aporte de R$ 117,7 mil, ampliando a capacidade operacional das for\u00e7as de seguran\u00e7a que atuam na regi\u00e3o.<\/p>\n<h2 class=\"wp-block-heading\"><strong>Caravana 3D<\/strong><\/h2>\n<p class=\"wp-block-paragraph\">A Caravana 3D \u00e9 uma iniciativa do Governo de S\u00e3o Paulo que percorre as regi\u00f5es do estado para levar pol\u00edticas p\u00fablicas com foco nos pilares de desenvolvimento, dignidade e di\u00e1logo. A proposta \u00e9 fortalecer a articula\u00e7\u00e3o com os munic\u00edpios por meio de entregas e investimentos alinhados \u00e0s necessidades locais e voltados \u00e0 melhoria da qualidade de vida da popula\u00e7\u00e3o.<\/p>\n<p class=\"wp-block-paragraph\">A a\u00e7\u00e3o j\u00e1 passou pelas regi\u00f5es de Barretos, Franca, Vale do Ribeira, Bauru, ABC, Alto Tiet\u00ea, Ribeir\u00e3o Preto, Campinas, Vale do Para\u00edba, S\u00e3o Jos\u00e9 do Rio Preto, Ara\u00e7atuba, Mar\u00edlia, Sorocaba, Presidente Prudente e Itapeva.<\/p>\n<p class=\"wp-block-paragraph\">Ou\u00e7a o discurso:<\/p>\n<p><iframe loading=\"lazy\" width=\"100%\" height=\"166\" scrolling=\"no\" frameborder=\"no\" allow=\"autoplay; encrypted-media\" src=\"https:\/\/w.soundcloud.com\/player\/?url=https%3A\/\/api.soundcloud.com\/tracks\/soundcloud%253Atracks%253A2337076607&amp;color=%23ff5500&amp;auto_play=false&amp;hide_related=false&amp;show_comments=true&amp;show_user=true&amp;show_reposts=false&amp;show_teaser=true\"><\/iframe><\/p><\/div>\n<p><br \/>\n<br \/><a href=\"https:\/\/www.agenciasp.sp.gov.br\/caravana-3d-governo-de-sp-leva-r-749-milhoes-em-mobilidade-saude-e-infraestrutura-urbana-a-regiao-central\/\" rel=\"noopener\">Informa\u00e7\u00f5es GOV.SP<\/a><\/p>\n","protected":false},"excerpt":{"rendered":"<p>O Governo de S\u00e3o Paulo apresentou um pacote de R$ 748, 8 milh\u00f5es em entregas, conv\u00eanios e investimentos para a regi\u00e3o Central durante mais uma etapa da Caravana 3D \u2013 Desenvolvimento, Dignidade e Di\u00e1logo. O governador Tarc\u00edsio de Freitas anunciou as a\u00e7\u00f5es na noite desta quarta-feira (10), em encontro com prefeitos e lideran\u00e7as locais no [&hellip;]<\/p>\n","protected":false},"author":1,"featured_media":68615,"comment_status":"","ping_status":"open","sticky":false,"template":"","format":"standard","meta":{"_jetpack_newsletter_access":"","_jetpack_dont_email_post_to_subs":false,"_jetpack_newsletter_tier_id":0,"_jetpack_memberships_contains_paywalled_content":false,"_mbp_banners":[],"_jetpack_feature_clip_id":0,"_jetpack_memberships_contains_paid_content":false,"footnotes":"","jetpack_publicize_message":"","jetpack_publicize_feature_enabled":true,"jetpack_social_post_already_shared":true,"jetpack_social_options":{"image_generator_settings":{"template":"highway","default_image_id":0,"font":"","enabled":false},"version":2},"jetpack_post_was_ever_published":false},"categories":[21],"tags":[],"class_list":["post-68614","post","type-post","status-publish","format-standard","has-post-thumbnail","category-sp-news"],"jetpack_publicize_connections":[],"jetpack-related-posts":[],"jetpack_shortlink":"https:\/\/wp.me\/p7Eq1F-hQG","jetpack_sharing_enabled":true,"jetpack_featured_media_url":"https:\/\/i0.wp.com\/guialimeira.com.br\/news\/wp-content\/uploads\/2026\/06\/Caravana-3D-Governo-de-SP-leva-R-749-milhoes-em.jpg?fit=1024%2C683&ssl=1","_links":{"self":[{"href":"https:\/\/guialimeira.com.br\/news\/wp-json\/wp\/v2\/posts\/68614","targetHints":{"allow":["GET"]}}],"collection":[{"href":"https:\/\/guialimeira.com.br\/news\/wp-json\/wp\/v2\/posts"}],"about":[{"href":"https:\/\/guialimeira.com.br\/news\/wp-json\/wp\/v2\/types\/post"}],"author":[{"embeddable":true,"href":"https:\/\/guialimeira.com.br\/news\/wp-json\/wp\/v2\/users\/1"}],"replies":[{"embeddable":true,"href":"https:\/\/guialimeira.com.br\/news\/wp-json\/wp\/v2\/comments?post=68614"}],"version-history":[{"count":0,"href":"https:\/\/guialimeira.com.br\/news\/wp-json\/wp\/v2\/posts\/68614\/revisions"}],"wp:featuredmedia":[{"embeddable":true,"href":"https:\/\/guialimeira.com.br\/news\/wp-json\/wp\/v2\/media\/68615"}],"wp:attachment":[{"href":"https:\/\/guialimeira.com.br\/news\/wp-json\/wp\/v2\/media?parent=68614"}],"wp:term":[{"taxonomy":"category","embeddable":true,"href":"https:\/\/guialimeira.com.br\/news\/wp-json\/wp\/v2\/categories?post=68614"},{"taxonomy":"post_tag","embeddable":true,"href":"https:\/\/guialimeira.com.br\/news\/wp-json\/wp\/v2\/tags?post=68614"}],"curies":[{"name":"wp","href":"https:\/\/api.w.org\/{rel}","templated":true}]}}