{"id":68610,"date":"2026-06-10T23:35:12","date_gmt":"2026-06-11T02:35:12","guid":{"rendered":"https:\/\/guialimeira.com.br\/sao-paulo-e-berlim-firmam-protocolo-para-ampliar-cooperacao-em-inovacao-tecnologia-e-investimentos\/"},"modified":"2026-06-10T23:35:12","modified_gmt":"2026-06-11T02:35:12","slug":"sao-paulo-e-berlim-firmam-protocolo-para-ampliar-cooperacao-em-inovacao-tecnologia-e-investimentos","status":"publish","type":"post","link":"https:\/\/guialimeira.com.br\/news\/sao-paulo-e-berlim-firmam-protocolo-para-ampliar-cooperacao-em-inovacao-tecnologia-e-investimentos\/","title":{"rendered":"S\u00e3o Paulo e Berlim firmam protocolo para ampliar coopera\u00e7\u00e3o em inova\u00e7\u00e3o, tecnologia e investimentos"},"content":{"rendered":"<p> <br \/>\n<br \/><img data-recalc-dims=\"1\" decoding=\"async\" src=\"https:\/\/i0.wp.com\/www.agenciasp.sp.gov.br\/wp-content\/uploads\/2025\/06\/palacio-dos-bandeirantes-e1732546634841-1024x620-1.jpg?w=696&#038;ssl=1\" \/><\/p>\n<div>\n<p class=\"wp-block-paragraph\">Nesta quarta-feira (10), no Pal\u00e1cio dos Bandeirantes, o Governo do Estado de S\u00e3o Paulo assinou um Protocolo de Inten\u00e7\u00f5es com Berlim, capital da Alemanha, formalizando o interesse m\u00fatuo em ampliar a coopera\u00e7\u00e3o institucional e desenvolver parcerias em \u00e1reas estrat\u00e9gicas para o desenvolvimento econ\u00f4mico, tecnol\u00f3gico e sustent\u00e1vel.<\/p>\n<p class=\"wp-block-paragraph\">Representando o Governo de S\u00e3o Paulo, participaram do encontro o secret\u00e1rio-chefe da Casa Civil, Nerylson Lima, e integrantes da Assessoria Internacional da pasta. A delega\u00e7\u00e3o alem\u00e3 foi liderada por Franziska Giffey, prefeita de Berlim e Senadora para Assuntos Econ\u00f4micos, Energia e Empresas P\u00fablicas, acompanhada pela c\u00f4nsul-geral da Alemanha em S\u00e3o Paulo, Martina Hackelberg; pela chefe da Unidade de Rela\u00e7\u00f5es Exteriores do Governo de Berlim, Eda \u00d6zbay; pela porta-voz do Senado de Berlim, Lisa Frerichs; al\u00e9m de outros representantes alem\u00e3es.<\/p>\n<p class=\"wp-block-paragraph\">A assinatura do protocolo estabelece as bases para a negocia\u00e7\u00e3o e implementa\u00e7\u00e3o de futuras iniciativas conjuntas em setores como com\u00e9rcio e investimentos, ecossistema de startups, fintechs, healthtechs, intelig\u00eancia artificial, deeptechs e tecnologias qu\u00e2nticas, digitaliza\u00e7\u00e3o, aeroespacial, ci\u00eancia, tecnologia e inova\u00e7\u00e3o, sustentabilidade e enfrentamento das mudan\u00e7as clim\u00e1ticas.<\/p>\n<p class=\"wp-block-paragraph\"><strong>LEIA TAMB\u00c9M:<\/strong> <a href=\"https:\/\/www.agenciasp.sp.gov.br\/acoes-conjuntas-cidade-sao-paulo\/\" rel=\"noopener\">Governo de SP e Prefeitura transformam a capital com a\u00e7\u00f5es integradas em habita\u00e7\u00e3o, mobilidade, seguran\u00e7a e revitaliza\u00e7\u00e3o urbana<\/a><\/p>\n<p class=\"wp-block-paragraph\">\u201cO Governo de S\u00e3o Paulo tem ampliado sua atua\u00e7\u00e3o internacional para atrair investimentos, fomentar a inova\u00e7\u00e3o e fortalecer a competitividade do Estado. A coopera\u00e7\u00e3o com Berlim abre novas oportunidades para o interc\u00e2mbio de conhecimento, o desenvolvimento de tecnologias e a constru\u00e7\u00e3o de parcerias estrat\u00e9gicas em \u00e1reas fundamentais para o crescimento econ\u00f4mico sustent\u00e1vel e a moderniza\u00e7\u00e3o dos servi\u00e7os p\u00fablicos\u201d, afirmou o secret\u00e1rio-chefe da Casa Civil, Nerylson Lima.<\/p>\n<h3 class=\"wp-block-heading\"><strong>Rela\u00e7\u00e3o estrat\u00e9gica<\/strong><\/h3>\n<p class=\"wp-block-paragraph\">A aproxima\u00e7\u00e3o entre S\u00e3o Paulo e a Alemanha refor\u00e7a uma parceria consolidada ao longo dos anos. Atualmente, a Alemanha \u00e9 o principal parceiro comercial do Brasil na Uni\u00e3o Europeia, e o Estado de S\u00e3o Paulo responde por cerca de 40% de todo o com\u00e9rcio bilateral entre os dois pa\u00edses. Al\u00e9m disso, 57% das empresas alem\u00e3s instaladas no Brasil est\u00e3o sediadas em territ\u00f3rio paulista, gerando mais de 120 mil empregos e contribuindo para o desenvolvimento econ\u00f4mico e industrial do Estado.<\/p>\n<p class=\"wp-block-paragraph\">O Estado de S\u00e3o Paulo abriga o maior ecossistema de inova\u00e7\u00e3o da Am\u00e9rica Latina, concentrando 31% das startups brasileiras e 83% do capital de risco investido no pa\u00eds, reunindo 12 dos 22 unic\u00f3rnios nacionais, al\u00e9m de liderar segmentos estrat\u00e9gicos como agtechs, fintechs e deeptechs. Nesse cen\u00e1rio, a parceria com Berlim \u2014 refer\u00eancia europeia em tecnologia e empreendedorismo \u2014 fortalece oportunidades de interc\u00e2mbio de conhecimento, atra\u00e7\u00e3o de investimentos e desenvolvimento de solu\u00e7\u00f5es inovadoras.<\/p>\n<\/p><\/div>\n<p><br \/>\n<br \/><a href=\"https:\/\/www.agenciasp.sp.gov.br\/sao-paulo-e-berlim-firmam-protocolo-para-ampliar-cooperacao-em-inovacao-tecnologia-e-investimentos\/\" rel=\"noopener\">Informa\u00e7\u00f5es GOV.SP<\/a><\/p>\n","protected":false},"excerpt":{"rendered":"<p>Nesta quarta-feira (10), no Pal\u00e1cio dos Bandeirantes, o Governo do Estado de S\u00e3o Paulo assinou um Protocolo de Inten\u00e7\u00f5es com Berlim, capital da Alemanha, formalizando o interesse m\u00fatuo em ampliar a coopera\u00e7\u00e3o institucional e desenvolver parcerias em \u00e1reas estrat\u00e9gicas para o desenvolvimento econ\u00f4mico, tecnol\u00f3gico e sustent\u00e1vel. Representando o Governo de S\u00e3o Paulo, participaram do encontro [&hellip;]<\/p>\n","protected":false},"author":1,"featured_media":41714,"comment_status":"","ping_status":"open","sticky":false,"template":"","format":"standard","meta":{"_jetpack_newsletter_access":"","_jetpack_dont_email_post_to_subs":false,"_jetpack_newsletter_tier_id":0,"_jetpack_memberships_contains_paywalled_content":false,"_mbp_banners":[],"_jetpack_feature_clip_id":0,"_jetpack_memberships_contains_paid_content":false,"footnotes":"","jetpack_publicize_message":"","jetpack_publicize_feature_enabled":true,"jetpack_social_post_already_shared":true,"jetpack_social_options":{"image_generator_settings":{"template":"highway","default_image_id":0,"font":"","enabled":false},"version":2},"jetpack_post_was_ever_published":false},"categories":[21],"tags":[],"class_list":["post-68610","post","type-post","status-publish","format-standard","has-post-thumbnail","category-sp-news"],"jetpack_publicize_connections":[],"jetpack-related-posts":[],"jetpack_shortlink":"https:\/\/wp.me\/p7Eq1F-hQC","jetpack_sharing_enabled":true,"jetpack_featured_media_url":"https:\/\/i0.wp.com\/guialimeira.com.br\/news\/wp-content\/uploads\/2025\/08\/CGE-SP-lanca-Cartilha-do-Codigo-de-Etica-da-Administracao.jpg?fit=1024%2C620&ssl=1","_links":{"self":[{"href":"https:\/\/guialimeira.com.br\/news\/wp-json\/wp\/v2\/posts\/68610","targetHints":{"allow":["GET"]}}],"collection":[{"href":"https:\/\/guialimeira.com.br\/news\/wp-json\/wp\/v2\/posts"}],"about":[{"href":"https:\/\/guialimeira.com.br\/news\/wp-json\/wp\/v2\/types\/post"}],"author":[{"embeddable":true,"href":"https:\/\/guialimeira.com.br\/news\/wp-json\/wp\/v2\/users\/1"}],"replies":[{"embeddable":true,"href":"https:\/\/guialimeira.com.br\/news\/wp-json\/wp\/v2\/comments?post=68610"}],"version-history":[{"count":0,"href":"https:\/\/guialimeira.com.br\/news\/wp-json\/wp\/v2\/posts\/68610\/revisions"}],"wp:featuredmedia":[{"embeddable":true,"href":"https:\/\/guialimeira.com.br\/news\/wp-json\/wp\/v2\/media\/41714"}],"wp:attachment":[{"href":"https:\/\/guialimeira.com.br\/news\/wp-json\/wp\/v2\/media?parent=68610"}],"wp:term":[{"taxonomy":"category","embeddable":true,"href":"https:\/\/guialimeira.com.br\/news\/wp-json\/wp\/v2\/categories?post=68610"},{"taxonomy":"post_tag","embeddable":true,"href":"https:\/\/guialimeira.com.br\/news\/wp-json\/wp\/v2\/tags?post=68610"}],"curies":[{"name":"wp","href":"https:\/\/api.w.org\/{rel}","templated":true}]}}