{"id":68605,"date":"2026-06-10T22:34:19","date_gmt":"2026-06-11T01:34:19","guid":{"rendered":"https:\/\/guialimeira.com.br\/caravana-3d-governo-de-sp-reforca-saude-da-regiao-central-com-ampliacoes-hospitalares-e-nova-sede-do-ame\/"},"modified":"2026-06-10T22:34:19","modified_gmt":"2026-06-11T01:34:19","slug":"caravana-3d-governo-de-sp-reforca-saude-da-regiao-central-com-ampliacoes-hospitalares-e-nova-sede-do-ame","status":"publish","type":"post","link":"https:\/\/guialimeira.com.br\/news\/caravana-3d-governo-de-sp-reforca-saude-da-regiao-central-com-ampliacoes-hospitalares-e-nova-sede-do-ame\/","title":{"rendered":"Caravana 3D: Governo de SP refor\u00e7a sa\u00fade da regi\u00e3o Central com amplia\u00e7\u00f5es hospitalares e nova sede do AME"},"content":{"rendered":"<p> <br \/>\n<\/p>\n<div>\n<p class=\"wp-block-paragraph\">O Governo de S\u00e3o Paulo abriu a Caravana 3D \u2013 Desenvolvimento, Dignidade e Di\u00e1logo Regi\u00e3o Central nesta quarta-feira (10) com iniciativas que ampliam o acesso da popula\u00e7\u00e3o a cuidados especializados e fortalecem a rede assistencial do Sistema \u00danico de Sa\u00fade (SUS) na regi\u00e3o.<\/p>\n<p>As entregas incluem os novos servi\u00e7os de aten\u00e7\u00e3o em sa\u00fade mental no Hospital Estadual Santa Rita na Provid\u00eancia de Deus, em Santa Rita do Passa Quatro, a amplia\u00e7\u00e3o de 30 leitos no Hospital Estadual de Am\u00e9rico Brasiliense e a abertura do processo licitat\u00f3rio para a constru\u00e7\u00e3o do novo pr\u00e9dio do Ambulat\u00f3rio M\u00e9dico de Especialidades (AME) de S\u00e3o Carlos.\u00a0<\/p>\n<p class=\"wp-block-paragraph\">\u201cFalamos muito sobre leitos e cirurgias, mas uma pergunta precisa ser feita: onde entra a sa\u00fade mental? Ainda \u00e9 um tema que muitas pessoas t\u00eam receio de enfrentar. Vivemos em uma sociedade que precisa cada vez mais de apoio. As pessoas se comunicam menos, t\u00eam dificuldade para lidar com as pr\u00f3prias frustra\u00e7\u00f5es e, muitas vezes, se sentem fragilizadas. Este espa\u00e7o ser\u00e1 um lugar de transforma\u00e7\u00e3o, acolhimento e esperan\u00e7a para as fam\u00edlias\u201d, afirmou o governador Tarc\u00edsio de Freitas.<\/p>\n<figure class=\"wp-block-image size-large\"><img data-recalc-dims=\"1\" fetchpriority=\"high\" decoding=\"async\" width=\"696\" height=\"464\" src=\"https:\/\/i0.wp.com\/www.agenciasp.sp.gov.br\/wp-content\/uploads\/2026\/06\/Atendimentos-Hospital-Santa-Rita-do-Passa-Quatro-1024x683.jpg?resize=696%2C464&#038;ssl=1\" alt=\"\" class=\"wp-image-150725 lazy\" srcset=\"https:\/\/www.agenciasp.sp.gov.br\/wp-content\/uploads\/2026\/06\/Atendimentos-Hospital-Santa-Rita-do-Passa-Quatro-1024x683.jpg 1024w, https:\/\/www.agenciasp.sp.gov.br\/wp-content\/uploads\/2026\/06\/Atendimentos-Hospital-Santa-Rita-do-Passa-Quatro-300x200.jpg 300w, https:\/\/www.agenciasp.sp.gov.br\/wp-content\/uploads\/2026\/06\/Atendimentos-Hospital-Santa-Rita-do-Passa-Quatro-768x512.jpg 768w, https:\/\/www.agenciasp.sp.gov.br\/wp-content\/uploads\/2026\/06\/Atendimentos-Hospital-Santa-Rita-do-Passa-Quatro-1536x1024.jpg 1536w, https:\/\/www.agenciasp.sp.gov.br\/wp-content\/uploads\/2026\/06\/Atendimentos-Hospital-Santa-Rita-do-Passa-Quatro-2048x1365.jpg 2048w, https:\/\/www.agenciasp.sp.gov.br\/wp-content\/uploads\/2026\/06\/Atendimentos-Hospital-Santa-Rita-do-Passa-Quatro-150x100.jpg 150w\" data-sizes=\"(max-width: 1024px) 100vw, 1024px\"\/><figcaption class=\"wp-element-caption\">Ao todo, os investimentos anunciados somam R$ 136,6 milh\u00f5es.\u00a0Foto: Jo\u00e3o Val\u00e9rio\/Governo do Estado de SP<\/figcaption><\/figure>\n<p class=\"wp-block-paragraph\">Os investimentos na unidade de Santa Rita do Passa Quatro somam R$ 74 milh\u00f5es, garantindo a expans\u00e3o e a qualifica\u00e7\u00e3o da assist\u00eancia especializada na regi\u00e3o. A agenda tamb\u00e9m incluiu a autoriza\u00e7\u00e3o para a abertura do processo licitat\u00f3rio destinado \u00e0 constru\u00e7\u00e3o do novo pr\u00e9dio do AME de S\u00e3o Carlos, com investimento previsto de R$ 60 milh\u00f5es, e a amplia\u00e7\u00e3o da estrutura do Hospital Estadual de Am\u00e9rico Brasiliense, com aporte de R$ 2,6 milh\u00f5es. Ao todo, os investimentos anunciados somam R$ 136,6 milh\u00f5es.\u00a0<\/p>\n<p class=\"wp-block-paragraph\">O Hospital Estadual Santa Rita na Provid\u00eancia de Deus contar\u00e1 a partir de agora com novos servi\u00e7os voltados ao cuidado integral de pessoas com transtornos mentais e necessidades relacionadas ao uso de \u00e1lcool e outras drogas, fortalecendo a rede estadual de aten\u00e7\u00e3o psicossocial.<\/p>\n<p class=\"wp-block-paragraph\">A principal entrega \u00e9 o Polo de Aten\u00e7\u00e3o Integral \u00e0 Sa\u00fade Mental (PAI), que inicia suas atividades com atendimento 24 horas e equipe multiprofissional composta por psiquiatras, cl\u00ednicos gerais, infectologistas, neurologistas e cardiologistas. Em uma pr\u00f3xima etapa, o servi\u00e7o tamb\u00e9m contar\u00e1 com atendimento voltado ao p\u00fablico feminino, incluindo acompanhamento ginecol\u00f3gico.<\/p>\n<figure class=\"wp-block-embed is-type-video is-provider-youtube wp-block-embed-youtube wp-embed-aspect-16-9 wp-has-aspect-ratio\">\n<p>\n<span class=\"embed-youtube\" style=\"text-align:center; display: block;\"><iframe loading=\"lazy\" class=\"youtube-player\" width=\"696\" height=\"392\" src=\"https:\/\/www.youtube.com\/embed\/3A9Xxco8gpM?version=3&#038;rel=1&#038;showsearch=0&#038;showinfo=1&#038;iv_load_policy=1&#038;fs=1&#038;hl=pt-BR&#038;autohide=2&#038;wmode=transparent\" allowfullscreen=\"true\" style=\"border:0;\" sandbox=\"allow-scripts allow-same-origin allow-popups allow-presentation allow-popups-to-escape-sandbox\"><\/iframe><\/span>\n<\/p>\n<\/figure>\n<p class=\"wp-block-paragraph\">A unidade passa a oferecer um pronto atendimento especializado, com 28 leitos destinados ao atendimento de urg\u00eancias e emerg\u00eancias de adultos e adolescentes. Tamb\u00e9m entram em funcionamento 40 leitos voltados ao tratamento especializado de pessoas com transtornos relacionados ao uso de subst\u00e2ncias psicoativas, al\u00e9m de 80 acomoda\u00e7\u00f5es destinadas ao acolhimento e \u00e0 reabilita\u00e7\u00e3o psicossocial.<\/p>\n<p class=\"wp-block-paragraph\">A amplia\u00e7\u00e3o da assist\u00eancia ter\u00e1 continuidade nos pr\u00f3ximos meses. Est\u00e1 em fase final a reforma de 50 leitos destinados \u00e0 recupera\u00e7\u00e3o cl\u00ednica e \u00e0 reabilita\u00e7\u00e3o de pacientes que necessitam de acompanhamento cont\u00ednuo, com previs\u00e3o de in\u00edcio das atividades em dezembro deste ano. J\u00e1 a Casa Acolhedora para Pessoas com Transtorno do Espectro Autista (TEA), com inaugura\u00e7\u00e3o prevista para outubro, oferecer\u00e1 assist\u00eancia especializada em ambiente adaptado \u00e0s necessidades dos usu\u00e1rios e de suas fam\u00edlias.<\/p>\n<p class=\"wp-block-paragraph\">Com as novas estruturas, a unidade amplia a oferta de servi\u00e7os especializados e fortalece a integra\u00e7\u00e3o entre atendimento de urg\u00eancia, tratamento, reabilita\u00e7\u00e3o e acompanhamento multiprofissional.<\/p>\n<p class=\"wp-block-paragraph\">A trajet\u00f3ria da unidade acompanha a evolu\u00e7\u00e3o da assist\u00eancia em sa\u00fade no estado. Inaugurada em 1949 como Sanat\u00f3rio Col\u00f4nia Santa Rita, voltado ao tratamento da tuberculose, a institui\u00e7\u00e3o passou a atuar como hospital psiqui\u00e1trico em 1973. Em 1996, foi transformada no Hospital Estadual Santa Rita na Provid\u00eancia de Deus. Desde 2010, o hospital tamb\u00e9m desenvolve a\u00e7\u00f5es voltadas ao tratamento de pessoas com depend\u00eancia de \u00e1lcool e outras drogas.\u00a0<\/p>\n<h2 class=\"wp-block-heading\"><strong>Amplia\u00e7\u00e3o da assist\u00eancia em Am\u00e9rico Brasiliense<\/strong><\/h2>\n<p class=\"wp-block-paragraph\">O governador tamb\u00e9m descerrou a placa da amplia\u00e7\u00e3o da estrutura do Hospital Estadual de Am\u00e9rico Brasiliense. Com investimento de R$ 2,6 milh\u00f5es, a unidade contar\u00e1 com 20 novos leitos de Unidade de Terapia Intensiva (UTI) e 10 leitos de enfermaria, refor\u00e7ando a capacidade assistencial e ampliando o atendimento especializado para os munic\u00edpios da regi\u00e3o.<\/p>\n<p class=\"wp-block-paragraph\">Refer\u00eancia regional em atendimento cir\u00fargico, o hospital realiza procedimentos em especialidades como cirurgia pedi\u00e1trica, vascular, urol\u00f3gica, ginecol\u00f3gica, geral, tor\u00e1cica, proctol\u00f3gica, oftalmol\u00f3gica, de cabe\u00e7a e pesco\u00e7o, dermatologia, gastrocirurgica, ortopedia, otorrinolaringologia e cirurgia pl\u00e1stica.<\/p>\n<p class=\"wp-block-paragraph\">A amplia\u00e7\u00e3o da estrutura permitir\u00e1 aumentar a oferta de atendimentos, reduzir o tempo de espera por interna\u00e7\u00f5es e fortalecer a capacidade de resposta da rede p\u00fablica de sa\u00fade na regi\u00e3o Central do estado.<\/p>\n<h2 class=\"wp-block-heading\"><strong>AME de S\u00e3o Carlos\u00a0<\/strong><\/h2>\n<p class=\"wp-block-paragraph\">Respons\u00e1vel atualmente, pelo atendimento de uma popula\u00e7\u00e3o de aproximadamente 390 mil habitantes, o AME de S\u00e3o Carlos est\u00e1 em funcionamento desde mar\u00e7o de 2018 e realiza, em m\u00e9dia, 3 mil consultas mensais. A unidade atende pacientes de S\u00e3o Carlos, Ibat\u00e9, Descalvado, Dourado, Porto Ferreira e Ribeir\u00e3o Bonito, al\u00e9m dos munic\u00edpios de Araraquara, Am\u00e9rico Brasiliense, Dobrada, Ibitinga, Itirapina, Mat\u00e3o, Motuca, Tabatinga, Taquaritinga e Trabiju.\u00a0<\/p>\n<h2 class=\"wp-block-heading\"><strong>Caravana 3D<\/strong><\/h2>\n<p class=\"wp-block-paragraph\">A Caravana 3D \u00e9 uma iniciativa do Governo de S\u00e3o Paulo que percorre as regi\u00f5es do estado para levar pol\u00edticas p\u00fablicas com foco nos pilares de desenvolvimento, dignidade e di\u00e1logo. A proposta \u00e9 fortalecer a articula\u00e7\u00e3o com os munic\u00edpios por meio de entregas e investimentos alinhados \u00e0s necessidades locais e voltados \u00e0 melhoria da qualidade de vida da popula\u00e7\u00e3o.<\/p>\n<p class=\"wp-block-paragraph\">A a\u00e7\u00e3o j\u00e1 passou pelas regi\u00f5es de Barretos, Franca, Vale do Ribeira, Bauru, ABC, Alto Tiet\u00ea, Ribeir\u00e3o Preto, Campinas, Vale do Para\u00edba, S\u00e3o Jos\u00e9 do Rio Preto, Ara\u00e7atuba, Mar\u00edlia, Sorocaba, Presidente Prudente e Itapeva.<\/p>\n<\/p><\/div>\n<p><br \/>\n<br \/><a href=\"https:\/\/www.agenciasp.sp.gov.br\/caravana-3d-governo-de-sp-reforca-saude-da-regiao-central-com-ampliacoes-hospitalares-e-nova-sede-do-ame\/\" rel=\"noopener\">Informa\u00e7\u00f5es GOV.SP<\/a><\/p>\n","protected":false},"excerpt":{"rendered":"<p>O Governo de S\u00e3o Paulo abriu a Caravana 3D \u2013 Desenvolvimento, Dignidade e Di\u00e1logo Regi\u00e3o Central nesta quarta-feira (10) com iniciativas que ampliam o acesso da popula\u00e7\u00e3o a cuidados especializados e fortalecem a rede assistencial do Sistema \u00danico de Sa\u00fade (SUS) na regi\u00e3o. As entregas incluem os novos servi\u00e7os de aten\u00e7\u00e3o em sa\u00fade mental no [&hellip;]<\/p>\n","protected":false},"author":1,"featured_media":68606,"comment_status":"","ping_status":"open","sticky":false,"template":"","format":"standard","meta":{"_jetpack_newsletter_access":"","_jetpack_dont_email_post_to_subs":false,"_jetpack_newsletter_tier_id":0,"_jetpack_memberships_contains_paywalled_content":false,"_mbp_banners":[],"_jetpack_feature_clip_id":0,"_jetpack_memberships_contains_paid_content":false,"footnotes":"","jetpack_publicize_message":"","jetpack_publicize_feature_enabled":true,"jetpack_social_post_already_shared":true,"jetpack_social_options":{"image_generator_settings":{"template":"highway","default_image_id":0,"font":"","enabled":false},"version":2},"jetpack_post_was_ever_published":false},"categories":[21],"tags":[],"class_list":["post-68605","post","type-post","status-publish","format-standard","has-post-thumbnail","category-sp-news"],"jetpack_publicize_connections":[],"jetpack-related-posts":[],"jetpack_shortlink":"https:\/\/wp.me\/p7Eq1F-hQx","jetpack_sharing_enabled":true,"jetpack_featured_media_url":"https:\/\/i0.wp.com\/guialimeira.com.br\/news\/wp-content\/uploads\/2026\/06\/Caravana-3D-Governo-de-SP-reforca-saude-da-regiao-Central.jpg?fit=1024%2C683&ssl=1","_links":{"self":[{"href":"https:\/\/guialimeira.com.br\/news\/wp-json\/wp\/v2\/posts\/68605","targetHints":{"allow":["GET"]}}],"collection":[{"href":"https:\/\/guialimeira.com.br\/news\/wp-json\/wp\/v2\/posts"}],"about":[{"href":"https:\/\/guialimeira.com.br\/news\/wp-json\/wp\/v2\/types\/post"}],"author":[{"embeddable":true,"href":"https:\/\/guialimeira.com.br\/news\/wp-json\/wp\/v2\/users\/1"}],"replies":[{"embeddable":true,"href":"https:\/\/guialimeira.com.br\/news\/wp-json\/wp\/v2\/comments?post=68605"}],"version-history":[{"count":0,"href":"https:\/\/guialimeira.com.br\/news\/wp-json\/wp\/v2\/posts\/68605\/revisions"}],"wp:featuredmedia":[{"embeddable":true,"href":"https:\/\/guialimeira.com.br\/news\/wp-json\/wp\/v2\/media\/68606"}],"wp:attachment":[{"href":"https:\/\/guialimeira.com.br\/news\/wp-json\/wp\/v2\/media?parent=68605"}],"wp:term":[{"taxonomy":"category","embeddable":true,"href":"https:\/\/guialimeira.com.br\/news\/wp-json\/wp\/v2\/categories?post=68605"},{"taxonomy":"post_tag","embeddable":true,"href":"https:\/\/guialimeira.com.br\/news\/wp-json\/wp\/v2\/tags?post=68605"}],"curies":[{"name":"wp","href":"https:\/\/api.w.org\/{rel}","templated":true}]}}