{"id":68602,"date":"2026-06-10T21:32:32","date_gmt":"2026-06-11T00:32:32","guid":{"rendered":"https:\/\/guialimeira.com.br\/previsao-do-tempo-para-quinta-feira-11-em-sp-tempo-instavel\/"},"modified":"2026-06-10T21:32:32","modified_gmt":"2026-06-11T00:32:32","slug":"previsao-do-tempo-para-quinta-feira-11-em-sp-tempo-instavel","status":"publish","type":"post","link":"https:\/\/guialimeira.com.br\/news\/previsao-do-tempo-para-quinta-feira-11-em-sp-tempo-instavel\/","title":{"rendered":"Previs\u00e3o do tempo para quinta-feira (11), em SP: tempo inst\u00e1vel"},"content":{"rendered":"<p> <br \/>\n<br \/><img data-recalc-dims=\"1\" decoding=\"async\" src=\"https:\/\/i0.wp.com\/www.agenciasp.sp.gov.br\/wp-content\/uploads\/2025\/03\/Imagem-do-WhatsApp-de-2025-03-12-as-17.00.39_c1429c04-scaled.jpg?w=696&#038;ssl=1\" \/><\/p>\n<div>\n<p class=\"wp-block-paragraph\">Nesta quinta-feira, dia 11, a atua\u00e7\u00e3o de uma frente fria mant\u00e9m o tempo inst\u00e1vel em todo o estado de S\u00e3o Paulo. <\/p>\n<p class=\"wp-block-paragraph\">O aumento da nebulosidade e a persist\u00eancia das condi\u00e7\u00f5es de chuva favorecem o decl\u00ednio das temperaturas m\u00e1ximas, proporcionando uma sensa\u00e7\u00e3o de frio ao longo do dia.<\/p>\n<p class=\"wp-block-paragraph\">No decorrer do dia, haver\u00e1 previs\u00f5es de pancadas de chuva no estado, com maior frequ\u00eancia e intensidade no setor sudoeste paulista. Em alguns momentos, as chuvas poder\u00e3o ocorrer de forma moderada a forte, acompanhadas de raios e rajadas de vento.<\/p>\n<p class=\"wp-block-paragraph\">Diante desse cen\u00e1rio, recomenda-se aten\u00e7\u00e3o para poss\u00edveis transtornos localizados, principalmente em \u00e1reas mais vulner\u00e1veis.<\/p>\n<p class=\"wp-block-paragraph\">Na capital, as temperaturas ficar\u00e3o na casa dos 15 e 20 graus. J\u00e1 em Registro, m\u00ednima de 17 e m\u00e1xima de 24 graus.<\/p>\n<p class=\"wp-block-paragraph\">Em dias de chuva, consulte a previs\u00e3o do tempo e fique atento aos alertas da Defesa Civil do Estado de S\u00e3o Paulo, seguindo as principais redes sociais do governo<\/p>\n<p class=\"wp-block-paragraph\"><strong>LEIA MAIS:\u00a0<a href=\"https:\/\/www.agenciasp.sp.gov.br\/frente-fria-perde-forca-em-sao-paulo-mas-pancadas-de-chuva-ainda-podem-ocorrer-diz-defesa-civil\/\" rel=\"noopener\"><a href=\"https:\/\/www.agenciasp.sp.gov.br\/sp-sempre-alerta-entenda-o-significado-de-cada-alerta-da-defesa-civil\/\" rel=\"noopener\">SP Sempre Alerta: entenda o significado das cores dos avisos da Defesa Civil<\/a><\/strong><\/p>\n<h2 class=\"wp-block-heading\">Ou\u00e7a a previs\u00e3o do tempo no boletim de r\u00e1dio da Defesa Civil<\/h2>\n<figure class=\"wp-block-embed is-type-rich is-provider-soundcloud wp-block-embed-soundcloud\">\n<p>\n<iframe loading=\"lazy\" title=\"Defesa Civil - Quinta-feira, dia 11\/06, a atua\u00e7\u00e3o de uma frente fria mant\u00e9m o tempo inst\u00e1vel em todo o estado de S\u00e3o Paulo by Governo do Estado de S\u00e3o Paulo\" width=\"800\" height=\"400\" scrolling=\"no\" frameborder=\"no\" allow=\"autoplay; encrypted-media\" src=\"https:\/\/w.soundcloud.com\/player\/?visual=true&amp;url=https%3A%2F%2Fapi.soundcloud.com%2Ftracks%2F2336927417&amp;show_artwork=true&amp;maxheight=1000&amp;maxwidth=800\"><\/iframe>\n<\/p>\n<\/figure><\/div>\n<p><br \/>\n<br \/><a href=\"https:\/\/www.agenciasp.sp.gov.br\/previsao-do-tempo-para-quinta-feira-11-em-sp-tempo-instavel\/\" rel=\"noopener\">Informa\u00e7\u00f5es GOV.SP<\/a><\/p>\n","protected":false},"excerpt":{"rendered":"<p>Nesta quinta-feira, dia 11, a atua\u00e7\u00e3o de uma frente fria mant\u00e9m o tempo inst\u00e1vel em todo o estado de S\u00e3o Paulo. O aumento da nebulosidade e a persist\u00eancia das condi\u00e7\u00f5es de chuva favorecem o decl\u00ednio das temperaturas m\u00e1ximas, proporcionando uma sensa\u00e7\u00e3o de frio ao longo do dia. No decorrer do dia, haver\u00e1 previs\u00f5es de pancadas [&hellip;]<\/p>\n","protected":false},"author":1,"featured_media":42988,"comment_status":"","ping_status":"open","sticky":false,"template":"","format":"standard","meta":{"_jetpack_newsletter_access":"","_jetpack_dont_email_post_to_subs":false,"_jetpack_newsletter_tier_id":0,"_jetpack_memberships_contains_paywalled_content":false,"_mbp_banners":[],"_jetpack_feature_clip_id":0,"_jetpack_memberships_contains_paid_content":false,"footnotes":"","jetpack_publicize_message":"","jetpack_publicize_feature_enabled":true,"jetpack_social_post_already_shared":true,"jetpack_social_options":{"image_generator_settings":{"template":"highway","default_image_id":0,"font":"","enabled":false},"version":2},"jetpack_post_was_ever_published":false},"categories":[21],"tags":[],"class_list":["post-68602","post","type-post","status-publish","format-standard","has-post-thumbnail","category-sp-news"],"jetpack_publicize_connections":[],"jetpack-related-posts":[],"jetpack_shortlink":"https:\/\/wp.me\/p7Eq1F-hQu","jetpack_sharing_enabled":true,"jetpack_featured_media_url":"https:\/\/i0.wp.com\/guialimeira.com.br\/news\/wp-content\/uploads\/2025\/08\/Previsao-do-tempo-para-sabado-30-em-SP-dia-sera.jpg?fit=2560%2C1706&ssl=1","_links":{"self":[{"href":"https:\/\/guialimeira.com.br\/news\/wp-json\/wp\/v2\/posts\/68602","targetHints":{"allow":["GET"]}}],"collection":[{"href":"https:\/\/guialimeira.com.br\/news\/wp-json\/wp\/v2\/posts"}],"about":[{"href":"https:\/\/guialimeira.com.br\/news\/wp-json\/wp\/v2\/types\/post"}],"author":[{"embeddable":true,"href":"https:\/\/guialimeira.com.br\/news\/wp-json\/wp\/v2\/users\/1"}],"replies":[{"embeddable":true,"href":"https:\/\/guialimeira.com.br\/news\/wp-json\/wp\/v2\/comments?post=68602"}],"version-history":[{"count":0,"href":"https:\/\/guialimeira.com.br\/news\/wp-json\/wp\/v2\/posts\/68602\/revisions"}],"wp:featuredmedia":[{"embeddable":true,"href":"https:\/\/guialimeira.com.br\/news\/wp-json\/wp\/v2\/media\/42988"}],"wp:attachment":[{"href":"https:\/\/guialimeira.com.br\/news\/wp-json\/wp\/v2\/media?parent=68602"}],"wp:term":[{"taxonomy":"category","embeddable":true,"href":"https:\/\/guialimeira.com.br\/news\/wp-json\/wp\/v2\/categories?post=68602"},{"taxonomy":"post_tag","embeddable":true,"href":"https:\/\/guialimeira.com.br\/news\/wp-json\/wp\/v2\/tags?post=68602"}],"curies":[{"name":"wp","href":"https:\/\/api.w.org\/{rel}","templated":true}]}}