{"id":68584,"date":"2026-06-10T19:29:18","date_gmt":"2026-06-10T22:29:18","guid":{"rendered":"https:\/\/guialimeira.com.br\/parques-estaduais-urbanos-de-sao-paulo-passam-a-integrar-o-programa-muralha-paulista\/"},"modified":"2026-06-10T19:29:18","modified_gmt":"2026-06-10T22:29:18","slug":"parques-estaduais-urbanos-de-sao-paulo-passam-a-integrar-o-programa-muralha-paulista","status":"publish","type":"post","link":"https:\/\/guialimeira.com.br\/news\/parques-estaduais-urbanos-de-sao-paulo-passam-a-integrar-o-programa-muralha-paulista\/","title":{"rendered":"Parques estaduais urbanos de S\u00e3o Paulo passam a integrar o Programa Muralha Paulista"},"content":{"rendered":"<p> <br \/>\n<br \/><img data-recalc-dims=\"1\" decoding=\"async\" src=\"https:\/\/i0.wp.com\/www.agenciasp.sp.gov.br\/wp-content\/uploads\/2025\/12\/muralha-paulista_54959809664_o-scaled.jpg?w=696&#038;ssl=1\" \/><\/p>\n<div>\n<p class=\"wp-block-paragraph\">Os parques estaduais urbanos administrados pela Secretaria de Meio Ambiente, Infraestrutura e Log\u00edstica (Semil) passar\u00e3o a integrar o Programa Muralha Paulista, iniciativa do Governo de S\u00e3o Paulo voltada ao fortalecimento das a\u00e7\u00f5es de seguran\u00e7a p\u00fablica por meio da integra\u00e7\u00e3o de sistemas de monitoramento, compartilhamento de informa\u00e7\u00f5es e uso de tecnologias inteligentes. O an\u00fancio aconteceu nesta quarta-feira (10) durante as comemora\u00e7\u00f5es da Semana do Meio Ambiente, realizadas no Parque Ecol\u00f3gico do Tiet\u00ea, na zona Leste de S\u00e3o Paulo.<\/p>\n<p class=\"wp-block-paragraph\">A primeira unidade contemplada ser\u00e1 o Parque Bruno Covas, na capital paulista, que receber\u00e1 22 c\u00e2meras inteligentes distribu\u00eddas em 19 pontos estrat\u00e9gicos definidos a partir de estudos t\u00e9cnicos conduzidos conjuntamente pela Semil, Secretaria da Seguran\u00e7a P\u00fablica (SSP) e EMAE. A previs\u00e3o \u00e9 que a implanta\u00e7\u00e3o seja conclu\u00edda em at\u00e9 60 dias ap\u00f3s a assinatura do contrato.<\/p>\n<p class=\"wp-block-paragraph\"><strong>LEIA TAMB\u00c9M: <\/strong><a href=\"https:\/\/www.agenciasp.sp.gov.br\/sp-resultado-da-gestao-parque-bruno-covas\/\" rel=\"noopener\">Governo de SP homologa resultado da nova gest\u00e3o do Parque Linear Bruno Covas<\/a><\/p>\n<p class=\"wp-block-paragraph\">Os equipamentos ser\u00e3o integrados \u00e0 infraestrutura tecnol\u00f3gica do Programa Muralha Paulista, permitindo o compartilhamento de imagens, alertas e informa\u00e7\u00f5es de interesse da seguran\u00e7a p\u00fablica. Com tecnologia de monitoramento m\u00f3vel e recursos avan\u00e7ados de an\u00e1lise de imagens, as c\u00e2meras ampliar\u00e3o a capacidade de vigil\u00e2ncia territorial do parque, acompanhando fluxos de circula\u00e7\u00e3o e permitindo o monitoramento din\u00e2mico de \u00e1reas consideradas mais sens\u00edveis.<\/p>\n<p class=\"wp-block-paragraph\">A iniciativa refor\u00e7a a atua\u00e7\u00e3o integrada entre os \u00f3rg\u00e3os estaduais para ampliar a prote\u00e7\u00e3o dos frequentadores, preservar o patrim\u00f4nio p\u00fablico e apoiar a\u00e7\u00f5es de seguran\u00e7a no entorno do Rio Pinheiros e das \u00e1reas verdes urbanas.<\/p>\n<p class=\"wp-block-paragraph\">Como parte da parceria, a SSP tamb\u00e9m disponibilizar\u00e1 dois drones para uso em a\u00e7\u00f5es de fiscaliza\u00e7\u00e3o ambiental. Os equipamentos ser\u00e3o empregados no monitoramento de parques estaduais e \u00e1reas sujeitas a ocorr\u00eancias de desmatamento, ampliando a capacidade operacional das equipes em campo.<\/p>\n<p class=\"wp-block-paragraph\"><strong>LEIA TAMB\u00c9M: <\/strong><a href=\"https:\/\/www.agenciasp.sp.gov.br\/acoes-conjuntas-cidade-sao-paulo\/\" rel=\"noopener\">Governo de SP e Prefeitura transformam a capital com a\u00e7\u00f5es integradas em habita\u00e7\u00e3o, mobilidade, seguran\u00e7a e revitaliza\u00e7\u00e3o urbana<\/a><\/p>\n<p class=\"wp-block-paragraph\">\u201cA integra\u00e7\u00e3o dos parques urbanos ao Programa Muralha Paulista representa um avan\u00e7o importante na gest\u00e3o dessas \u00e1reas. Estamos incorporando tecnologia e intelig\u00eancia para ampliar a seguran\u00e7a dos visitantes, fortalecer a prote\u00e7\u00e3o do patrim\u00f4nio ambiental e tornar a atua\u00e7\u00e3o das equipes cada vez mais eficiente\u201d, afirma o subsecret\u00e1rio de Meio Ambiente da Semil, Jonatas Trindade.<\/p>\n<p class=\"wp-block-paragraph\">\u201cSeguran\u00e7a p\u00fablica se faz com presen\u00e7a, intelig\u00eancia e tecnologia. A integra\u00e7\u00e3o dos parques estaduais ao Muralha Paulista amplia a capacidade de monitoramento, ajuda na preven\u00e7\u00e3o de crimes e d\u00e1 mais agilidade \u00e0 atua\u00e7\u00e3o das nossas for\u00e7as de seguran\u00e7a. \u00c9 o Governo de S\u00e3o Paulo usando tecnologia para proteger as pessoas, o patrim\u00f4nio p\u00fablico e os espa\u00e7os de conviv\u00eancia da popula\u00e7\u00e3o\u201d, afirma o secret\u00e1rio da Seguran\u00e7a P\u00fablica, Osvaldo Nico Gon\u00e7alves.<\/p>\n<h3 class=\"wp-block-heading\">Pr\u00f3ximas etapas<\/h3>\n<p class=\"wp-block-paragraph\">O Parque Bruno Covas inaugura uma nova frente de integra\u00e7\u00e3o dos parques estaduais urbanos ao Programa Muralha Paulista. Os pr\u00f3ximos projetos ser\u00e3o desenvolvidos individualmente, a partir de levantamentos t\u00e9cnicos que ir\u00e3o considerar as caracter\u00edsticas e necessidades operacionais de cada unidade.<\/p>\n<p class=\"wp-block-paragraph\">A segunda fase contemplar\u00e1 estudos para implanta\u00e7\u00e3o do sistema em outros parques estaduais urbanos administrados pela Semil, entre eles a Ch\u00e1cara da Baronesa, no ABC Paulista; o Jequitib\u00e1, em Cotia; o Maria Cristina, na zona Leste de S\u00e3o Paulo; e o Parque da Juventude, na zona Norte da capital paulista.<\/p>\n<p class=\"wp-block-paragraph\">Nessas unidades, a Semil ser\u00e1 respons\u00e1vel pela infraestrutura necess\u00e1ria para opera\u00e7\u00e3o do sistema, incluindo energia el\u00e9trica, conectividade e fibra \u00f3ptica quando necess\u00e1rio. A elabora\u00e7\u00e3o dos projetos t\u00e9cnicos est\u00e1 prevista para ocorrer em at\u00e9 120 dias ap\u00f3s a assinatura do contrato.<\/p>\n<p class=\"wp-block-paragraph\">As solu\u00e7\u00f5es de monitoramento ser\u00e3o desenvolvidas de forma individualizada para cada parque, considerando suas particularidades e as necessidades operacionais identificadas pelas equipes t\u00e9cnicas.<\/p>\n<h3 class=\"wp-block-heading\">Muralha Paulista<\/h3>\n<p class=\"wp-block-paragraph\">O programa Muralha Paulista opera c\u00e2meras interligadas, distribu\u00eddas entre leitores de placas, equipamentos de reconhecimento facial e dispositivos de monitoramento em tempo real. A rede integra c\u00e2meras e sensores de \u00f3rg\u00e3os p\u00fablicos e privados a bases de dados e informa\u00e7\u00f5es de localiza\u00e7\u00e3o, ampliando a capacidade de an\u00e1lise e resposta das for\u00e7as policiais, operacionais e especializadas.<\/p>\n<p class=\"wp-block-paragraph\">As c\u00e2meras do Muralha Paulista cruzam informa\u00e7\u00f5es com o Banco Nacional de Mandados de Pris\u00e3o e utilizam reconhecimento facial para identificar automaticamente foragidos da Justi\u00e7a. Tamb\u00e9m contribuem para monitorar e ajudar a organizar o tr\u00e2nsito, localizar pessoas desaparecidas e ve\u00edculos furtados ou roubados por meio da leitura e an\u00e1lise de placas.<\/p>\n<p class=\"wp-block-paragraph\">A tecnologia restringe rotas de fuga, dificulta a movimenta\u00e7\u00e3o dos criminosos e aumenta a capacidade de resposta das for\u00e7as de seguran\u00e7a. Uma vez identificados e presos, os autores t\u00eam reduzida a possibilidade de reincid\u00eancia nesses tipos de crimes.<\/p>\n<\/p><\/div>\n<p><br \/>\n<br \/><a href=\"https:\/\/www.agenciasp.sp.gov.br\/parques-estaduais-urbanos-de-sao-paulo-passam-a-integrar-o-programa-muralha-paulista\/\" rel=\"noopener\">Informa\u00e7\u00f5es GOV.SP<\/a><\/p>\n","protected":false},"excerpt":{"rendered":"<p>Os parques estaduais urbanos administrados pela Secretaria de Meio Ambiente, Infraestrutura e Log\u00edstica (Semil) passar\u00e3o a integrar o Programa Muralha Paulista, iniciativa do Governo de S\u00e3o Paulo voltada ao fortalecimento das a\u00e7\u00f5es de seguran\u00e7a p\u00fablica por meio da integra\u00e7\u00e3o de sistemas de monitoramento, compartilhamento de informa\u00e7\u00f5es e uso de tecnologias inteligentes. O an\u00fancio aconteceu nesta [&hellip;]<\/p>\n","protected":false},"author":1,"featured_media":68585,"comment_status":"","ping_status":"open","sticky":false,"template":"","format":"standard","meta":{"_jetpack_newsletter_access":"","_jetpack_dont_email_post_to_subs":false,"_jetpack_newsletter_tier_id":0,"_jetpack_memberships_contains_paywalled_content":false,"_mbp_banners":[],"_jetpack_feature_clip_id":0,"_jetpack_memberships_contains_paid_content":false,"footnotes":"","jetpack_publicize_message":"","jetpack_publicize_feature_enabled":true,"jetpack_social_post_already_shared":true,"jetpack_social_options":{"image_generator_settings":{"template":"highway","default_image_id":0,"font":"","enabled":false},"version":2},"jetpack_post_was_ever_published":false},"categories":[21],"tags":[],"class_list":["post-68584","post","type-post","status-publish","format-standard","has-post-thumbnail","category-sp-news"],"jetpack_publicize_connections":[],"jetpack-related-posts":[],"jetpack_shortlink":"https:\/\/wp.me\/p7Eq1F-hQc","jetpack_sharing_enabled":true,"jetpack_featured_media_url":"https:\/\/i0.wp.com\/guialimeira.com.br\/news\/wp-content\/uploads\/2026\/06\/Parques-estaduais-urbanos-de-Sao-Paulo-passam-a-integrar-o.jpg?fit=2560%2C1707&ssl=1","_links":{"self":[{"href":"https:\/\/guialimeira.com.br\/news\/wp-json\/wp\/v2\/posts\/68584","targetHints":{"allow":["GET"]}}],"collection":[{"href":"https:\/\/guialimeira.com.br\/news\/wp-json\/wp\/v2\/posts"}],"about":[{"href":"https:\/\/guialimeira.com.br\/news\/wp-json\/wp\/v2\/types\/post"}],"author":[{"embeddable":true,"href":"https:\/\/guialimeira.com.br\/news\/wp-json\/wp\/v2\/users\/1"}],"replies":[{"embeddable":true,"href":"https:\/\/guialimeira.com.br\/news\/wp-json\/wp\/v2\/comments?post=68584"}],"version-history":[{"count":0,"href":"https:\/\/guialimeira.com.br\/news\/wp-json\/wp\/v2\/posts\/68584\/revisions"}],"wp:featuredmedia":[{"embeddable":true,"href":"https:\/\/guialimeira.com.br\/news\/wp-json\/wp\/v2\/media\/68585"}],"wp:attachment":[{"href":"https:\/\/guialimeira.com.br\/news\/wp-json\/wp\/v2\/media?parent=68584"}],"wp:term":[{"taxonomy":"category","embeddable":true,"href":"https:\/\/guialimeira.com.br\/news\/wp-json\/wp\/v2\/categories?post=68584"},{"taxonomy":"post_tag","embeddable":true,"href":"https:\/\/guialimeira.com.br\/news\/wp-json\/wp\/v2\/tags?post=68584"}],"curies":[{"name":"wp","href":"https:\/\/api.w.org\/{rel}","templated":true}]}}