{"id":68573,"date":"2026-06-10T17:27:39","date_gmt":"2026-06-10T20:27:39","guid":{"rendered":"https:\/\/guialimeira.com.br\/sp-entrega-27-caminhoes-e-reforca-gestao-de-residuos-solidos-no-estado\/"},"modified":"2026-06-10T17:27:39","modified_gmt":"2026-06-10T20:27:39","slug":"sp-entrega-27-caminhoes-e-reforca-gestao-de-residuos-solidos-no-estado","status":"publish","type":"post","link":"https:\/\/guialimeira.com.br\/news\/sp-entrega-27-caminhoes-e-reforca-gestao-de-residuos-solidos-no-estado\/","title":{"rendered":"SP entrega 27 caminh\u00f5es e refor\u00e7a gest\u00e3o de res\u00edduos s\u00f3lidos no estado"},"content":{"rendered":"<p> <br \/>\n<br \/><img data-recalc-dims=\"1\" decoding=\"async\" src=\"https:\/\/i0.wp.com\/www.agenciasp.sp.gov.br\/wp-content\/uploads\/2026\/06\/WhatsApp-Image-2026-06-08-at-15.42.39-1024x768-1.jpeg?w=696&#038;ssl=1\" \/><\/p>\n<div>\n<p class=\"wp-block-paragraph\">O <a href=\"https:\/\/www.agenciasp.sp.gov.br\/\" rel=\"noopener\">Governo do Estado de S\u00e3o Paulo<\/a> realiza nesta quarta-feira (10), durante a programa\u00e7\u00e3o da Semana do Meio Ambiente, a entrega de 27 caminh\u00f5es coletores compactadores a munic\u00edpios paulistas por meio do Fundo Estadual de Preven\u00e7\u00e3o e Controle da Polui\u00e7\u00e3o (Fecop), vinculado \u00e0 <a href=\"https:\/\/semil.sp.gov.br\/\" target=\"_blank\" rel=\"noopener\">Secretaria de Meio Ambiente, Infraestrutura e Log\u00edstica (Semil).<\/a><\/p>\n<p class=\"wp-block-paragraph\">Os ve\u00edculos, adquiridos com investimento de R$ 16,6 milh\u00f5es, ficar\u00e3o expostos no Parque Ecol\u00f3gico do Tiet\u00ea (PET), onde ocorre o evento, e integram o primeiro ciclo de distribui\u00e7\u00e3o de equipamentos previsto no edital lan\u00e7ado pela Semil no ano passado, refor\u00e7ando a pol\u00edtica p\u00fablica estadual de apoio \u00e0 gest\u00e3o adequada dos res\u00edduos s\u00f3lidos urbanos.<\/p>\n<p>Os novos ve\u00edculos v\u00e3o ampliar a capacidade operacional das prefeituras na coleta e destina\u00e7\u00e3o correta dos res\u00edduos, contribuindo para a melhoria da limpeza urbana, a preserva\u00e7\u00e3o ambiental e a redu\u00e7\u00e3o dos impactos causados pelo descarte inadequado de lixo.<\/p>\n<p class=\"wp-block-paragraph\"><strong>LEIA TAMB\u00c9M:<\/strong><a href=\"https:\/\/www.agenciasp.sp.gov.br\/governo-de-sp-lanca-premio-inedito-para-reconhecer-municipios-paulistas-por-eficiencia-em-obras-de-saneamento-e-seguranca-hidrica\/\" rel=\"noopener\"><strong> <\/strong>Governo de SP lan\u00e7a pr\u00eamio in\u00e9dito para reconhecer munic\u00edpios paulistas por efici\u00eancia em obras de saneamento e seguran\u00e7a h\u00eddrica<\/a><\/p>\n<p class=\"wp-block-paragraph\">Ao todo, 530 munic\u00edpios foram classificados no \u00faltimo edital lan\u00e7ado, sendo 310 interessados em receber caminh\u00f5es coletores compactadores, demonstrando a alta demanda por investimentos voltados ao fortalecimento da infraestrutura ambiental local. <\/p>\n<p class=\"wp-block-paragraph\">Nesta etapa, foram contempladas as cidades de Santa Maria da Serra, Riversul, C\u00e2ndido Rodrigues, Sebastian\u00f3polis do Sul, Mendon\u00e7a, Echapor\u00e3, Santa Cruz da Esperan\u00e7a, Nova Campina, Guare\u00ed, S\u00e3o Louren\u00e7o da Serra, Valentim Gentil, Mirante do Paranapanema, Tabatinga, \u00c1lvares Machado, Elias Fausto, Chavantes, Mon\u00e7\u00f5es, Cosmorama, Boraceia, \u00c1guas de Santa B\u00e1rbara, Alvinl\u00e2ndia, Presidente Alves, G\u00e1lia, Paulo de Faria, Fern\u00e3o, Lavrinhas e Sales.<\/p>\n<h3 class=\"wp-block-heading\">Crit\u00e9rios t\u00e9cnicos e incentivo \u00e0 gest\u00e3o ambiental<\/h3>\n<p class=\"wp-block-paragraph\">Para participar do programa, os munic\u00edpios precisaram atender a uma s\u00e9rie de requisitos t\u00e9cnicos e de regularidade fiscal, incluindo a apresenta\u00e7\u00e3o de certid\u00f5es negativas de d\u00e9bitos federais e trabalhistas, regularidade junto ao FGTS, aus\u00eancia de pend\u00eancias no Cadastro Informativo Estadual (Cadin) e comprova\u00e7\u00e3o de que o servi\u00e7o municipal estava diretamente relacionado ao equipamento solicitado.<\/p>\n<p class=\"wp-block-paragraph\">A sele\u00e7\u00e3o tamb\u00e9m priorizou munic\u00edpios participantes do Programa Integra Res\u00edduos ou do UniversalizaSP, cidades com concess\u00e3o regionalizada dos servi\u00e7os de \u00e1gua e esgoto e prefeituras com Plano Municipal de Gest\u00e3o Integrada de Res\u00edduos S\u00f3lidos (PMGIRS) atualizado, entre outros crit\u00e9rios que estimulam o planejamento e a melhoria cont\u00ednua da gest\u00e3o ambiental local.<\/p>\n<p class=\"wp-block-paragraph\">Destaca-se que os munic\u00edpios participantes poder\u00e3o ser contemplados com os equipamentos pleiteados, que incluem ainda caminh\u00f5es ou ve\u00edculos leves para coleta seletiva e equipamentos trituradores de galhos, conforme a disponibilidade or\u00e7ament\u00e1ria, at\u00e9 o final de 2026.<\/p>\n<h3 class=\"wp-block-heading\">Sobre o Fecop<\/h3>\n<p class=\"wp-block-paragraph\">Criado em 2002, o Fundo Estadual de Preven\u00e7\u00e3o e Controle da Polui\u00e7\u00e3o (Fecop) \u00e9 um mecanismo de financiamento vinculado \u00e0 Semil para apoiar projetos de preserva\u00e7\u00e3o e melhoria das condi\u00e7\u00f5es ambientais no Estado de S\u00e3o Paulo. Desde sua cria\u00e7\u00e3o, j\u00e1 aprovou 2.748 projetos, destinando cerca de R$ 655 milh\u00f5es a 638 munic\u00edpios e 29 Cons\u00f3rcios Intermunicipais. A Companhia Ambiental do Estado de S\u00e3o Paulo (Cetesb) atua como agente t\u00e9cnico e Secretaria Executiva do fundo.<\/p>\n<h3 class=\"wp-block-heading\">Sobre a Semana do Meio Ambiente<\/h3>\n<p class=\"wp-block-paragraph\">Realizada pelo Governo de S\u00e3o Paulo em celebra\u00e7\u00e3o ao Dia Mundial do Meio Ambiente, a Semana do Meio Ambiente acontece no Parque Ecol\u00f3gico do Tiet\u00ea (PET), na zona leste da capital paulista. A edi\u00e7\u00e3o deste ano incorpora o legado do Summit Agenda SP+Verde, ampliando a integra\u00e7\u00e3o entre governo, setor produtivo, investidores e sociedade civil em torno da agenda clim\u00e1tica, da economia verde e do desenvolvimento sustent\u00e1vel. <\/p>\n<p class=\"wp-block-paragraph\">A programa\u00e7\u00e3o inclui a participa\u00e7\u00e3o de empresas e entidades selecionadas por edital p\u00fablico para integrar as comemora\u00e7\u00f5es no PET, al\u00e9m do SP Conecta, iniciativa da Semil (Secretaria de Meio Ambiente, Infraestrutura e Log\u00edstica) e da InvestSP, ag\u00eancia de promo\u00e7\u00e3o de investimentos vinculada \u00e0 Secretaria de Desenvolvimento Econ\u00f4mico, a ser realizada no pr\u00f3ximo dia 16\/06 e voltada \u00e0 atra\u00e7\u00e3o de investimentos e ao fortalecimento da competitividade ambiental no Estado de S\u00e3o Paulo. A Semana do Meio Ambiente tamb\u00e9m marca as comemora\u00e7\u00f5es dos 40 anos da Semil.<\/p>\n<\/p><\/div>\n<p><br \/>\n<br \/><a href=\"https:\/\/www.agenciasp.sp.gov.br\/sp-entrega-27-caminhoes-residuos-solidos\/\" rel=\"noopener\">Informa\u00e7\u00f5es GOV.SP<\/a><\/p>\n","protected":false},"excerpt":{"rendered":"<p>O Governo do Estado de S\u00e3o Paulo realiza nesta quarta-feira (10), durante a programa\u00e7\u00e3o da Semana do Meio Ambiente, a entrega de 27 caminh\u00f5es coletores compactadores a munic\u00edpios paulistas por meio do Fundo Estadual de Preven\u00e7\u00e3o e Controle da Polui\u00e7\u00e3o (Fecop), vinculado \u00e0 Secretaria de Meio Ambiente, Infraestrutura e Log\u00edstica (Semil). Os ve\u00edculos, adquiridos com [&hellip;]<\/p>\n","protected":false},"author":1,"featured_media":68574,"comment_status":"","ping_status":"open","sticky":false,"template":"","format":"standard","meta":{"_jetpack_newsletter_access":"","_jetpack_dont_email_post_to_subs":false,"_jetpack_newsletter_tier_id":0,"_jetpack_memberships_contains_paywalled_content":false,"_mbp_banners":[],"_jetpack_feature_clip_id":0,"_jetpack_memberships_contains_paid_content":false,"footnotes":"","jetpack_publicize_message":"","jetpack_publicize_feature_enabled":true,"jetpack_social_post_already_shared":true,"jetpack_social_options":{"image_generator_settings":{"template":"highway","default_image_id":0,"font":"","enabled":false},"version":2},"jetpack_post_was_ever_published":false},"categories":[21],"tags":[],"class_list":["post-68573","post","type-post","status-publish","format-standard","has-post-thumbnail","category-sp-news"],"jetpack_publicize_connections":[],"jetpack-related-posts":[],"jetpack_shortlink":"https:\/\/wp.me\/p7Eq1F-hQ1","jetpack_sharing_enabled":true,"jetpack_featured_media_url":"https:\/\/i0.wp.com\/guialimeira.com.br\/news\/wp-content\/uploads\/2026\/06\/SP-entrega-27-caminhoes-e-reforca-gestao-de-residuos-solidos.jpeg?fit=1024%2C768&ssl=1","_links":{"self":[{"href":"https:\/\/guialimeira.com.br\/news\/wp-json\/wp\/v2\/posts\/68573","targetHints":{"allow":["GET"]}}],"collection":[{"href":"https:\/\/guialimeira.com.br\/news\/wp-json\/wp\/v2\/posts"}],"about":[{"href":"https:\/\/guialimeira.com.br\/news\/wp-json\/wp\/v2\/types\/post"}],"author":[{"embeddable":true,"href":"https:\/\/guialimeira.com.br\/news\/wp-json\/wp\/v2\/users\/1"}],"replies":[{"embeddable":true,"href":"https:\/\/guialimeira.com.br\/news\/wp-json\/wp\/v2\/comments?post=68573"}],"version-history":[{"count":0,"href":"https:\/\/guialimeira.com.br\/news\/wp-json\/wp\/v2\/posts\/68573\/revisions"}],"wp:featuredmedia":[{"embeddable":true,"href":"https:\/\/guialimeira.com.br\/news\/wp-json\/wp\/v2\/media\/68574"}],"wp:attachment":[{"href":"https:\/\/guialimeira.com.br\/news\/wp-json\/wp\/v2\/media?parent=68573"}],"wp:term":[{"taxonomy":"category","embeddable":true,"href":"https:\/\/guialimeira.com.br\/news\/wp-json\/wp\/v2\/categories?post=68573"},{"taxonomy":"post_tag","embeddable":true,"href":"https:\/\/guialimeira.com.br\/news\/wp-json\/wp\/v2\/tags?post=68573"}],"curies":[{"name":"wp","href":"https:\/\/api.w.org\/{rel}","templated":true}]}}