{"id":68571,"date":"2026-06-10T17:25:24","date_gmt":"2026-06-10T20:25:24","guid":{"rendered":"https:\/\/guialimeira.com.br\/prefeitura-promove-evento-de-combate-ao-trabalho-infantil-em-limeira\/"},"modified":"2026-06-10T17:25:24","modified_gmt":"2026-06-10T20:25:24","slug":"prefeitura-promove-evento-de-combate-ao-trabalho-infantil-em-limeira","status":"publish","type":"post","link":"https:\/\/guialimeira.com.br\/news\/prefeitura-promove-evento-de-combate-ao-trabalho-infantil-em-limeira\/","title":{"rendered":"Prefeitura promove evento de combate ao trabalho infantil em Limeira"},"content":{"rendered":"<p> <br \/>\n<\/p>\n<div id=\"\">&#13;<br \/>\n                    &#13;<br \/>\n&#13;<br \/>\n&#13;<br \/>\n&#13;<br \/>\n&#13;<br \/>\n&#13;<br \/>\n    <img data-recalc-dims=\"1\" decoding=\"async\" src=\"https:\/\/i0.wp.com\/ecrie.com.br\/sistema\/conteudos\/imagem\/m_137_0_1_10062026172208.jpeg?w=696&#038;ssl=1\" alt=\"Prefeitura promove evento de combate ao trabalho infantil em Limeira\"\/>&#13;<br \/>\n&#13;<br \/>\n&#13;<\/p>\n<p style=\"text-align: justify;\">O palco do Parque Cidade recebeu, na tarde desta quarta-feira (10), o evento &#8220;Cart\u00e3o Vermelho ao Trabalho Infantil&#8221;, promovido pela Comiss\u00e3o Municipal de Erradica\u00e7\u00e3o do Trabalho Infantil (Cometil). A iniciativa integra as a\u00e7\u00f5es alusivas ao Dia Mundial de Combate ao Trabalho Infantil, celebrado em 12 de junho, e tem como objetivo conscientizar a popula\u00e7\u00e3o sobre a import\u00e2ncia da prote\u00e7\u00e3o integral de crian\u00e7as e adolescentes.<\/p>\n<p>&#13;<\/p>\n<p style=\"text-align: justify;\">O prefeito Murilo F\u00e9lix destacou a relev\u00e2ncia da mobiliza\u00e7\u00e3o e o compromisso do munic\u00edpio com a garantia dos direitos da inf\u00e2ncia. &#8220;O combate ao trabalho infantil \u00e9 uma responsabilidade de toda a sociedade. Precisamos assegurar que nossas crian\u00e7as tenham acesso \u00e0 educa\u00e7\u00e3o, ao lazer, \u00e0 cultura e \u00e0s oportunidades adequadas para seu desenvolvimento&#8221;, afirmou.<\/p>\n<p>&#13;<\/p>\n<p style=\"text-align: justify;\">A programa\u00e7\u00e3o contou com apresenta\u00e7\u00f5es do CAMPL Patrulheiro, exposi\u00e7\u00e3o de trabalhos desenvolvidos com atendidos do Centro Comunit\u00e1rio do Jardim Od\u00e9cio Degan, atividades recreativas e um jogo de perguntas e respostas sobre os direitos da crian\u00e7a e do adolescente, ocasi\u00e3o em que os estudantes receberam exemplares do Estatuto da Crian\u00e7a e do Adolescente (ECA).<\/p>\n<p>&#13;<\/p>\n<p style=\"text-align: justify;\">A coordenadora do evento, Kelly Scholl, ressaltou a import\u00e2ncia de ampliar o debate sobre o tema. &#8220;A conscientiza\u00e7\u00e3o \u00e9 fundamental para que essa realidade seja cada vez mais superada. Nosso objetivo \u00e9 mobilizar a sociedade para garantir que crian\u00e7as e adolescentes tenham o direito de brincar, estudar e se desenvolver plenamente, livres de qualquer forma de explora\u00e7\u00e3o e trabalho precoce&#8221;, destacou.<\/p>\n<p>&#13;<\/p>\n<p style=\"text-align: justify;\">Tamb\u00e9m participaram do evento a vereadora Isabelly Carvalho, representantes do Conselho Municipal dos Direitos da Crian\u00e7a e do Adolescente (CMDCA), da Secretaria de Educa\u00e7\u00e3o e de demais \u00f3rg\u00e3os que integram a rede de prote\u00e7\u00e3o \u00e0 inf\u00e2ncia e \u00e0 adolesc\u00eancia.<\/p>\n<p>&#13;<\/p>\n<p style=\"text-align: justify;\"><strong>Trabalho infantil \u00e9 proibido por lei<\/strong><\/p>\n<p>&#13;<\/p>\n<p style=\"text-align: justify;\">O Dia Mundial de Combate ao Trabalho Infantil foi institu\u00eddo no Brasil pela Lei n\u00ba 11.542\/2007 e tem como objetivo sensibilizar a sociedade sobre os preju\u00edzos causados pelo trabalho precoce ao desenvolvimento f\u00edsico, emocional e educacional de crian\u00e7as e adolescentes.<\/p>\n<p>&#13;<\/p>\n<p style=\"text-align: justify;\">A proibi\u00e7\u00e3o do trabalho infantil est\u00e1 prevista na Constitui\u00e7\u00e3o Federal e no Estatuto da Crian\u00e7a e do Adolescente (ECA). O artigo 7\u00ba da Constitui\u00e7\u00e3o Federal pro\u00edbe qualquer trabalho a menores de 16 anos, salvo na condi\u00e7\u00e3o de aprendiz, a partir dos 14 anos. A mesma regra \u00e9 refor\u00e7ada pelo ECA, que veda o trabalho antes dos 14 anos, exceto na condi\u00e7\u00e3o de aprendiz, em conformidade com a Constitui\u00e7\u00e3o.<\/p>\n<p>&#13;<\/p>\n<p style=\"text-align: justify;\">A a\u00e7\u00e3o est\u00e1 alinhada \u00e0 ODS 8 (Trabalho Decente e Crescimento Econ\u00f4mico) da ONU. A Meta 8.7 exige medidas para proibir e eliminar as piores formas de trabalho infantil e acabar com o trabalho infantil em todas as suas formas.<\/p>\n<p>&#13;<br \/>\n&#13;<br \/>\n&#13;<br \/>\n&#13;<\/p>\n<article class=\"conteudo-relacionado no-print\">&#13;<br \/>\n        &#13;<br \/>\n&#13;<br \/>\n        &#13;<br \/>\n    <\/article>\n<p>&#13;<br \/>\n&#13;\n                <\/p><\/div>\n<p><br \/>\n<br \/><a href=\"https:\/\/limeira.sp.gov.br\/prefeitura-promove-evento-de-combate-ao-trabalho-infantil-em-limeira\" rel=\"noopener\">Informa\u00e7\u00f5es da PML <\/a><\/p>\n","protected":false},"excerpt":{"rendered":"<p>&#13; &#13; &#13; &#13; &#13; &#13; &#13; &#13; &#13; &#13; O palco do Parque Cidade recebeu, na tarde desta quarta-feira (10), o evento &#8220;Cart\u00e3o Vermelho ao Trabalho Infantil&#8221;, promovido pela Comiss\u00e3o Municipal de Erradica\u00e7\u00e3o do Trabalho Infantil (Cometil). A iniciativa integra as a\u00e7\u00f5es alusivas ao Dia Mundial de Combate ao Trabalho Infantil, celebrado em 12 [&hellip;]<\/p>\n","protected":false},"author":1,"featured_media":68572,"comment_status":"","ping_status":"open","sticky":false,"template":"","format":"standard","meta":{"_jetpack_newsletter_access":"","_jetpack_dont_email_post_to_subs":false,"_jetpack_newsletter_tier_id":0,"_jetpack_memberships_contains_paywalled_content":false,"_mbp_banners":[],"_jetpack_feature_clip_id":0,"_jetpack_memberships_contains_paid_content":false,"footnotes":"","jetpack_publicize_message":"","jetpack_publicize_feature_enabled":true,"jetpack_social_post_already_shared":true,"jetpack_social_options":{"image_generator_settings":{"template":"highway","default_image_id":0,"font":"","enabled":false},"version":2},"jetpack_post_was_ever_published":false},"categories":[16],"tags":[],"class_list":["post-68571","post","type-post","status-publish","format-standard","has-post-thumbnail","category-local"],"jetpack_publicize_connections":[],"jetpack-related-posts":[],"jetpack_shortlink":"https:\/\/wp.me\/p7Eq1F-hPZ","jetpack_sharing_enabled":true,"jetpack_featured_media_url":"https:\/\/i0.wp.com\/guialimeira.com.br\/news\/wp-content\/uploads\/2026\/06\/m_137_0_1_10062026172208.jpeg?fit=1024%2C768&ssl=1","_links":{"self":[{"href":"https:\/\/guialimeira.com.br\/news\/wp-json\/wp\/v2\/posts\/68571","targetHints":{"allow":["GET"]}}],"collection":[{"href":"https:\/\/guialimeira.com.br\/news\/wp-json\/wp\/v2\/posts"}],"about":[{"href":"https:\/\/guialimeira.com.br\/news\/wp-json\/wp\/v2\/types\/post"}],"author":[{"embeddable":true,"href":"https:\/\/guialimeira.com.br\/news\/wp-json\/wp\/v2\/users\/1"}],"replies":[{"embeddable":true,"href":"https:\/\/guialimeira.com.br\/news\/wp-json\/wp\/v2\/comments?post=68571"}],"version-history":[{"count":0,"href":"https:\/\/guialimeira.com.br\/news\/wp-json\/wp\/v2\/posts\/68571\/revisions"}],"wp:featuredmedia":[{"embeddable":true,"href":"https:\/\/guialimeira.com.br\/news\/wp-json\/wp\/v2\/media\/68572"}],"wp:attachment":[{"href":"https:\/\/guialimeira.com.br\/news\/wp-json\/wp\/v2\/media?parent=68571"}],"wp:term":[{"taxonomy":"category","embeddable":true,"href":"https:\/\/guialimeira.com.br\/news\/wp-json\/wp\/v2\/categories?post=68571"},{"taxonomy":"post_tag","embeddable":true,"href":"https:\/\/guialimeira.com.br\/news\/wp-json\/wp\/v2\/tags?post=68571"}],"curies":[{"name":"wp","href":"https:\/\/api.w.org\/{rel}","templated":true}]}}