{"id":68567,"date":"2026-06-10T17:05:10","date_gmt":"2026-06-10T20:05:10","guid":{"rendered":"https:\/\/guialimeira.com.br\/prefeitura-promove-capacitacao-para-responsaveis-por-escolas-de-educacao-infantil-de-limeira\/"},"modified":"2026-06-10T17:05:10","modified_gmt":"2026-06-10T20:05:10","slug":"prefeitura-promove-capacitacao-para-responsaveis-por-escolas-de-educacao-infantil-de-limeira","status":"publish","type":"post","link":"https:\/\/guialimeira.com.br\/news\/prefeitura-promove-capacitacao-para-responsaveis-por-escolas-de-educacao-infantil-de-limeira\/","title":{"rendered":"Prefeitura promove capacita\u00e7\u00e3o para respons\u00e1veis por escolas de educa\u00e7\u00e3o infantil de Limeira"},"content":{"rendered":"<p> <br \/>\n<\/p>\n<div>\n                <main class=\"\">&#13;<br \/>\n                    &#13;<br \/>\n&#13;<br \/>\n&#13;<br \/>\n&#13;<br \/>\n&#13;<br \/>\n&#13;<br \/>\n    <img data-recalc-dims=\"1\" decoding=\"async\" src=\"https:\/\/i0.wp.com\/ecrie.com.br\/sistema\/conteudos\/imagem\/m_137_0_1_10062026165837.jpg?w=696&#038;ssl=1\" alt=\"Prefeitura promove capacita\u00e7\u00e3o para respons\u00e1veis por escolas de educa\u00e7\u00e3o infantil de Limeira\"\/>&#13;<br \/>\n&#13;<br \/>\n&#13;<\/p>\n<p>\u00a0<\/p>\n<p>&#13;<\/p>\n<p style=\"text-align: justify;\">A Prefeitura de Limeira realiza, na pr\u00f3xima ter\u00e7a-feira (16), uma capacita\u00e7\u00e3o voltada aos respons\u00e1veis legais e respons\u00e1veis t\u00e9cnicos dos estabelecimentos privados de Educa\u00e7\u00e3o Infantil (CNAE 8511-2\/00), incluindo as unidades conveniadas ao programa Bolsa Creche e licenciadas pela Divis\u00e3o de Vigil\u00e2ncia Sanit\u00e1ria (Visa). A atividade ocorrer\u00e1 das 9h \u00e0s 12h, no Audit\u00f3rio do NAC (N\u00facleo de Atendimento ao Cidad\u00e3o), localizado na Av. Dr. Lauro Corr\u00eaa da Silva, 3.800, Jardim Ad\u00e9lia Cavicchia Grotta.<\/p>\n<p>&#13;<\/p>\n<p style=\"text-align: justify;\">O objetivo da capacita\u00e7\u00e3o \u00e9 orientar os participantes sobre as legisla\u00e7\u00f5es sanit\u00e1rias aplic\u00e1veis \u00e0 atividade de educa\u00e7\u00e3o infantil, contribuindo para a adequa\u00e7\u00e3o dos estabelecimentos \u00e0s normas vigentes e para a promo\u00e7\u00e3o de ambientes mais seguros e saud\u00e1veis para as crian\u00e7as.<\/p>\n<p>&#13;<\/p>\n<p style=\"text-align: justify;\">Durante o encontro, ser\u00e3o abordados temas relacionados \u00e0s boas pr\u00e1ticas de funcionamento, adapta\u00e7\u00e3o e manuten\u00e7\u00e3o da estrutura f\u00edsica das unidades, incluindo aspectos construtivos, regulariza\u00e7\u00e3o dos servi\u00e7os de alimenta\u00e7\u00e3o pr\u00f3prios ou terceirizados, manejo de res\u00edduos, limpeza e desinfec\u00e7\u00e3o de ambientes, superf\u00edcies e objetos, al\u00e9m da contrata\u00e7\u00e3o de servi\u00e7os terceirizados.<\/p>\n<p>&#13;<\/p>\n<p style=\"text-align: justify;\">A programa\u00e7\u00e3o tamb\u00e9m prev\u00ea orienta\u00e7\u00f5es sobre documenta\u00e7\u00e3o obrigat\u00f3ria, composi\u00e7\u00e3o do quadro de funcion\u00e1rios e a apresenta\u00e7\u00e3o das principais irregularidades identificadas pela Vigil\u00e2ncia Sanit\u00e1ria nas inspe\u00e7\u00f5es mais recentes realizadas nos estabelecimentos do munic\u00edpio.<\/p>\n<p>&#13;<\/p>\n<p style=\"text-align: justify;\">Segundo a Visa, muitos desses apontamentos est\u00e3o relacionados a exig\u00eancias legais e documentais que podem impedir a emiss\u00e3o ou a renova\u00e7\u00e3o da licen\u00e7a sanit\u00e1ria. Por esse motivo, a participa\u00e7\u00e3o dos respons\u00e1veis \u00e9 considerada \u201caltamente recomendada\u201d.<\/p>\n<p>&#13;<\/p>\n<p style=\"text-align: justify;\">Outro tema em destaque ser\u00e1 a utiliza\u00e7\u00e3o da plataforma digital 1Doc para protocolos de inclus\u00e3o de documentos e solicita\u00e7\u00e3o de renova\u00e7\u00e3o da licen\u00e7a sanit\u00e1ria, com esclarecimentos sobre os procedimentos necess\u00e1rios para a regulariza\u00e7\u00e3o dos servi\u00e7os.<\/p>\n<p>&#13;<\/p>\n<p style=\"text-align: justify;\">As inscri\u00e7\u00f5es devem ser realizadas pelo link <a href=\"http:\/\/serv42.limeira.sp.gov.br\/net_eventos\/service_banner_evento\/service_banner_evento.php?cod=370&amp;token=26b126b74167e2500224e75a4b3664a5\" rel=\"noopener\">http:\/\/serv42.limeira.sp.gov.br\/net_eventos\/service_banner_evento\/service_banner_evento.php?cod=370&amp;token=26b126b74167e2500224e75a4b3664a5<\/a><\/p>\n<p>&#13;<br \/>\n&#13;<br \/>\n&#13;<br \/>\n&#13;<\/p>\n<article class=\"conteudo-relacionado no-print\">&#13;<br \/>\n        &#13;<br \/>\n&#13;<br \/>\n        &#13;<br \/>\n    <\/article>\n<p>&#13;<br \/>\n&#13;<br \/>\n                <\/main><\/p><\/div>\n<p><br \/>\n<br \/><a href=\"https:\/\/limeira.sp.gov.br\/prefeitura-promove-capacitacao-para-responsaveis-por-escolas-de-educacao-infantil-de-limeira\" rel=\"noopener\">Informa\u00e7\u00f5es da PML <\/a><\/p>\n","protected":false},"excerpt":{"rendered":"<p>&#13; &#13; &#13; &#13; &#13; &#13; &#13; &#13; &#13; &#13; \u00a0 &#13; A Prefeitura de Limeira realiza, na pr\u00f3xima ter\u00e7a-feira (16), uma capacita\u00e7\u00e3o voltada aos respons\u00e1veis legais e respons\u00e1veis t\u00e9cnicos dos estabelecimentos privados de Educa\u00e7\u00e3o Infantil (CNAE 8511-2\/00), incluindo as unidades conveniadas ao programa Bolsa Creche e licenciadas pela Divis\u00e3o de Vigil\u00e2ncia Sanit\u00e1ria (Visa). A [&hellip;]<\/p>\n","protected":false},"author":1,"featured_media":68568,"comment_status":"","ping_status":"open","sticky":false,"template":"","format":"standard","meta":{"_jetpack_newsletter_access":"","_jetpack_dont_email_post_to_subs":false,"_jetpack_newsletter_tier_id":0,"_jetpack_memberships_contains_paywalled_content":false,"_mbp_banners":[],"_jetpack_feature_clip_id":0,"_jetpack_memberships_contains_paid_content":false,"footnotes":"","jetpack_publicize_message":"","jetpack_publicize_feature_enabled":true,"jetpack_social_post_already_shared":true,"jetpack_social_options":{"image_generator_settings":{"template":"highway","default_image_id":0,"font":"","enabled":false},"version":2},"jetpack_post_was_ever_published":false},"categories":[16],"tags":[],"class_list":["post-68567","post","type-post","status-publish","format-standard","has-post-thumbnail","category-local"],"jetpack_publicize_connections":[],"jetpack-related-posts":[],"jetpack_shortlink":"https:\/\/wp.me\/p7Eq1F-hPV","jetpack_sharing_enabled":true,"jetpack_featured_media_url":"https:\/\/i0.wp.com\/guialimeira.com.br\/news\/wp-content\/uploads\/2026\/06\/m_137_0_1_10062026165837.jpg?fit=1024%2C682&ssl=1","_links":{"self":[{"href":"https:\/\/guialimeira.com.br\/news\/wp-json\/wp\/v2\/posts\/68567","targetHints":{"allow":["GET"]}}],"collection":[{"href":"https:\/\/guialimeira.com.br\/news\/wp-json\/wp\/v2\/posts"}],"about":[{"href":"https:\/\/guialimeira.com.br\/news\/wp-json\/wp\/v2\/types\/post"}],"author":[{"embeddable":true,"href":"https:\/\/guialimeira.com.br\/news\/wp-json\/wp\/v2\/users\/1"}],"replies":[{"embeddable":true,"href":"https:\/\/guialimeira.com.br\/news\/wp-json\/wp\/v2\/comments?post=68567"}],"version-history":[{"count":0,"href":"https:\/\/guialimeira.com.br\/news\/wp-json\/wp\/v2\/posts\/68567\/revisions"}],"wp:featuredmedia":[{"embeddable":true,"href":"https:\/\/guialimeira.com.br\/news\/wp-json\/wp\/v2\/media\/68568"}],"wp:attachment":[{"href":"https:\/\/guialimeira.com.br\/news\/wp-json\/wp\/v2\/media?parent=68567"}],"wp:term":[{"taxonomy":"category","embeddable":true,"href":"https:\/\/guialimeira.com.br\/news\/wp-json\/wp\/v2\/categories?post=68567"},{"taxonomy":"post_tag","embeddable":true,"href":"https:\/\/guialimeira.com.br\/news\/wp-json\/wp\/v2\/tags?post=68567"}],"curies":[{"name":"wp","href":"https:\/\/api.w.org\/{rel}","templated":true}]}}