{"id":68558,"date":"2026-06-10T15:55:55","date_gmt":"2026-06-10T18:55:55","guid":{"rendered":"https:\/\/guialimeira.com.br\/lu-bogo-homenageia-padaria-villa-aparecida-pelos-30-anos-de-servicos-prestados\/"},"modified":"2026-06-10T15:55:55","modified_gmt":"2026-06-10T18:55:55","slug":"lu-bogo-homenageia-padaria-villa-aparecida-pelos-30-anos-de-servicos-prestados","status":"publish","type":"post","link":"https:\/\/guialimeira.com.br\/news\/lu-bogo-homenageia-padaria-villa-aparecida-pelos-30-anos-de-servicos-prestados\/","title":{"rendered":"Lu Bogo homenageia Padaria Villa Aparecida pelos 30 anos de servi\u00e7os prestados"},"content":{"rendered":"<p>Lu Bogo homenageia Padaria Villa Aparecida pelos 30 anos de servi\u00e7os prestados<\/p>\n<p>A vereadora Lu Bogo (PL) fez a leitura e entrega da Mo\u00e7\u00e3o de Reconhecimento N\u00b0 78\/2026 na sess\u00e3o ordin\u00e1ria da C\u00e2mara Municipal desta segunda-feira, 8 de junho, ao comerciante Pedro de Gasperi, pela hist\u00f3ria da Padaria Villa Aparecida pelos relevantes servi\u00e7os prestados em Limeira.<\/p>\n<p>Ao lado da esposa, Denise Serpeloni de Gasperi, e da irm\u00e3 Susana Maria de Gasperi, o comerciante Pedro de Gasperi ouviu a leitura da mo\u00e7\u00e3o, que foi aprovada por unanimidade pelos vereadores. \u201cEsta \u00e9 a terceira gera\u00e7\u00e3o da minha fam\u00edlia que est\u00e1 no com\u00e9rcio em Limeira. Meu filho, Pedro Henrique com a esposa, Camila e o meu neto Pedro Rivaben de Gasperi, juntamente com a minha sobrinha, Ana Carolina, est\u00e3o acompanhando pela internet esta homenagem, que \u00e9 motivo de muito orgulho para nossa fam\u00edlia\u201d, destacou o comerciante.<\/p>\n<p>Em suas considera\u00e7\u00f5es, a vereadora Lu Bogo ressaltou a trajet\u00f3ria da padaria, que inovou e sempre busca fazer o melhor para atender a popula\u00e7\u00e3o de Limeira. \u201cS\u00e3o 33 anos de trabalho cont\u00ednuo. As pessoas que v\u00e3o \u00e0 padaria Nossa Senhora Aparecida s\u00e3o mais que clientes, s\u00e3o amigos. A padaria cresceu, agora \u00e9 Paneteria e tamb\u00e9m serve refei\u00e7\u00e3o. Tudo \u00e9 feito com muito profissionalismo e capricho, que s\u00e3o a marca registrada desta equipe que \u00e9 formada por 30 pessoas que atendem com sorriso, carinho e educa\u00e7\u00e3o a todos que chegam na padaria. Parab\u00e9ns Pedrinho, Denise, Susana, Pedro Henrique por esta trajet\u00f3ria e hist\u00f3ria que \u00e9 exemplo para muitas pessoas que est\u00e3o come\u00e7ando agora no com\u00e9rcio\u201d, justificou a vereadora.<\/p>\n<p>Do Gabinete Parlamentar \u2013 Vereadora Lu Bogo (PL)<\/p>\n<p>As mat\u00e9rias de origem dos Gabinetes Parlamentares s\u00e3o de inteira\u00a0 responsabilidade dos parlamentares e de suas assessorias. S\u00e3o devidamente assinadas e n\u00e3o refletem, necessariamente, a opini\u00e3o institucional da C\u00e2mara Municipal de Limeira.<\/p>\n<hr>\n<p><em>Fonte: <a href=\"https:\/\/www.limeira.sp.leg.br\/noticias\/view\/2026-06-10_lu-bogo-homenageia-padaria-villa-aparecida-pelos-30-anos-de-servicos-prestados\" target=\"_blank\" rel=\"noopener\">C\u00e2mara Municipal de Limeira<\/a><\/em><\/p>\n","protected":false},"excerpt":{"rendered":"<p>Lu Bogo homenageia Padaria Villa Aparecida pelos 30 anos de servi\u00e7os prestados<\/p>\n<p>A vereadora Lu Bogo (PL) fez a leitura e entrega da Mo\u00e7\u00e3o de Reconhecimento N\u00b0 78\/2026 na sess\u00e3o ordin\u00e1ria da C\u00e2mara Municipal desta segunda-feira, 8 de junho, ao comerciante Pedro de Gasperi, pela hist\u00f3ria da Padaria Vi<\/p>\n","protected":false},"author":4,"featured_media":68557,"comment_status":"","ping_status":"open","sticky":false,"template":"","format":"standard","meta":{"_jetpack_newsletter_access":"","_jetpack_dont_email_post_to_subs":false,"_jetpack_newsletter_tier_id":0,"_jetpack_memberships_contains_paywalled_content":false,"_mbp_banners":[],"_jetpack_feature_clip_id":0,"_jetpack_memberships_contains_paid_content":false,"footnotes":"","jetpack_publicize_message":"","jetpack_publicize_feature_enabled":true,"jetpack_social_post_already_shared":true,"jetpack_social_options":{"image_generator_settings":{"template":"highway","default_image_id":0,"font":"","enabled":false},"version":2},"jetpack_post_was_ever_published":false},"categories":[19],"tags":[],"class_list":["post-68558","post","type-post","status-publish","format-standard","has-post-thumbnail","category-politica"],"jetpack_publicize_connections":[],"jetpack-related-posts":[],"jetpack_shortlink":"https:\/\/wp.me\/p7Eq1F-hPM","jetpack_sharing_enabled":true,"jetpack_featured_media_url":"https:\/\/i0.wp.com\/guialimeira.com.br\/news\/wp-content\/uploads\/2026\/06\/noticia-camara-39.jpg?fit=1280%2C640&ssl=1","_links":{"self":[{"href":"https:\/\/guialimeira.com.br\/news\/wp-json\/wp\/v2\/posts\/68558","targetHints":{"allow":["GET"]}}],"collection":[{"href":"https:\/\/guialimeira.com.br\/news\/wp-json\/wp\/v2\/posts"}],"about":[{"href":"https:\/\/guialimeira.com.br\/news\/wp-json\/wp\/v2\/types\/post"}],"author":[{"embeddable":true,"href":"https:\/\/guialimeira.com.br\/news\/wp-json\/wp\/v2\/users\/4"}],"replies":[{"embeddable":true,"href":"https:\/\/guialimeira.com.br\/news\/wp-json\/wp\/v2\/comments?post=68558"}],"version-history":[{"count":0,"href":"https:\/\/guialimeira.com.br\/news\/wp-json\/wp\/v2\/posts\/68558\/revisions"}],"wp:featuredmedia":[{"embeddable":true,"href":"https:\/\/guialimeira.com.br\/news\/wp-json\/wp\/v2\/media\/68557"}],"wp:attachment":[{"href":"https:\/\/guialimeira.com.br\/news\/wp-json\/wp\/v2\/media?parent=68558"}],"wp:term":[{"taxonomy":"category","embeddable":true,"href":"https:\/\/guialimeira.com.br\/news\/wp-json\/wp\/v2\/categories?post=68558"},{"taxonomy":"post_tag","embeddable":true,"href":"https:\/\/guialimeira.com.br\/news\/wp-json\/wp\/v2\/tags?post=68558"}],"curies":[{"name":"wp","href":"https:\/\/api.w.org\/{rel}","templated":true}]}}