{"id":6855,"date":"2024-05-29T07:43:03","date_gmt":"2024-05-29T10:43:03","guid":{"rendered":"https:\/\/guialimeira.com.br\/2024\/05\/29\/fluminense-recebe-alianza-lima-no-maracana-pela-copa-libertadores\/"},"modified":"2024-05-29T07:43:03","modified_gmt":"2024-05-29T10:43:03","slug":"fluminense-recebe-alianza-lima-no-maracana-pela-copa-libertadores","status":"publish","type":"post","link":"https:\/\/guialimeira.com.br\/news\/fluminense-recebe-alianza-lima-no-maracana-pela-copa-libertadores\/","title":{"rendered":"Fluminense recebe Alianza Lima no Maracan\u00e3 pela Copa Libertadores"},"content":{"rendered":"<p> <br \/>\n<\/p>\n<div>\n<p>J\u00e1 classificado para as oitavas de final da Copa Libertadores como l\u00edder do Grupo A, o Fluminense recebe o Alianza Lima (Peru), a partir das 21h30 (hor\u00e1rio de Bras\u00edlia) desta quarta-feira (29) no est\u00e1dio do Maracan\u00e3, para tentar encerrar a primeira fase da competi\u00e7\u00e3o na melhor posi\u00e7\u00e3o poss\u00edvel na classifica\u00e7\u00e3o geral. A <strong>R\u00e1dio Nacional<\/strong> transmite ao vivo.<img data-recalc-dims=\"1\" decoding=\"async\" src=\"https:\/\/i0.wp.com\/agenciabrasil.ebc.com.br\/ebc.png?w=696&#038;ssl=1\" style=\"width:1px; height:1px; display:inline;\"\/><img data-recalc-dims=\"1\" decoding=\"async\" src=\"https:\/\/i0.wp.com\/agenciabrasil.ebc.com.br\/ebc.gif?w=696&#038;ssl=1\" style=\"width:1px; height:1px; display:inline;\"\/><\/p>\n<p>A equipe comandada pelo t\u00e9cnico Fernando Diniz ocupa a primeira op\u00e7\u00e3o de sua chave com 11 pontos conquistados. Cerro Porte\u00f1o (Paraguai) e Colo-Colo (Chile) aparecem na vice-lideran\u00e7a, com apenas cinco pontos, enquanto o time peruano \u00e9 o lanterna com quatro pontos.<\/p>\n<blockquote class=\"twitter-tweet\">\n<p dir=\"ltr\" lang=\"pt\" xml:lang=\"pt\">Dia CONCLU\u00cdDO! Quarta tem <a href=\"https:\/\/twitter.com\/LibertadoresBR?ref_src=twsrc%5Etfw\" rel=\"noopener\">@LibertadoresBR<\/a>!<\/p>\n<p>\ud83d\udcf8: Marcelo Gon\u00e7alves\/FFC <a href=\"https:\/\/t.co\/gQGOVNzRlH\">pic.twitter.com\/gQGOVNzRlH<\/a><\/p>\n<p>\u2014 Fluminense F.C. (@FluminenseFC) <a href=\"https:\/\/twitter.com\/FluminenseFC\/status\/1795131600948138486?ref_src=twsrc%5Etfw\" rel=\"noopener\">May 27, 2024<\/a><\/p><\/blockquote>\n<p>Para a partida a equipe das Laranjeiras conta com retornos importantes. O lateral Samuel Xavier, os zagueiros Manoel e Marlon e os atacantes Marquinhos e Douglas Costa se recuperaram de problemas m\u00e9dicos e podem aparecer na equipe titular.<\/p>\n<p>Considerando estes retornos e as \u00faltimas escala\u00e7\u00f5es do Fluminense, o t\u00e9cnico Fernando Diniz tende a optar pela seguinte escala\u00e7\u00e3o: F\u00e1bio; Guga (Marquinhos), Felipe Melo, Martinelli e Marcelo; Alexsander, Lima e Ganso; Arias, Keno (Marquinhos) e Cano.<\/p>\n<p>A equipe das Laranjeiras chega motivada ao confronto, pois vem de duas vit\u00f3rias consecutivas, de 2 a 0 sobre o Sampaio Corr\u00eaa (pela Copa do Brasil) e de 2 a 1 sobre o Cerro Porte\u00f1o (pela Libertadores).<\/p>\n<p>J\u00e1 o Alianza Lima tem a obriga\u00e7\u00e3o de vencer para continuar lutando pela classifica\u00e7\u00e3o. Por\u00e9m, a equipe peruana chega ap\u00f3s um resultado negativo pelo Campeonato Peruano, um rev\u00e9s de 3 a 0 para o Cusco.<\/p>\n<blockquote class=\"twitter-tweet\">\n<p dir=\"ltr\" lang=\"pt\" xml:lang=\"pt\">\u00a1\ud835\udc36\ud835\udc5c\ud835\udc5a \ud835\udc61\ud835\udc62\ud835\udc51\ud835\udc5c, \ud835\udc52\ud835\udc5e\ud835\udc62\ud835\udc56\ud835\udc5d\ud835\udc52! \ud83d\udc4f\ud83c\udffe\ud83d\udcaa\ud83c\udffe\ud83d\udc99<a href=\"https:\/\/twitter.com\/hashtag\/ComprometidosConElALiento?src=hash&amp;ref_src=twsrc%5Etfw\" rel=\"noopener\">#ComprometidosConElALiento<\/a><a href=\"https:\/\/twitter.com\/hashtag\/ConAlianzaSiempre?src=hash&amp;ref_src=twsrc%5Etfw\" rel=\"noopener\">#ConAlianzaSiempre<\/a> <a href=\"https:\/\/t.co\/tyIrN8mnEF\">pic.twitter.com\/tyIrN8mnEF<\/a><\/p>\n<p>\u2014 Club Alianza Lima (@ClubALoficial) <a href=\"https:\/\/twitter.com\/ClubALoficial\/status\/1795578320824017204?ref_src=twsrc%5Etfw\" rel=\"noopener\">May 28, 2024<\/a><\/p><\/blockquote>\n<h2>Transmiss\u00e3o da R\u00e1dio Nacional<\/h2>\n<p>A <strong>R\u00e1dio Nacional<\/strong> transmite Fluminense e Allianza Lima com a narra\u00e7\u00e3o de Andr\u00e9 Marques, coment\u00e1rios de Waldir Luiz, reportagem de Rodrigo Ricardo e plant\u00e3o de Bruno Mendes. Voc\u00ea acompanha o Show de Bola Nacional aqui:<\/p>\n<p><iframe loading=\"lazy\" allowfullscreen=\"\" frameborder=\"0\" height=\"115\" src=\"https:\/\/aovivo.ebc.com.br\/embed-audio.html?emissora=radio-nacional-do-rio-de-janeiro\" width=\"340\"><\/iframe><\/p>\n<\/p><\/div>\n<p><script async src=\"\/\/platform.twitter.com\/widgets.js\" charset=\"utf-8\"><\/script><br \/>\n<br \/><br \/>\n<br \/><a href=\"https:\/\/agenciabrasil.ebc.com.br\/esportes\/noticia\/2024-05\/fluminense-recebe-alianza-lima-no-maracana-pela-copa-libertadores\" rel=\"noopener\">Ag\u00eancia Brasil<\/a><\/p>\n","protected":false},"excerpt":{"rendered":"<p>J\u00e1 classificado para as oitavas de final da Copa Libertadores como l\u00edder do Grupo A, o Fluminense recebe o Alianza Lima (Peru), a partir das 21h30 (hor\u00e1rio de Bras\u00edlia) desta quarta-feira (29) no est\u00e1dio do Maracan\u00e3, para tentar encerrar a primeira fase da competi\u00e7\u00e3o na melhor posi\u00e7\u00e3o poss\u00edvel na classifica\u00e7\u00e3o geral. A R\u00e1dio Nacional transmite [&hellip;]<\/p>\n","protected":false},"author":1,"featured_media":6856,"comment_status":"open","ping_status":"open","sticky":false,"template":"","format":"standard","meta":{"_jetpack_newsletter_access":"","_jetpack_dont_email_post_to_subs":false,"_jetpack_newsletter_tier_id":0,"_jetpack_memberships_contains_paywalled_content":false,"_mbp_banners":[],"_jetpack_feature_clip_id":0,"_jetpack_memberships_contains_paid_content":false,"footnotes":"","jetpack_publicize_message":"","jetpack_publicize_feature_enabled":true,"jetpack_social_post_already_shared":true,"jetpack_social_options":{"image_generator_settings":{"template":"highway","default_image_id":0,"font":"","enabled":false},"version":2},"jetpack_post_was_ever_published":false},"categories":[23],"tags":[],"class_list":["post-6855","post","type-post","status-publish","format-standard","has-post-thumbnail","category-esportes"],"jetpack_publicize_connections":[],"jetpack-related-posts":[],"jetpack_shortlink":"https:\/\/wp.me\/p7Eq1F-1Mz","jetpack_sharing_enabled":true,"jetpack_featured_media_url":"https:\/\/i0.wp.com\/guialimeira.com.br\/news\/wp-content\/uploads\/2024\/05\/53630683483_246191293d_o.jpg?fit=1600%2C800&ssl=1","_links":{"self":[{"href":"https:\/\/guialimeira.com.br\/news\/wp-json\/wp\/v2\/posts\/6855","targetHints":{"allow":["GET"]}}],"collection":[{"href":"https:\/\/guialimeira.com.br\/news\/wp-json\/wp\/v2\/posts"}],"about":[{"href":"https:\/\/guialimeira.com.br\/news\/wp-json\/wp\/v2\/types\/post"}],"author":[{"embeddable":true,"href":"https:\/\/guialimeira.com.br\/news\/wp-json\/wp\/v2\/users\/1"}],"replies":[{"embeddable":true,"href":"https:\/\/guialimeira.com.br\/news\/wp-json\/wp\/v2\/comments?post=6855"}],"version-history":[{"count":0,"href":"https:\/\/guialimeira.com.br\/news\/wp-json\/wp\/v2\/posts\/6855\/revisions"}],"wp:featuredmedia":[{"embeddable":true,"href":"https:\/\/guialimeira.com.br\/news\/wp-json\/wp\/v2\/media\/6856"}],"wp:attachment":[{"href":"https:\/\/guialimeira.com.br\/news\/wp-json\/wp\/v2\/media?parent=6855"}],"wp:term":[{"taxonomy":"category","embeddable":true,"href":"https:\/\/guialimeira.com.br\/news\/wp-json\/wp\/v2\/categories?post=6855"},{"taxonomy":"post_tag","embeddable":true,"href":"https:\/\/guialimeira.com.br\/news\/wp-json\/wp\/v2\/tags?post=6855"}],"curies":[{"name":"wp","href":"https:\/\/api.w.org\/{rel}","templated":true}]}}