{"id":68548,"date":"2026-06-10T14:51:14","date_gmt":"2026-06-10T17:51:14","guid":{"rendered":"https:\/\/guialimeira.com.br\/documentario-sobre-os-94-anos-da-corporacao-arthur-giambelli-e-lancado-no-youtube\/"},"modified":"2026-06-10T14:51:14","modified_gmt":"2026-06-10T17:51:14","slug":"documentario-sobre-os-94-anos-da-corporacao-arthur-giambelli-e-lancado-no-youtube","status":"publish","type":"post","link":"https:\/\/guialimeira.com.br\/news\/documentario-sobre-os-94-anos-da-corporacao-arthur-giambelli-e-lancado-no-youtube\/","title":{"rendered":"Document\u00e1rio sobre os 94 anos da Corpora\u00e7\u00e3o Arthur Giambelli \u00e9 lan\u00e7ado no YouTube"},"content":{"rendered":"<p> <br \/>\n<\/p>\n<div>\n                <main class=\"\">&#13;<br \/>\n                    &#13;<br \/>\n&#13;<br \/>\n&#13;<br \/>\n&#13;<br \/>\n&#13;<br \/>\n&#13;<br \/>\n    <img data-recalc-dims=\"1\" decoding=\"async\" src=\"https:\/\/i0.wp.com\/ecrie.com.br\/sistema\/conteudos\/imagem\/m_137_0_1_10062026144357.png?w=696&#038;ssl=1\" alt=\"Document\u00e1rio sobre os 94 anos da Corpora\u00e7\u00e3o Arthur Giambelli \u00e9 lan\u00e7ado no YouTube\"\/>&#13;<br \/>\n&#13;<br \/>\n&#13;<\/p>\n<p>A Corpora\u00e7\u00e3o Musical Arthur Giambelli, um dos patrim\u00f4nios culturais mais importantes e longevos do Brasil, celebra seus 94 anos de hist\u00f3ria com o lan\u00e7amento do document\u00e1rio &#8220;Arthur Giambelli \u2014 Alma Sonora de Limeira&#8221;. O filme de 62 minutos tem sua estreia marcada para esta quarta-feira (10), ficando dispon\u00edvel a partir das 20h diretamente no canal oficial da institui\u00e7\u00e3o no YouTube, com acesso totalmente gratuito e classifica\u00e7\u00e3o livre.<\/p>\n<p>&#13;<\/p>\n<p>Dirigido por Fabio Salviatti, o longa-metragem reconstr\u00f3i a trajet\u00f3ria da banda desde a sua funda\u00e7\u00e3o, ininterrupta desde 1932 \u2014 quando nasceu sob o nome de Corpora\u00e7\u00e3o Frente \u00danica \u2014, at\u00e9 os dias atuais. A produ\u00e7\u00e3o traz um recurso tecnol\u00f3gico in\u00e9dito para a mem\u00f3ria do munic\u00edpio: o uso de intelig\u00eancia artificial para recriar a voz do saudoso maestro Valdir Salviatti, figura emblem\u00e1tica que regeu a banda por d\u00e9cadas e que agora assume a narra\u00e7\u00e3o do document\u00e1rio.<\/p>\n<p>&#13;<\/p>\n<p>O filme resgata marcos hist\u00f3ricos de grande relev\u00e2ncia nacional, como o pioneirismo da Arthur Giambelli ao se tornar a primeira agremia\u00e7\u00e3o civil brasileira a gravar um disco de vinil (LP), lan\u00e7ado pela hist\u00f3rica gravadora Odeon. O document\u00e1rio tamb\u00e9m relembra momentos de ouro da corpora\u00e7\u00e3o nas d\u00e9cadas de 1960, com a participa\u00e7\u00e3o em programas de r\u00e1dio e televis\u00e3o, al\u00e9m da consagra\u00e7\u00e3o no Concurso de Bandas do Quarto Centen\u00e1rio de S\u00e3o Paulo.<\/p>\n<p>&#13;<\/p>\n<p>A exibi\u00e7\u00e3o do document\u00e1rio encerra a programa\u00e7\u00e3o especial de anivers\u00e1rio da institui\u00e7\u00e3o e visa eternizar o arquivo hist\u00f3rico da banda para as futuras gera\u00e7\u00f5es de limeirenses.<\/p>\n<p>&#13;<\/p>\n<p><strong>Servi\u00e7o:<\/strong><\/p>\n<p>&#13;<\/p>\n<p><strong>Evento:<\/strong> Lan\u00e7amento do document\u00e1rio &#8220;Arthur Giambelli \u2014 Alma Sonora de Limeira&#8221;<\/p>\n<p>&#13;<\/p>\n<p><strong>Data:<\/strong> 10 de junho de 2026 (nesta quarta-feira)<\/p>\n<p>&#13;<\/p>\n<p><strong>Hor\u00e1rio:<\/strong> Dispon\u00edvel a partir das 20h<\/p>\n<p>&#13;<\/p>\n<p><strong>Onde assistir:<\/strong> Canal oficial da Corpora\u00e7\u00e3o Musical Arthur Giambelli no YouTube <a href=\"https:\/\/www.youtube.com\/@arthurgiambelli\" target=\"_blank\" rel=\"noopener\">(clique aqui para acessar)<\/a><\/p>\n<p>&#13;<\/p>\n<p><strong>Dura\u00e7\u00e3o:<\/strong> 62 minutos<\/p>\n<p>&#13;<\/p>\n<p><strong>Classifica\u00e7\u00e3o:<\/strong> Livre<\/p>\n<p>&#13;<\/p>\n<p><strong>Entrada:<\/strong> Gratuita<\/p>\n<p>&#13;<br \/>\n&#13;<br \/>\n&#13;<br \/>\n&#13;<\/p>\n<article class=\"conteudo-relacionado no-print\">&#13;<br \/>\n        &#13;<br \/>\n&#13;<br \/>\n        &#13;<br \/>\n    <\/article>\n<p>&#13;<br \/>\n&#13;<br \/>\n                <\/main><\/p><\/div>\n<p><br \/>\n<br \/><a href=\"https:\/\/limeira.sp.gov.br\/documentario-sobre-os-94-anos-da-corporacao-arthur-giambelli-e-lancado-no-youtube\" rel=\"noopener\">Informa\u00e7\u00f5es da PML <\/a><\/p>\n","protected":false},"excerpt":{"rendered":"<p>&#13; &#13; &#13; &#13; &#13; &#13; &#13; &#13; &#13; &#13; A Corpora\u00e7\u00e3o Musical Arthur Giambelli, um dos patrim\u00f4nios culturais mais importantes e longevos do Brasil, celebra seus 94 anos de hist\u00f3ria com o lan\u00e7amento do document\u00e1rio &#8220;Arthur Giambelli \u2014 Alma Sonora de Limeira&#8221;. O filme de 62 minutos tem sua estreia marcada para esta quarta-feira [&hellip;]<\/p>\n","protected":false},"author":1,"featured_media":68549,"comment_status":"","ping_status":"open","sticky":false,"template":"","format":"standard","meta":{"_jetpack_newsletter_access":"","_jetpack_dont_email_post_to_subs":false,"_jetpack_newsletter_tier_id":0,"_jetpack_memberships_contains_paywalled_content":false,"_mbp_banners":[],"_jetpack_feature_clip_id":0,"_jetpack_memberships_contains_paid_content":false,"footnotes":"","jetpack_publicize_message":"","jetpack_publicize_feature_enabled":true,"jetpack_social_post_already_shared":true,"jetpack_social_options":{"image_generator_settings":{"template":"highway","default_image_id":0,"font":"","enabled":false},"version":2},"jetpack_post_was_ever_published":false},"categories":[16],"tags":[],"class_list":["post-68548","post","type-post","status-publish","format-standard","has-post-thumbnail","category-local"],"jetpack_publicize_connections":[],"jetpack-related-posts":[],"jetpack_shortlink":"https:\/\/wp.me\/p7Eq1F-hPC","jetpack_sharing_enabled":true,"jetpack_featured_media_url":"https:\/\/i0.wp.com\/guialimeira.com.br\/news\/wp-content\/uploads\/2026\/06\/m_137_0_1_10062026144357.png?fit=1024%2C572&ssl=1","_links":{"self":[{"href":"https:\/\/guialimeira.com.br\/news\/wp-json\/wp\/v2\/posts\/68548","targetHints":{"allow":["GET"]}}],"collection":[{"href":"https:\/\/guialimeira.com.br\/news\/wp-json\/wp\/v2\/posts"}],"about":[{"href":"https:\/\/guialimeira.com.br\/news\/wp-json\/wp\/v2\/types\/post"}],"author":[{"embeddable":true,"href":"https:\/\/guialimeira.com.br\/news\/wp-json\/wp\/v2\/users\/1"}],"replies":[{"embeddable":true,"href":"https:\/\/guialimeira.com.br\/news\/wp-json\/wp\/v2\/comments?post=68548"}],"version-history":[{"count":0,"href":"https:\/\/guialimeira.com.br\/news\/wp-json\/wp\/v2\/posts\/68548\/revisions"}],"wp:featuredmedia":[{"embeddable":true,"href":"https:\/\/guialimeira.com.br\/news\/wp-json\/wp\/v2\/media\/68549"}],"wp:attachment":[{"href":"https:\/\/guialimeira.com.br\/news\/wp-json\/wp\/v2\/media?parent=68548"}],"wp:term":[{"taxonomy":"category","embeddable":true,"href":"https:\/\/guialimeira.com.br\/news\/wp-json\/wp\/v2\/categories?post=68548"},{"taxonomy":"post_tag","embeddable":true,"href":"https:\/\/guialimeira.com.br\/news\/wp-json\/wp\/v2\/tags?post=68548"}],"curies":[{"name":"wp","href":"https:\/\/api.w.org\/{rel}","templated":true}]}}