{"id":68544,"date":"2026-06-10T14:35:49","date_gmt":"2026-06-10T17:35:49","guid":{"rendered":"https:\/\/guialimeira.com.br\/alunos-de-e-e-alberto-fierz-de-cosmopolis-participam-de-visita-guiada-a-camara-municipal\/"},"modified":"2026-06-10T14:35:49","modified_gmt":"2026-06-10T17:35:49","slug":"alunos-de-e-e-alberto-fierz-de-cosmopolis-participam-de-visita-guiada-a-camara-municipal","status":"publish","type":"post","link":"https:\/\/guialimeira.com.br\/news\/alunos-de-e-e-alberto-fierz-de-cosmopolis-participam-de-visita-guiada-a-camara-municipal\/","title":{"rendered":"Alunos de E.E Alberto Fierz de Cosm\u00f3polis participam de visita guiada \u00e0 C\u00e2mara Municipal"},"content":{"rendered":"<p>Alunos de E.E Alberto Fierz de Cosm\u00f3polis participam de visita guiada \u00e0 C\u00e2mara Municipal<\/p>\n<p>Cerca de 70 alunos da Escola Estadual Alberto Fierz, de Cosm\u00f3polis (SP), participaram nesta quarta-feira, 10 de junho, de uma visita guiada \u00e0 C\u00e2mara Municipal de Limeira, por meio da Escola Legislativa Paulo Freire. A atividade integra o projeto C\u00e2mara Escola que tem como objetivo apresentar aos estudantes o funcionamento do Poder Legislativo, as fun\u00e7\u00f5es dos vereadores e os mecanismos de participa\u00e7\u00e3o cidad\u00e3.<\/p>\n<p>Durante a visita, os estudantes foram acompanhados pelo professor e respons\u00e1vel pela iniciativa de traz\u00ea-los a cidade de Limeira, Richard Tetzner, pelos professores F\u00e1bio Aparecido Barbosa, Amanda de Souza Abranches e Rafaela Rodrigues, pela coordenadora Denise Denadai e pela cuidadora do aluno com defici\u00eancia visual, Luana Tamarindo.<\/p>\n<p>O agente legislativo Alexandre Tadeu Stocco Golanda recepcionou a turma e ministrou uma palestra sobre os principais temas da Casa, abordando sua hist\u00f3ria, funcionamento, sess\u00f5es ordin\u00e1rias, comiss\u00f5es e o papel do vereador. Os estudantes tamb\u00e9m participaram de um debate sobre representatividade pol\u00edtica e os requisitos para ocupar um cargo eletivo, al\u00e9m de conhecerem informa\u00e7\u00f5es sobre o programa Parlamento Jovem e a atua\u00e7\u00e3o dos vereadores juniores.<\/p>\n<p>Experi\u00eancias e aprendizagens<\/p>\n<p>Ainda como parte da programa\u00e7\u00e3o da visita, eles participaram de uma simula\u00e7\u00e3o de sess\u00e3o ordin\u00e1ria no Plen\u00e1rio, realizada em sistema de rod\u00edzio para que todos pudessem vivenciar a experi\u00eancia. Para o aluno Wesley Gustavo Silva da Concei\u00e7\u00e3o, a atividade proporcionou novos aprendizados. \u201cEu fa\u00e7o o curso t\u00e9cnico de administra\u00e7\u00e3o e achei a visita muito interessante porque deu para aprender bastante coisa que eu pensava que era muito dif\u00edcil e complicado de entender e, na verdade, n\u00e3o; \u00e9 ao contr\u00e1rio, f\u00e1cil de entender\u201d, destacou.<\/p>\n<p>Os alunos tiveram a oportunidade de conhecer o vereador Carlinhos do Grotta (PL) e o presidente da C\u00e2mara, Everton Ferreira (PSD) que destacou a import\u00e2ncia da educa\u00e7\u00e3o na forma\u00e7\u00e3o dos jovens. \u201cO maior movimento de rebeldia que voc\u00eas podem ter \u00e9 se dedicar ao conhecimento; essa \u00e9 a principal forma que voc\u00eas t\u00eam de superar qualquer barreira ou limite\u201d, afirmou. Al\u00e9m de conversar com a vereadora Lu Bogo (PL) que refor\u00e7ou a relev\u00e2ncia da pol\u00edtica municipal para a vida da popula\u00e7\u00e3o e a presen\u00e7a de seis mulheres na atual composi\u00e7\u00e3o da Casa de Leis.<\/p>\n<p>Motiva\u00e7\u00e3o da visita<\/p>\n<p>Segundo o professor Richard Tetzner, a visita teve como objetivo ampliar o conhecimento dos estudantes sobre a administra\u00e7\u00e3o p\u00fablica e a pol\u00edtica municipal. \u201cPrimeiramente porque eles s\u00e3o da turma de ensino t\u00e9cnico em Administra\u00e7\u00e3o, ent\u00e3o o principal objetivo era conhecerem as instala\u00e7\u00f5es da C\u00e2mara, o funcionamento da administra\u00e7\u00e3o e, al\u00e9m disso, traz\u00ea-los para conhecer toda a quest\u00e3o pol\u00edtica. Muitos, por falta de interesse ou de informa\u00e7\u00f5es, n\u00e3o sabem como funciona, principalmente, a pol\u00edtica municipal\u201d, relatou.<\/p>\n<p>O professor tamb\u00e9m explicou que a C\u00e2mara Municipal de Cosm\u00f3polis est\u00e1 em reforma e n\u00e3o consegue receber visitas de estudantes neste per\u00edodo. Por isso, a escola entrou em contato com a Escola Legislativa da C\u00e2mara de Limeira, por interm\u00e9dio da vereadora Isabelly Carvalho (PT), que auxiliou na comunica\u00e7\u00e3o entre as institui\u00e7\u00f5es.<\/p>\n<p>C\u00e2mara Escola<\/p>\n<p>O projeto C\u00e2mara-Escola tem como objetivo promover cidadania e conhecimento a respeito das demandas do Munic\u00edpio a crian\u00e7as, adolescentes e jovens. De autoria da Mesa Diretora, a Resolu\u00e7\u00e3o N\u00b0 843\/2023 prop\u00f5e o despertar do interesse pela pol\u00edtica no \u00e2mbito municipal.<\/p>\n<hr>\n<p><em>Fonte: <a href=\"https:\/\/www.limeira.sp.leg.br\/noticias\/view\/2026-06-10_alunos-de-ee-alberto-fierz-de-cosmopolis-participam-de-visita-guiada-a-camara-municipal\" target=\"_blank\" rel=\"noopener\">C\u00e2mara Municipal de Limeira<\/a><\/em><\/p>\n","protected":false},"excerpt":{"rendered":"<p>Alunos de E.E Alberto Fierz de Cosm\u00f3polis participam de visita guiada \u00e0 C\u00e2mara Municipal<\/p>\n<p>Cerca de 70 alunos da Escola Estadual Alberto Fierz, de Cosm\u00f3polis (SP), participaram nesta quarta-feira, 10 de junho, de uma visita guiada \u00e0 C\u00e2mara Municipal de Limeira, por meio da Escola Legislativa Paulo Fr<\/p>\n","protected":false},"author":4,"featured_media":68543,"comment_status":"","ping_status":"open","sticky":false,"template":"","format":"standard","meta":{"_jetpack_newsletter_access":"","_jetpack_dont_email_post_to_subs":false,"_jetpack_newsletter_tier_id":0,"_jetpack_memberships_contains_paywalled_content":false,"_mbp_banners":[],"_jetpack_feature_clip_id":0,"_jetpack_memberships_contains_paid_content":false,"footnotes":"","jetpack_publicize_message":"","jetpack_publicize_feature_enabled":true,"jetpack_social_post_already_shared":true,"jetpack_social_options":{"image_generator_settings":{"template":"highway","default_image_id":0,"font":"","enabled":false},"version":2},"jetpack_post_was_ever_published":false},"categories":[19],"tags":[],"class_list":["post-68544","post","type-post","status-publish","format-standard","has-post-thumbnail","category-politica"],"jetpack_publicize_connections":[],"jetpack-related-posts":[],"jetpack_shortlink":"https:\/\/wp.me\/p7Eq1F-hPy","jetpack_sharing_enabled":true,"jetpack_featured_media_url":"https:\/\/i0.wp.com\/guialimeira.com.br\/news\/wp-content\/uploads\/2026\/06\/noticia-camara-37.jpg?fit=1280%2C640&ssl=1","_links":{"self":[{"href":"https:\/\/guialimeira.com.br\/news\/wp-json\/wp\/v2\/posts\/68544","targetHints":{"allow":["GET"]}}],"collection":[{"href":"https:\/\/guialimeira.com.br\/news\/wp-json\/wp\/v2\/posts"}],"about":[{"href":"https:\/\/guialimeira.com.br\/news\/wp-json\/wp\/v2\/types\/post"}],"author":[{"embeddable":true,"href":"https:\/\/guialimeira.com.br\/news\/wp-json\/wp\/v2\/users\/4"}],"replies":[{"embeddable":true,"href":"https:\/\/guialimeira.com.br\/news\/wp-json\/wp\/v2\/comments?post=68544"}],"version-history":[{"count":0,"href":"https:\/\/guialimeira.com.br\/news\/wp-json\/wp\/v2\/posts\/68544\/revisions"}],"wp:featuredmedia":[{"embeddable":true,"href":"https:\/\/guialimeira.com.br\/news\/wp-json\/wp\/v2\/media\/68543"}],"wp:attachment":[{"href":"https:\/\/guialimeira.com.br\/news\/wp-json\/wp\/v2\/media?parent=68544"}],"wp:term":[{"taxonomy":"category","embeddable":true,"href":"https:\/\/guialimeira.com.br\/news\/wp-json\/wp\/v2\/categories?post=68544"},{"taxonomy":"post_tag","embeddable":true,"href":"https:\/\/guialimeira.com.br\/news\/wp-json\/wp\/v2\/tags?post=68544"}],"curies":[{"name":"wp","href":"https:\/\/api.w.org\/{rel}","templated":true}]}}