{"id":68537,"date":"2026-06-10T14:23:12","date_gmt":"2026-06-10T17:23:12","guid":{"rendered":"https:\/\/guialimeira.com.br\/policia-de-sp-descobre-esquema-de-trafico-de-metanfetamina-apos-investigar-homicidio-de-empresario-chines\/"},"modified":"2026-06-10T14:23:12","modified_gmt":"2026-06-10T17:23:12","slug":"policia-de-sp-descobre-esquema-de-trafico-de-metanfetamina-apos-investigar-homicidio-de-empresario-chines","status":"publish","type":"post","link":"https:\/\/guialimeira.com.br\/news\/policia-de-sp-descobre-esquema-de-trafico-de-metanfetamina-apos-investigar-homicidio-de-empresario-chines\/","title":{"rendered":"Pol\u00edcia de SP descobre esquema de tr\u00e1fico de metanfetamina ap\u00f3s investigar homic\u00eddio de empres\u00e1rio chin\u00eas"},"content":{"rendered":"<p> <br \/>\n<br \/><img data-recalc-dims=\"1\" decoding=\"async\" src=\"https:\/\/i0.wp.com\/www.agenciasp.sp.gov.br\/wp-content\/uploads\/2026\/02\/WhatsApp-Image-2026-02-11-at-07.22.43-3.jpeg?w=696&#038;ssl=1\" \/><\/p>\n<div>\n<p class=\"wp-block-paragraph\">As investiga\u00e7\u00f5es sobre o assassinato de um empres\u00e1rio chin\u00eas, ocorrido em novembro do ano passado, levaram a Pol\u00edcia Civil a desarticular um esquema de tr\u00e1fico de metanfetamina em S\u00e3o Paulo. O aprofundamento das apura\u00e7\u00f5es resultou na pris\u00e3o de cinco pessoas ligadas ao homic\u00eddio e de outras cinco envolvidas na comercializa\u00e7\u00e3o da droga.<\/p>\n<p class=\"wp-block-paragraph\">As primeiras deten\u00e7\u00f5es relacionadas ao assassinato ocorreram no in\u00edcio deste ano, quando tr\u00eas suspeitos foram presos. A an\u00e1lise do material apreendido e das provas reunidas nessa fase permitiu aos investigadores avan\u00e7ar nas dilig\u00eancias e identificar outros dois envolvidos no crime.<\/p>\n<p class=\"wp-block-paragraph\"><strong>LEIA TAMB\u00c9M: <a href=\"https:\/\/www.agenciasp.sp.gov.br\/policia-de-sp-desarticula-quadrilha-especializada-em-roubo-de-maquinas-facetadoras\/\" rel=\"noopener\">Pol\u00edcia de SP desarticula quadrilha especializada em roubo de m\u00e1quinas facetadoras<\/a><\/strong><\/p>\n<p class=\"wp-block-paragraph\">Durante o trabalho investigativo, os policiais descobriram que um dos suspeitos de participa\u00e7\u00e3o no homic\u00eddio tamb\u00e9m atuava no tr\u00e1fico de drogas. A partir dessa informa\u00e7\u00e3o, foi identificada uma organiza\u00e7\u00e3o criminosa voltada \u00e0 comercializa\u00e7\u00e3o de metanfetamina, subst\u00e2ncia de dif\u00edcil produ\u00e7\u00e3o, alto valor de mercado e consumo mais restrito, principalmente entre estrangeiros residentes no Brasil.<\/p>\n<p class=\"wp-block-paragraph\">Segundo o delegado Bruno Cogna, da 2\u00aa Delegacia de Homic\u00eddios do Departamento Estadual de Homic\u00eddios e de Prote\u00e7\u00e3o \u00e0 Pessoa (DHPP), a investiga\u00e7\u00e3o do assassinato revelou uma estrutura criminosa mais ampla do que inicialmente se imaginava.<\/p>\n<p class=\"wp-block-paragraph\">\u201c\u00c0 medida que as apura\u00e7\u00f5es avan\u00e7aram, os policiais conseguiram n\u00e3o apenas esclarecer a morte do empres\u00e1rio, mas tamb\u00e9m identificar outros crimes relacionados ao caso e compreender as circunst\u00e2ncias que levaram ao assassinato\u201d, disse o delegado em refer\u00eancia ao esquema de tr\u00e1fico de metanfetamina.<\/p>\n<p class=\"wp-block-paragraph\">De acordo com a Pol\u00edcia Civil, entre os integrantes do grupo havia dois estrangeiros na organiza\u00e7\u00e3o: um deles seria respons\u00e1vel pela lideran\u00e7a do esquema de distribui\u00e7\u00e3o da droga, enquanto o outro \u00e9 apontado como um dos membros mais violentos da estrutura criminosa.<\/p>\n<p class=\"wp-block-paragraph\">Na ter\u00e7a-feira (9), em mais uma fase da opera\u00e7\u00e3o, os policiais cumpriram mandados na regi\u00e3o central da capital e prenderam duas mulheres estrangeiras. No im\u00f3vel foram encontradas por\u00e7\u00f5es de metanfetamina, materiais utilizados na prepara\u00e7\u00e3o da droga e dinheiro em esp\u00e9cie. As suspeitas foram autuadas por tr\u00e1fico de drogas e associa\u00e7\u00e3o para o tr\u00e1fico.<\/p>\n<p class=\"wp-block-paragraph\"><strong>LEIA TAMB\u00c9M: <a href=\"https:\/\/www.agenciasp.sp.gov.br\/operacao-da-policia-de-sp-mira-receptadores-de-celulares-roubados-da-quadrilha-do-quebra-vidro\/\" rel=\"noopener\">Opera\u00e7\u00e3o da Pol\u00edcia de SP mira receptadores de celulares roubados da quadrilha do quebra-vidro<\/a><\/strong><\/p>\n<h3 class=\"wp-block-heading\">Combate \u00e0 metanfetamina<\/h3>\n<p class=\"wp-block-paragraph\">As pris\u00f5es desta semana se somam a outras a\u00e7\u00f5es recentes das for\u00e7as de seguran\u00e7a contra a produ\u00e7\u00e3o e distribui\u00e7\u00e3o de metanfetamina no estado.<\/p>\n<p class=\"wp-block-paragraph\">Em janeiro do ano passado, o Departamento Estadual de Preven\u00e7\u00e3o e Repress\u00e3o ao Narcotr\u00e1fico (Denarc) prendeu um homem apontado como o maior fabricante da droga em S\u00e3o Paulo e um dos pioneiros da produ\u00e7\u00e3o de metanfetamina no Brasil.<\/p>\n<p class=\"wp-block-paragraph\">Na ocasi\u00e3o, policiais da 4\u00aa Delegacia da Divis\u00e3o de Investiga\u00e7\u00f5es sobre Entorpecentes (Dise) cumpriram mandados de pris\u00e3o tempor\u00e1ria contra um mexicano e um brasileiro, ambos detidos na regi\u00e3o central da capital. Al\u00e9m dos mandados, os dois foram autuados em flagrante por tr\u00e1fico de drogas. Com eles foram encontradas por\u00e7\u00f5es de metanfetamina.<\/p>\n<p class=\"wp-block-paragraph\">A a\u00e7\u00e3o integrou a terceira fase da Opera\u00e7\u00e3o Heisenberg, voltada ao combate de grupos envolvidos na produ\u00e7\u00e3o e distribui\u00e7\u00e3o da droga sint\u00e9tica, popularmente conhecida como \u201ccristal\u201d. O nome da opera\u00e7\u00e3o faz refer\u00eancia ao personagem de uma s\u00e9rie de televis\u00e3o que constr\u00f3i um imp\u00e9rio de produ\u00e7\u00e3o e tr\u00e1fico de metanfetamina.<\/p>\n<p class=\"wp-block-paragraph\">Tr\u00eas meses depois, um homem de 44 anos suspeito de atuar com traficantes internacionais na produ\u00e7\u00e3o da droga foi preso na regi\u00e3o da Bela Vista, no centro da capital. A captura ocorreu com aux\u00edlio do sistema de monitoramento Muralha Paulista, que identificou a passagem do foragido e permitiu sua localiza\u00e7\u00e3o.<\/p>\n<\/p><\/div>\n<p><br \/>\n<br \/><a href=\"https:\/\/www.agenciasp.sp.gov.br\/policia-de-sp-descobre-esquema-de-trafico-de-metanfetamina-apos-investigar-homicidio-de-empresario-chines\/\" rel=\"noopener\">Informa\u00e7\u00f5es GOV.SP<\/a><\/p>\n","protected":false},"excerpt":{"rendered":"<p>As investiga\u00e7\u00f5es sobre o assassinato de um empres\u00e1rio chin\u00eas, ocorrido em novembro do ano passado, levaram a Pol\u00edcia Civil a desarticular um esquema de tr\u00e1fico de metanfetamina em S\u00e3o Paulo. O aprofundamento das apura\u00e7\u00f5es resultou na pris\u00e3o de cinco pessoas ligadas ao homic\u00eddio e de outras cinco envolvidas na comercializa\u00e7\u00e3o da droga. As primeiras deten\u00e7\u00f5es [&hellip;]<\/p>\n","protected":false},"author":1,"featured_media":68538,"comment_status":"","ping_status":"open","sticky":false,"template":"","format":"standard","meta":{"_jetpack_newsletter_access":"","_jetpack_dont_email_post_to_subs":false,"_jetpack_newsletter_tier_id":0,"_jetpack_memberships_contains_paywalled_content":false,"_mbp_banners":[],"_jetpack_feature_clip_id":0,"_jetpack_memberships_contains_paid_content":false,"footnotes":"","jetpack_publicize_message":"","jetpack_publicize_feature_enabled":true,"jetpack_social_post_already_shared":true,"jetpack_social_options":{"image_generator_settings":{"template":"highway","default_image_id":0,"font":"","enabled":false},"version":2},"jetpack_post_was_ever_published":false},"categories":[21],"tags":[],"class_list":["post-68537","post","type-post","status-publish","format-standard","has-post-thumbnail","category-sp-news"],"jetpack_publicize_connections":[],"jetpack-related-posts":[],"jetpack_shortlink":"https:\/\/wp.me\/p7Eq1F-hPr","jetpack_sharing_enabled":true,"jetpack_featured_media_url":"https:\/\/i0.wp.com\/guialimeira.com.br\/news\/wp-content\/uploads\/2026\/06\/Policia-de-SP-descobre-esquema-de-trafico-de-metanfetamina-apos.jpeg?fit=1280%2C854&ssl=1","_links":{"self":[{"href":"https:\/\/guialimeira.com.br\/news\/wp-json\/wp\/v2\/posts\/68537","targetHints":{"allow":["GET"]}}],"collection":[{"href":"https:\/\/guialimeira.com.br\/news\/wp-json\/wp\/v2\/posts"}],"about":[{"href":"https:\/\/guialimeira.com.br\/news\/wp-json\/wp\/v2\/types\/post"}],"author":[{"embeddable":true,"href":"https:\/\/guialimeira.com.br\/news\/wp-json\/wp\/v2\/users\/1"}],"replies":[{"embeddable":true,"href":"https:\/\/guialimeira.com.br\/news\/wp-json\/wp\/v2\/comments?post=68537"}],"version-history":[{"count":0,"href":"https:\/\/guialimeira.com.br\/news\/wp-json\/wp\/v2\/posts\/68537\/revisions"}],"wp:featuredmedia":[{"embeddable":true,"href":"https:\/\/guialimeira.com.br\/news\/wp-json\/wp\/v2\/media\/68538"}],"wp:attachment":[{"href":"https:\/\/guialimeira.com.br\/news\/wp-json\/wp\/v2\/media?parent=68537"}],"wp:term":[{"taxonomy":"category","embeddable":true,"href":"https:\/\/guialimeira.com.br\/news\/wp-json\/wp\/v2\/categories?post=68537"},{"taxonomy":"post_tag","embeddable":true,"href":"https:\/\/guialimeira.com.br\/news\/wp-json\/wp\/v2\/tags?post=68537"}],"curies":[{"name":"wp","href":"https:\/\/api.w.org\/{rel}","templated":true}]}}