{"id":68531,"date":"2026-06-10T13:22:29","date_gmt":"2026-06-10T16:22:29","guid":{"rendered":"https:\/\/guialimeira.com.br\/americana-recebe-o-onibus-sp-por-todas-com-servicos-gratuitos-para-mulheres\/"},"modified":"2026-06-10T13:22:29","modified_gmt":"2026-06-10T16:22:29","slug":"americana-recebe-o-onibus-sp-por-todas-com-servicos-gratuitos-para-mulheres","status":"publish","type":"post","link":"https:\/\/guialimeira.com.br\/news\/americana-recebe-o-onibus-sp-por-todas-com-servicos-gratuitos-para-mulheres\/","title":{"rendered":"Americana recebe o \u00d4nibus SP Por Todas com servi\u00e7os gratuitos para mulheres"},"content":{"rendered":"<p> <br \/>\n<br \/><img data-recalc-dims=\"1\" decoding=\"async\" src=\"https:\/\/i0.wp.com\/www.agenciasp.sp.gov.br\/wp-content\/uploads\/2026\/02\/55015387517_f50f14c755_k.jpg?w=696&#038;ssl=1\" \/><\/p>\n<div>\n<p class=\"wp-block-paragraph\">O Governo do Estado de S\u00e3o Paulo leva \u00d4nibus SP Por Todas ao munic\u00edpio de Americana nos dias 10 e 11 de junho. A unidade m\u00f3vel itinerante tem como objetivo levar atendimento psicol\u00f3gico e social de forma gratuita e descentralizada para as mulheres das diferentes regi\u00f5es do estado.<\/p>\n<p class=\"wp-block-paragraph\">O atendimento no \u00d4nibus SP Por Todas \u00e9 gratuito e humanizado, com foco na escuta qualificada, na orienta\u00e7\u00e3o e no encaminhamento seguro das mulheres atendidas. A unidade conta com salas reservadas para atendimentos individualizados, banheiro acess\u00edvel e toldo externo com \u00e1rea de espera, garantindo mais conforto, privacidade e seguran\u00e7a.<\/p>\n<p class=\"wp-block-paragraph\">No interior do equipamento, as mulheres t\u00eam \u00e0 disposi\u00e7\u00e3o uma equipe multidisciplinar especializada, composta por psic\u00f3logos e assistentes sociais. Os servi\u00e7os integrados englobam as \u00e1reas psicossocial, jur\u00eddica e assistencial.<\/p>\n<p class=\"wp-block-paragraph\">LEIA TAMB\u00c9M: <a href=\"https:\/\/www.agenciasp.sp.gov.br\/carretas-de-mamografia-retomam-atendimento-apos-o-feriado-veja-os-municipios-contemplados\/\" rel=\"noopener\">Carretas de Mamografia retomam atendimento ap\u00f3s o feriado; veja os munic\u00edpios contemplados<\/a><\/p>\n<p class=\"wp-block-paragraph\">Durante os atendimentos \u2013 que podem ser individuais ou em grupo \u2013, as mulheres recebem orienta\u00e7\u00f5es sobre os seus direitos e sobre os canais oficiais de den\u00fancia, como o Ligue 190 e o aplicativo SP Mulher Segura. Quando necess\u00e1rio, as equipes realizam o encaminhamento para a rede de prote\u00e7\u00e3o parceira, que inclui as Delegacias de Defesa da Mulher (DDMs) e a Defensoria P\u00fablica.<\/p>\n<p class=\"wp-block-paragraph\">\u201cA chegada do \u00d4nibus SP Por Todas a Americana refor\u00e7a o nosso compromisso de levar acolhimento, informa\u00e7\u00e3o e servi\u00e7os essenciais para perto das mulheres paulistas. Queremos encurtar dist\u00e2ncias e garantir que cada mulher saiba que n\u00e3o est\u00e1 sozinha. O Governo do Estado est\u00e1 ao seu lado para oferecer escuta qualificada, proteger seus direitos e garantir sua seguran\u00e7a e bem-estar\u201d, destaca a secret\u00e1ria de Pol\u00edticas para a Mulher, Adriana Liporoni.<\/p>\n<h3 class=\"wp-block-heading\">Servi\u00e7o<\/h3>\n<p class=\"wp-block-paragraph\"><strong>\u00d4nibus SP por Todas em Americana<\/strong><\/p>\n<p class=\"wp-block-paragraph\">Data: 10 a 11 de junho<br \/>Hor\u00e1rio: 8h \u00e0s 17h<br \/>Endere\u00e7o: Pra\u00e7a Comendador Muller \u2013 Centro<\/p>\n<h3 class=\"wp-block-heading\">SP Por Todas<\/h3>\n<p class=\"wp-block-paragraph\">S\u00e3o Paulo Por Todas \u00e9 um movimento promovido pelo Governo do Estado de S\u00e3o Paulo para ampliar a visibilidade das pol\u00edticas p\u00fablicas do estado para mulheres, bem como a rede de prote\u00e7\u00e3o, acolhimento e autonomia profissional e financeira exclusivamente dispon\u00edveis para elas.<\/p>\n<\/p><\/div>\n<p><br \/>\n<br \/><a href=\"https:\/\/www.agenciasp.sp.gov.br\/americana-recebe-o-onibus-sp-por-todas-com-servicos-gratuitos-para-mulheres\/\" rel=\"noopener\">Informa\u00e7\u00f5es GOV.SP<\/a><\/p>\n","protected":false},"excerpt":{"rendered":"<p>O Governo do Estado de S\u00e3o Paulo leva \u00d4nibus SP Por Todas ao munic\u00edpio de Americana nos dias 10 e 11 de junho. A unidade m\u00f3vel itinerante tem como objetivo levar atendimento psicol\u00f3gico e social de forma gratuita e descentralizada para as mulheres das diferentes regi\u00f5es do estado. O atendimento no \u00d4nibus SP Por Todas [&hellip;]<\/p>\n","protected":false},"author":1,"featured_media":55265,"comment_status":"","ping_status":"open","sticky":false,"template":"","format":"standard","meta":{"_jetpack_newsletter_access":"","_jetpack_dont_email_post_to_subs":false,"_jetpack_newsletter_tier_id":0,"_jetpack_memberships_contains_paywalled_content":false,"_mbp_banners":[],"_jetpack_feature_clip_id":0,"_jetpack_memberships_contains_paid_content":false,"footnotes":"","jetpack_publicize_message":"","jetpack_publicize_feature_enabled":true,"jetpack_social_post_already_shared":true,"jetpack_social_options":{"image_generator_settings":{"template":"highway","default_image_id":0,"font":"","enabled":false},"version":2},"jetpack_post_was_ever_published":false},"categories":[21],"tags":[],"class_list":["post-68531","post","type-post","status-publish","format-standard","has-post-thumbnail","category-sp-news"],"jetpack_publicize_connections":[],"jetpack-related-posts":[],"jetpack_shortlink":"https:\/\/wp.me\/p7Eq1F-hPl","jetpack_sharing_enabled":true,"jetpack_featured_media_url":"https:\/\/i0.wp.com\/guialimeira.com.br\/news\/wp-content\/uploads\/2026\/02\/SP-Por-Todas-Governo-de-Sao-Paulo-leva-protecao-as.jpg?fit=2048%2C1365&ssl=1","_links":{"self":[{"href":"https:\/\/guialimeira.com.br\/news\/wp-json\/wp\/v2\/posts\/68531","targetHints":{"allow":["GET"]}}],"collection":[{"href":"https:\/\/guialimeira.com.br\/news\/wp-json\/wp\/v2\/posts"}],"about":[{"href":"https:\/\/guialimeira.com.br\/news\/wp-json\/wp\/v2\/types\/post"}],"author":[{"embeddable":true,"href":"https:\/\/guialimeira.com.br\/news\/wp-json\/wp\/v2\/users\/1"}],"replies":[{"embeddable":true,"href":"https:\/\/guialimeira.com.br\/news\/wp-json\/wp\/v2\/comments?post=68531"}],"version-history":[{"count":0,"href":"https:\/\/guialimeira.com.br\/news\/wp-json\/wp\/v2\/posts\/68531\/revisions"}],"wp:featuredmedia":[{"embeddable":true,"href":"https:\/\/guialimeira.com.br\/news\/wp-json\/wp\/v2\/media\/55265"}],"wp:attachment":[{"href":"https:\/\/guialimeira.com.br\/news\/wp-json\/wp\/v2\/media?parent=68531"}],"wp:term":[{"taxonomy":"category","embeddable":true,"href":"https:\/\/guialimeira.com.br\/news\/wp-json\/wp\/v2\/categories?post=68531"},{"taxonomy":"post_tag","embeddable":true,"href":"https:\/\/guialimeira.com.br\/news\/wp-json\/wp\/v2\/tags?post=68531"}],"curies":[{"name":"wp","href":"https:\/\/api.w.org\/{rel}","templated":true}]}}