{"id":68529,"date":"2026-06-10T13:16:35","date_gmt":"2026-06-10T16:16:35","guid":{"rendered":"https:\/\/guialimeira.com.br\/faal-celebra-25-anos-de-historia-e-anuncia-novidades\/"},"modified":"2026-06-10T13:16:35","modified_gmt":"2026-06-10T16:16:35","slug":"faal-celebra-25-anos-de-historia-e-anuncia-novidades","status":"publish","type":"post","link":"https:\/\/guialimeira.com.br\/news\/faal-celebra-25-anos-de-historia-e-anuncia-novidades\/","title":{"rendered":"FAAL celebra 25 anos de hist\u00f3ria e anuncia novidades"},"content":{"rendered":"<p> <br \/>\n<\/p>\n<div data-id=\"626ab9d\" data-element_type=\"widget\" data-e-type=\"widget\" data-widget_type=\"theme-post-content.default\">\n<p class=\"wp-block-paragraph\">A Faculdade de Administra\u00e7\u00e3o e Artes de Limeira (FAAL) celebrou seus 25 anos de hist\u00f3ria em uma cerim\u00f4nia especial realizada na noite de ontem, 9 de junho. A solenidade reuniu autoridades, professores, colaboradores, alunos, ex-alunos, parceiros e convidados que fizeram parte da constru\u00e7\u00e3o da institui\u00e7\u00e3o ao longo de sua trajet\u00f3ria.<\/p>\n<p class=\"wp-block-paragraph\">A comemora\u00e7\u00e3o marcou um momento de reconhecimento ao passado e de proje\u00e7\u00e3o para o futuro. Durante o evento, os participantes conheceram detalhes da hist\u00f3ria da faculdade, fundada em 31 de agosto de 2001 a partir do sonho do professor Sebasti\u00e3o Orlando, educador e empreendedor que acreditava na transforma\u00e7\u00e3o por meio do ensino.<\/p>\n<p class=\"wp-block-paragraph\">Durante a cerim\u00f4nia de anivers\u00e1rio, a diretora-geral da FAAL, Kenia Sousa Silva Lyra, anunciou importantes projetos para os pr\u00f3ximos anos. Entre as novidades est\u00e3o o processo de transforma\u00e7\u00e3o da institui\u00e7\u00e3o em Centro Universit\u00e1rio, previsto para 2027, e o lan\u00e7amento do curso de gradua\u00e7\u00e3o em Est\u00e9tica, tamb\u00e9m programado para o pr\u00f3ximo ano. \u201cA FAAL nasceu do sonho do meu pai, um educador que acreditava que a educa\u00e7\u00e3o poderia transformar vidas. Vinte e cinco anos depois, temos a certeza de que esse sonho continua vivo em cada aluno formado, em cada profissional que ajudamos a preparar e em cada fam\u00edlia que confiou em nosso trabalho\u201d, afirmou Kenia.<\/p>\n<p class=\"wp-block-paragraph\">A celebra\u00e7\u00e3o contou ainda com homenagens a duas profissionais que representam a dedica\u00e7\u00e3o e a continuidade da hist\u00f3ria da institui\u00e7\u00e3o. Foram reconhecidas a colaboradora Moniky Ca\u00edres Cruz, funcion\u00e1ria com mais tempo de atua\u00e7\u00e3o na FAAL, e a professora Tatiana Kawakami, docente mais antiga da institui\u00e7\u00e3o.<\/p>\n<p class=\"wp-block-paragraph\"><strong>HIST\u00d3RIA<\/strong><\/p>\n<p class=\"wp-block-paragraph\">Apaixonado pela educa\u00e7\u00e3o, Orlando reuniu professores universit\u00e1rios e o apoio da fam\u00edlia para criar uma institui\u00e7\u00e3o baseada em uma proposta pedag\u00f3gica diferenciada. Ap\u00f3s estudos e avalia\u00e7\u00f5es de diferentes metodologias, surgiu o conceito que se tornaria a marca registrada da FAAL: o \u201caprender fazendo\u201d, modelo que une teoria e pr\u00e1tica para proporcionar uma forma\u00e7\u00e3o mais pr\u00f3xima da realidade profissional.<\/p>\n<p class=\"wp-block-paragraph\">A institui\u00e7\u00e3o iniciou suas atividades de forma modesta, com apenas uma turma de 21 alunos do curso de Administra\u00e7\u00e3o, instalada em uma sala do antigo shopping de Limeira. Nos anos seguintes, a faculdade ampliou sua atua\u00e7\u00e3o com a cria\u00e7\u00e3o de novos cursos de gradua\u00e7\u00e3o, acompanhando o crescimento da demanda por ensino superior na regi\u00e3o.<\/p>\n<p class=\"wp-block-paragraph\">Entre 2006 e 2008, a expans\u00e3o incluiu cursos nas \u00e1reas de gest\u00e3o, design, meio ambiente, matem\u00e1tica e artes visuais. O crescimento do n\u00famero de alunos levou \u00e0 necessidade de uma estrutura maior, culminando, em 2010, na inaugura\u00e7\u00e3o da sede pr\u00f3pria da institui\u00e7\u00e3o.<\/p>\n<p class=\"wp-block-paragraph\">O mesmo ano marcou a despedida do professor Sebasti\u00e3o Orlando, que faleceu deixando um legado que permanece presente na filosofia educacional da faculdade. A proposta do \u201caprender fazendo\u201d continuou sendo um dos pilares da institui\u00e7\u00e3o, aliada \u00e0 qualifica\u00e7\u00e3o do corpo docente e ao compromisso com a forma\u00e7\u00e3o de profissionais preparados para os desafios do mercado.<\/p>\n<p class=\"wp-block-paragraph\">Em 2019, a FAAL passou por uma mudan\u00e7a de gest\u00e3o, mantendo, por\u00e9m, os princ\u00edpios que nortearam sua cria\u00e7\u00e3o que s\u00e3o o compromisso com a educa\u00e7\u00e3o de qualidade, a valoriza\u00e7\u00e3o dos alunos e a integra\u00e7\u00e3o entre teoria e pr\u00e1tica.<\/p>\n<\/div>\n<p><br \/>\n<br \/><a href=\"https:\/\/dinamuscomunicacao.com.br\/faal-celebra-25-anos-de-historia-e-anuncia-novidades\/\" rel=\"noopener\"> Informa\u00e7\u00f5es: D\u00ednamus Comunica\u00e7\u00e3o <\/a><\/p>\n","protected":false},"excerpt":{"rendered":"<p>A Faculdade de Administra\u00e7\u00e3o e Artes de Limeira (FAAL) celebrou seus 25 anos de hist\u00f3ria em uma cerim\u00f4nia especial realizada na noite de ontem, 9 de junho. A solenidade reuniu autoridades, professores, colaboradores, alunos, ex-alunos, parceiros e convidados que fizeram parte da constru\u00e7\u00e3o da institui\u00e7\u00e3o ao longo de sua trajet\u00f3ria. A comemora\u00e7\u00e3o marcou um momento [&hellip;]<\/p>\n","protected":false},"author":1,"featured_media":68530,"comment_status":"","ping_status":"open","sticky":false,"template":"","format":"standard","meta":{"_jetpack_newsletter_access":"","_jetpack_dont_email_post_to_subs":false,"_jetpack_newsletter_tier_id":0,"_jetpack_memberships_contains_paywalled_content":false,"_mbp_banners":[],"_jetpack_feature_clip_id":0,"_jetpack_memberships_contains_paid_content":false,"footnotes":"","jetpack_publicize_message":"","jetpack_publicize_feature_enabled":true,"jetpack_social_post_already_shared":true,"jetpack_social_options":{"image_generator_settings":{"template":"highway","default_image_id":0,"font":"","enabled":false},"version":2},"jetpack_post_was_ever_published":false},"categories":[16],"tags":[],"class_list":["post-68529","post","type-post","status-publish","format-standard","has-post-thumbnail","category-local"],"jetpack_publicize_connections":[],"jetpack-related-posts":[],"jetpack_shortlink":"https:\/\/wp.me\/p7Eq1F-hPj","jetpack_sharing_enabled":true,"jetpack_featured_media_url":"https:\/\/i0.wp.com\/guialimeira.com.br\/news\/wp-content\/uploads\/2026\/06\/WhatsApp-Image-2026-06-10-at-09.55.35.jpeg?fit=1280%2C853&ssl=1","_links":{"self":[{"href":"https:\/\/guialimeira.com.br\/news\/wp-json\/wp\/v2\/posts\/68529","targetHints":{"allow":["GET"]}}],"collection":[{"href":"https:\/\/guialimeira.com.br\/news\/wp-json\/wp\/v2\/posts"}],"about":[{"href":"https:\/\/guialimeira.com.br\/news\/wp-json\/wp\/v2\/types\/post"}],"author":[{"embeddable":true,"href":"https:\/\/guialimeira.com.br\/news\/wp-json\/wp\/v2\/users\/1"}],"replies":[{"embeddable":true,"href":"https:\/\/guialimeira.com.br\/news\/wp-json\/wp\/v2\/comments?post=68529"}],"version-history":[{"count":0,"href":"https:\/\/guialimeira.com.br\/news\/wp-json\/wp\/v2\/posts\/68529\/revisions"}],"wp:featuredmedia":[{"embeddable":true,"href":"https:\/\/guialimeira.com.br\/news\/wp-json\/wp\/v2\/media\/68530"}],"wp:attachment":[{"href":"https:\/\/guialimeira.com.br\/news\/wp-json\/wp\/v2\/media?parent=68529"}],"wp:term":[{"taxonomy":"category","embeddable":true,"href":"https:\/\/guialimeira.com.br\/news\/wp-json\/wp\/v2\/categories?post=68529"},{"taxonomy":"post_tag","embeddable":true,"href":"https:\/\/guialimeira.com.br\/news\/wp-json\/wp\/v2\/tags?post=68529"}],"curies":[{"name":"wp","href":"https:\/\/api.w.org\/{rel}","templated":true}]}}