{"id":68526,"date":"2026-06-10T12:21:44","date_gmt":"2026-06-10T15:21:44","guid":{"rendered":"https:\/\/guialimeira.com.br\/governo-de-sp-homologa-resultado-da-nova-gestao-do-parque-linear-bruno-covas\/"},"modified":"2026-06-10T12:21:44","modified_gmt":"2026-06-10T15:21:44","slug":"governo-de-sp-homologa-resultado-da-nova-gestao-do-parque-linear-bruno-covas","status":"publish","type":"post","link":"https:\/\/guialimeira.com.br\/news\/governo-de-sp-homologa-resultado-da-nova-gestao-do-parque-linear-bruno-covas\/","title":{"rendered":"Governo de SP homologa resultado da nova gest\u00e3o do Parque Linear Bruno Covas"},"content":{"rendered":"<p> <br \/>\n<br \/><img data-recalc-dims=\"1\" decoding=\"async\" src=\"https:\/\/i0.wp.com\/www.agenciasp.sp.gov.br\/wp-content\/uploads\/2026\/01\/Captura-de-tela-2026-01-23-082017.png?w=696&#038;ssl=1\" \/><\/p>\n<div data-id=\"753696f\" data-element_type=\"widget\" data-e-type=\"widget\" data-widget_type=\"text-editor.default\">\n<p>\n\t\t\t\t\t\t\t\t\tEntre 2021 e 2024, o Parque Bruno Covas recebeu mais de 5,4 milh\u00f5es de visitantes, refor\u00e7ando a necessidade de um modelo de gest\u00e3o eficiente do espa\u00e7o.\t\t\t\t\t\t\t\t<\/p>\n<\/p><\/div>\n<div data-id=\"5a922b4\" data-element_type=\"widget\" data-e-type=\"widget\" data-widget_type=\"theme-post-content.default\">\n<div class=\"elementor-widget-container\">\n<p class=\"wp-block-paragraph\">O Governo de S\u00e3o Paulo publicou no Di\u00e1rio Oficial do Estado a homologa\u00e7\u00e3o do resultado da licita\u00e7\u00e3o que define a nova gest\u00e3o do Parque Linear Bruno Covas \u2013 Novo Rio Pinheiros. A Empresa Metropolitana de \u00c1guas e Energia S.A. (Emae) foi declarada vencedora da permiss\u00e3o de uso qualificada elaborada pela Secretaria de Parcerias em Investimentos do Estado (SPI), em parceria com a<a href=\"https:\/\/semil.sp.gov.br\/\" target=\"_blank\" rel=\"noopener\"> Secretaria de Meio Ambiente, Infraestrutura e Log\u00edstica (Semil).<\/a><br \/>\u00a0<br \/>O certame foi realizado em 21 de maio, na sede da Semil, na capital. Com a homologa\u00e7\u00e3o, a empresa ser\u00e1 convocada para cumprir as etapas preparat\u00f3rias \u00e0 assinatura do Termo de Permiss\u00e3o de Uso, conforme previsto no edital. A medida marca o avan\u00e7o do processo para a formaliza\u00e7\u00e3o da nova gest\u00e3o do parque.<br \/>\u00a0<br \/>A empresa ser\u00e1 respons\u00e1vel pela administra\u00e7\u00e3o operacional do parque, que abrange um trecho de aproximadamente 8,2 quil\u00f4metros da margem oeste do Rio Pinheiros, pelo prazo de 48 meses. O espa\u00e7o continuar\u00e1 sob fiscaliza\u00e7\u00e3o do Estado, p\u00fablico, gratuito e aberto \u00e0 popula\u00e7\u00e3o.<\/p>\n<p class=\"wp-block-paragraph\"><strong>LEIA TAMB\u00c9M: <\/strong><a href=\"https:\/\/www.agenciasp.sp.gov.br\/emae-vence-sessao-publica-e-assumira-parque-linear-bruno-covas-sob-novo-modelo-de-gestao\/\" rel=\"noopener\">Emae vence sess\u00e3o p\u00fablica e assumir\u00e1 Parque Linear Bruno Covas sob novo modelo de gest\u00e3o<\/a><br \/>\u00a0<br \/>A permiss\u00e3o de uso qualificada \u00e9 um instrumento jur\u00eddico previsto em normativa estadual que transfere a um parceiro a responsabilidade pela administra\u00e7\u00e3o, opera\u00e7\u00e3o, manuten\u00e7\u00e3o e organiza\u00e7\u00e3o das atividades do espa\u00e7o. O formato foi estruturado de acordo com as caracter\u00edsticas do local, permitindo uma gest\u00e3o mais din\u00e2mica e eficiente do espa\u00e7o, com defini\u00e7\u00e3o de obriga\u00e7\u00f5es, padr\u00f5es de qualidade e responsabilidades ao longo da vig\u00eancia contratual.<br \/>\u00a0<br \/>A proposta est\u00e1 amparada pelo Decreto Estadual n\u00ba 70.534\/2026 e visa investimentos para a amplia\u00e7\u00e3o dos servi\u00e7os de apoio ao uso p\u00fablico, op\u00e7\u00f5es de lazer e iniciativas de requalifica\u00e7\u00e3o, garantindo a preserva\u00e7\u00e3o ambiental da \u00e1rea, a mobilidade urbana e a sustentabilidade operacional do parque. O objetivo \u00e9 fortalecer a voca\u00e7\u00e3o do parque como espa\u00e7o de lazer, esporte, cultura e conviv\u00eancia, oferecendo mais seguran\u00e7a e melhores servi\u00e7os para os usu\u00e1rios.<br \/>\u00a0<br \/>Entre 2021 e 2024, o Parque Bruno Covas recebeu mais de 5,4 milh\u00f5es de visitantes, refor\u00e7ando a necessidade de um modelo de gest\u00e3o eficiente do espa\u00e7o.<\/p>\n<h3 class=\"wp-block-heading\">\u00a0<br \/><strong>Mais seguran\u00e7a e novos servi\u00e7os<\/strong><\/h3>\n<p class=\"wp-block-paragraph\">A nova gest\u00e3o prev\u00ea a integra\u00e7\u00e3o das c\u00e2meras de monitoramento ao programa Muralha Paulista e ao sistema de monitoramento Smart Sampa com acompanhamento em tempo real pelas equipes de seguran\u00e7a p\u00fablica da capital paulista, com foco na preven\u00e7\u00e3o, resposta r\u00e1pida a ocorr\u00eancias e prote\u00e7\u00e3o dos frequentadores.<br \/>\u00a0<br \/>Para refor\u00e7ar a seguran\u00e7a preventiva e o apoio ao p\u00fablico, [AA1] est\u00e1 previsto a elabora\u00e7\u00e3o de um plano de seguran\u00e7a patrimonial qualificado, al\u00e9m de rondas preventivas e portaria monitorada.<br \/>\u00a0<br \/>O modelo tamb\u00e9m prev\u00ea a amplia\u00e7\u00e3o dos servi\u00e7os de apoio ao uso p\u00fablico, com op\u00e7\u00f5es de lazer, conviv\u00eancia, alimenta\u00e7\u00e3o e servi\u00e7os aos frequentadores, respeitando as diretrizes ambientais e urban\u00edsticas do parque.<br \/>\u00a0<br \/>A iniciativa busca tornar a experi\u00eancia dos frequentadores mais segura, organizada e atrativa, mantendo o car\u00e1ter p\u00fablico, gratuito e aberto do espa\u00e7o.<\/p>\n<\/p><\/div>\n<\/p><\/div>\n<p><br \/>\n<br \/><a href=\"https:\/\/www.agenciasp.sp.gov.br\/sp-resultado-da-gestao-parque-bruno-covas\/\" rel=\"noopener\">Informa\u00e7\u00f5es GOV.SP<\/a><\/p>\n","protected":false},"excerpt":{"rendered":"<p>Entre 2021 e 2024, o Parque Bruno Covas recebeu mais de 5,4 milh\u00f5es de visitantes, refor\u00e7ando a necessidade de um modelo de gest\u00e3o eficiente do espa\u00e7o. O Governo de S\u00e3o Paulo publicou no Di\u00e1rio Oficial do Estado a homologa\u00e7\u00e3o do resultado da licita\u00e7\u00e3o que define a nova gest\u00e3o do Parque Linear Bruno Covas \u2013 Novo [&hellip;]<\/p>\n","protected":false},"author":1,"featured_media":66379,"comment_status":"","ping_status":"open","sticky":false,"template":"","format":"standard","meta":{"_jetpack_newsletter_access":"","_jetpack_dont_email_post_to_subs":false,"_jetpack_newsletter_tier_id":0,"_jetpack_memberships_contains_paywalled_content":false,"_mbp_banners":[],"_jetpack_feature_clip_id":0,"_jetpack_memberships_contains_paid_content":false,"footnotes":"","jetpack_publicize_message":"","jetpack_publicize_feature_enabled":true,"jetpack_social_post_already_shared":true,"jetpack_social_options":{"image_generator_settings":{"template":"highway","default_image_id":0,"font":"","enabled":false},"version":2},"jetpack_post_was_ever_published":false},"categories":[21],"tags":[],"class_list":["post-68526","post","type-post","status-publish","format-standard","has-post-thumbnail","category-sp-news"],"jetpack_publicize_connections":[],"jetpack-related-posts":[],"jetpack_shortlink":"https:\/\/wp.me\/p7Eq1F-hPg","jetpack_sharing_enabled":true,"jetpack_featured_media_url":"https:\/\/i0.wp.com\/guialimeira.com.br\/news\/wp-content\/uploads\/2026\/05\/Emae-vence-sessao-publica-e-assumira-Parque-Linear-Bruno-Covas.png?fit=1141%2C756&ssl=1","_links":{"self":[{"href":"https:\/\/guialimeira.com.br\/news\/wp-json\/wp\/v2\/posts\/68526","targetHints":{"allow":["GET"]}}],"collection":[{"href":"https:\/\/guialimeira.com.br\/news\/wp-json\/wp\/v2\/posts"}],"about":[{"href":"https:\/\/guialimeira.com.br\/news\/wp-json\/wp\/v2\/types\/post"}],"author":[{"embeddable":true,"href":"https:\/\/guialimeira.com.br\/news\/wp-json\/wp\/v2\/users\/1"}],"replies":[{"embeddable":true,"href":"https:\/\/guialimeira.com.br\/news\/wp-json\/wp\/v2\/comments?post=68526"}],"version-history":[{"count":0,"href":"https:\/\/guialimeira.com.br\/news\/wp-json\/wp\/v2\/posts\/68526\/revisions"}],"wp:featuredmedia":[{"embeddable":true,"href":"https:\/\/guialimeira.com.br\/news\/wp-json\/wp\/v2\/media\/66379"}],"wp:attachment":[{"href":"https:\/\/guialimeira.com.br\/news\/wp-json\/wp\/v2\/media?parent=68526"}],"wp:term":[{"taxonomy":"category","embeddable":true,"href":"https:\/\/guialimeira.com.br\/news\/wp-json\/wp\/v2\/categories?post=68526"},{"taxonomy":"post_tag","embeddable":true,"href":"https:\/\/guialimeira.com.br\/news\/wp-json\/wp\/v2\/tags?post=68526"}],"curies":[{"name":"wp","href":"https:\/\/api.w.org\/{rel}","templated":true}]}}