{"id":68519,"date":"2026-06-10T11:20:24","date_gmt":"2026-06-10T14:20:24","guid":{"rendered":"https:\/\/guialimeira.com.br\/inscricoes-para-o-premio-ciencia-para-todos-vao-ate-sexta-feira-12\/"},"modified":"2026-06-10T11:20:24","modified_gmt":"2026-06-10T14:20:24","slug":"inscricoes-para-o-premio-ciencia-para-todos-vao-ate-sexta-feira-12","status":"publish","type":"post","link":"https:\/\/guialimeira.com.br\/news\/inscricoes-para-o-premio-ciencia-para-todos-vao-ate-sexta-feira-12\/","title":{"rendered":"Inscri\u00e7\u00f5es para o Pr\u00eamio Ci\u00eancia para Todos v\u00e3o at\u00e9 sexta-feira (12)"},"content":{"rendered":"<p> <br \/>\n<br \/><img data-recalc-dims=\"1\" decoding=\"async\" src=\"https:\/\/i0.wp.com\/www.agenciasp.sp.gov.br\/wp-content\/uploads\/2026\/03\/54948810654_40e105066f_k.jpg.jpeg?w=696&#038;ssl=1\" \/><\/p>\n<div>\n<p class=\"wp-block-paragraph\">As inscri\u00e7\u00f5es para a 5\u00aa edi\u00e7\u00e3o do Pr\u00eamio Ci\u00eancia para Todos, iniciativa da Fapesp em parceria com a Funda\u00e7\u00e3o Roberto Marinho, por meio do\u00a0<em>Canal Futura<\/em>, est\u00e3o abertas at\u00e9 sexta-feira (12). A premia\u00e7\u00e3o, destinada a professores e estudantes dos anos finais do ensino fundamental e do ensino m\u00e9dio da rede p\u00fablica do Estado de S\u00e3o Paulo, tem como objetivo incentivar o desenvolvimento de projetos cient\u00edficos aplicados \u00e0s realidades das comunidades escolares.<\/p>\n<p class=\"wp-block-paragraph\">Com o tema \u201cUm mundo melhor para todos\u201d, esta edi\u00e7\u00e3o tem como proposta convidar os candidatos a refletir sobre o papel da ci\u00eancia na constru\u00e7\u00e3o de solu\u00e7\u00f5es criativas capazes de responder a problem\u00e1ticas locais. Projetos de pesquisa em qualquer \u00e1rea do conhecimento, realizados por estudantes orientados por professoras e professores de escolas p\u00fablicas em cursos regulares, na Educa\u00e7\u00e3o de Jovens e Adultos (EJA) ou no Ensino M\u00e9dio T\u00e9cnico Profissionalizante, podem ser inscritos. As propostas podem envolver uma classe inteira ou grupos formados por estudantes de diferentes turmas.<\/p>\n<p class=\"wp-block-paragraph\">As inscri\u00e7\u00f5es no edital dever\u00e3o ser feitas pelos professores. No momento da inscri\u00e7\u00e3o ser\u00e1 necess\u00e1rio informar apenas dados iniciais do projeto, como a tem\u00e1tica e uma breve descri\u00e7\u00e3o. Os detalhes mais completos ser\u00e3o solicitados posteriormente, na fase de envio dos relat\u00f3rios, prevista para agosto.<\/p>\n<p class=\"wp-block-paragraph\">Entre a inscri\u00e7\u00e3o e o envio do relat\u00f3rio, os participantes dever\u00e3o realizar um curso digital sobre o desenvolvimento de projetos cient\u00edficos em sala de aula. A participa\u00e7\u00e3o \u00e9 obrigat\u00f3ria para a efetiva\u00e7\u00e3o da inscri\u00e7\u00e3o.<\/p>\n<p class=\"wp-block-paragraph\">O Pr\u00eamio Ci\u00eancia para Todos vai selecionar tr\u00eas vencedores de cada etapa de ensino \u2013 ensino fundamental e ensino m\u00e9dio. Professores e estudantes das equipes selecionadas poder\u00e3o fazer uma visita a um centro de pesquisa apoiado pela Fapesp, com transporte, alimenta\u00e7\u00e3o e media\u00e7\u00e3o pedag\u00f3gica inclu\u00eddos. Os professores orientadores tamb\u00e9m receber\u00e3o um notebook como reconhecimento pelo trabalho desenvolvido. Nas edi\u00e7\u00f5es anteriores j\u00e1 foram premiados projetos de 12 cidades do Estado de S\u00e3o Paulo.<\/p>\n<p class=\"wp-block-paragraph\">Mais informa\u00e7\u00f5es sobre o pr\u00eamio e as etapas do edital podem ser conferidas em:\u00a0<a href=\"https:\/\/futura.frm.org.br\/projeto\/premio-ciencia-para-todos\" target=\"_blank\" rel=\"noreferrer noopener\">futura.frm.org.br\/projeto\/premio-ciencia-para-todos<\/a>.<\/p>\n<\/p><\/div>\n<p><br \/>\n<br \/><a href=\"https:\/\/www.agenciasp.sp.gov.br\/inscricoes-para-o-premio-ciencia-para-todos-vao-ate-sexta-feira-12\/\" rel=\"noopener\">Informa\u00e7\u00f5es GOV.SP<\/a><\/p>\n","protected":false},"excerpt":{"rendered":"<p>As inscri\u00e7\u00f5es para a 5\u00aa edi\u00e7\u00e3o do Pr\u00eamio Ci\u00eancia para Todos, iniciativa da Fapesp em parceria com a Funda\u00e7\u00e3o Roberto Marinho, por meio do\u00a0Canal Futura, est\u00e3o abertas at\u00e9 sexta-feira (12). A premia\u00e7\u00e3o, destinada a professores e estudantes dos anos finais do ensino fundamental e do ensino m\u00e9dio da rede p\u00fablica do Estado de S\u00e3o Paulo, [&hellip;]<\/p>\n","protected":false},"author":1,"featured_media":68520,"comment_status":"","ping_status":"open","sticky":false,"template":"","format":"standard","meta":{"_jetpack_newsletter_access":"","_jetpack_dont_email_post_to_subs":false,"_jetpack_newsletter_tier_id":0,"_jetpack_memberships_contains_paywalled_content":false,"_mbp_banners":[],"_jetpack_feature_clip_id":0,"_jetpack_memberships_contains_paid_content":false,"footnotes":"","jetpack_publicize_message":"","jetpack_publicize_feature_enabled":true,"jetpack_social_post_already_shared":true,"jetpack_social_options":{"image_generator_settings":{"template":"highway","default_image_id":0,"font":"","enabled":false},"version":2},"jetpack_post_was_ever_published":false},"categories":[21],"tags":[],"class_list":["post-68519","post","type-post","status-publish","format-standard","has-post-thumbnail","category-sp-news"],"jetpack_publicize_connections":[],"jetpack-related-posts":[],"jetpack_shortlink":"https:\/\/wp.me\/p7Eq1F-hP9","jetpack_sharing_enabled":true,"jetpack_featured_media_url":"https:\/\/i0.wp.com\/guialimeira.com.br\/news\/wp-content\/uploads\/2026\/06\/Inscricoes-para-o-Premio-Ciencia-para-Todos-vao-ate-sexta-feira.jpeg?fit=2048%2C1363&ssl=1","_links":{"self":[{"href":"https:\/\/guialimeira.com.br\/news\/wp-json\/wp\/v2\/posts\/68519","targetHints":{"allow":["GET"]}}],"collection":[{"href":"https:\/\/guialimeira.com.br\/news\/wp-json\/wp\/v2\/posts"}],"about":[{"href":"https:\/\/guialimeira.com.br\/news\/wp-json\/wp\/v2\/types\/post"}],"author":[{"embeddable":true,"href":"https:\/\/guialimeira.com.br\/news\/wp-json\/wp\/v2\/users\/1"}],"replies":[{"embeddable":true,"href":"https:\/\/guialimeira.com.br\/news\/wp-json\/wp\/v2\/comments?post=68519"}],"version-history":[{"count":0,"href":"https:\/\/guialimeira.com.br\/news\/wp-json\/wp\/v2\/posts\/68519\/revisions"}],"wp:featuredmedia":[{"embeddable":true,"href":"https:\/\/guialimeira.com.br\/news\/wp-json\/wp\/v2\/media\/68520"}],"wp:attachment":[{"href":"https:\/\/guialimeira.com.br\/news\/wp-json\/wp\/v2\/media?parent=68519"}],"wp:term":[{"taxonomy":"category","embeddable":true,"href":"https:\/\/guialimeira.com.br\/news\/wp-json\/wp\/v2\/categories?post=68519"},{"taxonomy":"post_tag","embeddable":true,"href":"https:\/\/guialimeira.com.br\/news\/wp-json\/wp\/v2\/tags?post=68519"}],"curies":[{"name":"wp","href":"https:\/\/api.w.org\/{rel}","templated":true}]}}