{"id":68515,"date":"2026-06-10T10:18:04","date_gmt":"2026-06-10T13:18:04","guid":{"rendered":"https:\/\/guialimeira.com.br\/estado-de-sp-registra-mais-de-7-milhoes-de-veiculos-licenciados-em-2026\/"},"modified":"2026-06-10T10:18:04","modified_gmt":"2026-06-10T13:18:04","slug":"estado-de-sp-registra-mais-de-7-milhoes-de-veiculos-licenciados-em-2026","status":"publish","type":"post","link":"https:\/\/guialimeira.com.br\/news\/estado-de-sp-registra-mais-de-7-milhoes-de-veiculos-licenciados-em-2026\/","title":{"rendered":"Estado de SP registra mais de 7 milh\u00f5es de ve\u00edculos licenciados em 2026"},"content":{"rendered":"<p> <br \/>\n<br \/><img data-recalc-dims=\"1\" decoding=\"async\" src=\"https:\/\/i0.wp.com\/www.agenciasp.sp.gov.br\/wp-content\/uploads\/2026\/04\/TransitoSP5.jpeg?w=696&#038;ssl=1\" \/><\/p>\n<div>\n<p class=\"wp-block-paragraph\">Milh\u00f5es de propriet\u00e1rios se anteciparam e j\u00e1 quitaram o licenciamento 2026 no Estado de S\u00e3o Paulo, de acordo com n\u00fameros do Detran-SP. Ao todo, foram licenciados 7,1 milh\u00f5es de ve\u00edculos entre janeiro e maio, o que representa 26% da frota ativa. A capital paulista, por sua vez, j\u00e1 teve 2,1 licenciamentos, ou seja, 36% do todo.<\/p>\n<p class=\"wp-block-paragraph\">O licenciamento 2026 est\u00e1 dispon\u00edvel para ve\u00edculos com qualquer final de placa. A antecipa\u00e7\u00e3o permite que o propriet\u00e1rio deixe a situa\u00e7\u00e3o do ve\u00edculo em dia, evitando pend\u00eancias futuras e eventuais restri\u00e7\u00f5es. Conduzir um ve\u00edculo sem o licenciamento em dia \u00e9 uma infra\u00e7\u00e3o grav\u00edssima pelo Artigo 230 do C\u00f3digo de Tr\u00e2nsito Brasileiro (CTB). Neste ano, ap\u00f3s a quita\u00e7\u00e3o dos d\u00e9bitos, a atualiza\u00e7\u00e3o do documento \u00e9 instant\u00e2nea, garantindo mais agilidade ao processo.<\/p>\n<p class=\"wp-block-paragraph\">A forma mais r\u00e1pida de licenciar \u00e9 pelo <a href=\"https:\/\/www.detran.sp.gov.br\/detransp\/pb\/servicos\/veiculos\/realizar_licenciamento_anual?id=carta_de_servico_realizar_licenciamento_anual\" target=\"_blank\" rel=\"noopener\">portal do Detran-SP<\/a>, onde o servi\u00e7o pode ser conclu\u00eddo em poucos minutos. Pelo site, tamb\u00e9m \u00e9 poss\u00edvel verificar d\u00e9bitos, pagar multas pendentes \u2013 inclusive via Pix \u2013 e regularizar o licenciamento de anos anteriores, se necess\u00e1rio. Para concluir o processo, \u00e9 preciso quitar eventuais multas de tr\u00e2nsito e o IPVA, informar o n\u00famero do Renavam e pagar a taxa de R$174,08.<\/p>\n<p class=\"wp-block-paragraph\">Ap\u00f3s o pagamento, o documento digital do ve\u00edculo (CRLV-e) pode ser baixado ou impresso em papel comum pelo portal do Detran-SP, do <a href=\"https:\/\/www.agenciasp.sp.gov.br\/sp-encerra-ano-com-mais-de-130-mil-carteiras-de-identificacao-emitidas-para-pessoas-com-tea\/\" rel=\"noopener\">Poupatempo<\/a> ou da Secretaria Nacional de Tr\u00e2nsito (Senatran), al\u00e9m dos aplicativos Detran-SP e Poupatempo Digital. O documento pode ser salvo no celular ou mantido impresso. Tamb\u00e9m \u00e9 poss\u00edvel pagar a taxa em bancos conveniados, por internet banking, aplicativo ou caixa eletr\u00f4nico.\u00a0<\/p>\n<p class=\"wp-block-paragraph\">Caso o licenciamento n\u00e3o esteja dispon\u00edvel para pagamento, o propriet\u00e1rio deve verificar a exist\u00eancia de impedimentos, como multas ou d\u00e9bitos pendentes, ou bloqueios administrativos ou judiciais. O calend\u00e1rio oficial de licenciamento come\u00e7a em julho:<\/p>\n<h3 class=\"wp-block-heading\"><strong>Calend\u00e1rio de Licenciamento \u2013 SP 2025<\/strong><\/h3>\n<ul class=\"wp-block-list\">\n<li>Finais 1 e 2: at\u00e9 31 de julho<\/li>\n<li>Finais 3 e 4: at\u00e9 31 de agosto<\/li>\n<li>Finais 5 e 6: at\u00e9 30 de setembro<\/li>\n<li>Finais 7 e 8: at\u00e9 31 de outubro<\/li>\n<li>Final 9: at\u00e9 30 de novembro<\/li>\n<li>Final 0: at\u00e9 31 de dezembro<\/li>\n<\/ul><\/div>\n<p><br \/>\n<br \/><a href=\"https:\/\/www.agenciasp.sp.gov.br\/estado-de-sp-registra-mais-de-7-milhoes-de-veiculos-licenciados-em-2026\/\" rel=\"noopener\">Informa\u00e7\u00f5es GOV.SP<\/a><\/p>\n","protected":false},"excerpt":{"rendered":"<p>Milh\u00f5es de propriet\u00e1rios se anteciparam e j\u00e1 quitaram o licenciamento 2026 no Estado de S\u00e3o Paulo, de acordo com n\u00fameros do Detran-SP. Ao todo, foram licenciados 7,1 milh\u00f5es de ve\u00edculos entre janeiro e maio, o que representa 26% da frota ativa. A capital paulista, por sua vez, j\u00e1 teve 2,1 licenciamentos, ou seja, 36% do [&hellip;]<\/p>\n","protected":false},"author":1,"featured_media":62374,"comment_status":"","ping_status":"open","sticky":false,"template":"","format":"standard","meta":{"_jetpack_newsletter_access":"","_jetpack_dont_email_post_to_subs":false,"_jetpack_newsletter_tier_id":0,"_jetpack_memberships_contains_paywalled_content":false,"_mbp_banners":[],"_jetpack_feature_clip_id":0,"_jetpack_memberships_contains_paid_content":false,"footnotes":"","jetpack_publicize_message":"","jetpack_publicize_feature_enabled":true,"jetpack_social_post_already_shared":true,"jetpack_social_options":{"image_generator_settings":{"template":"highway","default_image_id":0,"font":"","enabled":false},"version":2},"jetpack_post_was_ever_published":false},"categories":[21],"tags":[],"class_list":["post-68515","post","type-post","status-publish","format-standard","has-post-thumbnail","category-sp-news"],"jetpack_publicize_connections":[],"jetpack-related-posts":[],"jetpack_shortlink":"https:\/\/wp.me\/p7Eq1F-hP5","jetpack_sharing_enabled":true,"jetpack_featured_media_url":"https:\/\/i0.wp.com\/guialimeira.com.br\/news\/wp-content\/uploads\/2026\/04\/IPVA-2026-4a-parcela-para-placa-com-final-8-e.jpeg?fit=1280%2C853&ssl=1","_links":{"self":[{"href":"https:\/\/guialimeira.com.br\/news\/wp-json\/wp\/v2\/posts\/68515","targetHints":{"allow":["GET"]}}],"collection":[{"href":"https:\/\/guialimeira.com.br\/news\/wp-json\/wp\/v2\/posts"}],"about":[{"href":"https:\/\/guialimeira.com.br\/news\/wp-json\/wp\/v2\/types\/post"}],"author":[{"embeddable":true,"href":"https:\/\/guialimeira.com.br\/news\/wp-json\/wp\/v2\/users\/1"}],"replies":[{"embeddable":true,"href":"https:\/\/guialimeira.com.br\/news\/wp-json\/wp\/v2\/comments?post=68515"}],"version-history":[{"count":0,"href":"https:\/\/guialimeira.com.br\/news\/wp-json\/wp\/v2\/posts\/68515\/revisions"}],"wp:featuredmedia":[{"embeddable":true,"href":"https:\/\/guialimeira.com.br\/news\/wp-json\/wp\/v2\/media\/62374"}],"wp:attachment":[{"href":"https:\/\/guialimeira.com.br\/news\/wp-json\/wp\/v2\/media?parent=68515"}],"wp:term":[{"taxonomy":"category","embeddable":true,"href":"https:\/\/guialimeira.com.br\/news\/wp-json\/wp\/v2\/categories?post=68515"},{"taxonomy":"post_tag","embeddable":true,"href":"https:\/\/guialimeira.com.br\/news\/wp-json\/wp\/v2\/tags?post=68515"}],"curies":[{"name":"wp","href":"https:\/\/api.w.org\/{rel}","templated":true}]}}