{"id":68512,"date":"2026-06-10T09:24:18","date_gmt":"2026-06-10T12:24:18","guid":{"rendered":"https:\/\/guialimeira.com.br\/prefeitura-divulga-programacao-cultural-com-exposicao-no-palacete-levy-palestras-e-atracoes-na-praca\/"},"modified":"2026-06-10T09:24:18","modified_gmt":"2026-06-10T12:24:18","slug":"prefeitura-divulga-programacao-cultural-com-exposicao-no-palacete-levy-palestras-e-atracoes-na-praca","status":"publish","type":"post","link":"https:\/\/guialimeira.com.br\/news\/prefeitura-divulga-programacao-cultural-com-exposicao-no-palacete-levy-palestras-e-atracoes-na-praca\/","title":{"rendered":"Prefeitura divulga programa\u00e7\u00e3o cultural com exposi\u00e7\u00e3o no Palacete Levy, palestras e atra\u00e7\u00f5es na pra\u00e7a"},"content":{"rendered":"<p> <br \/>\n<\/p>\n<div id=\"\">&#13;<br \/>\n                    &#13;<br \/>\n&#13;<br \/>\n&#13;<br \/>\n&#13;<br \/>\n&#13;<br \/>\n&#13;<br \/>\n    <img data-recalc-dims=\"1\" decoding=\"async\" src=\"https:\/\/i0.wp.com\/ecrie.com.br\/sistema\/conteudos\/imagem\/m_137_0_1_10122025154043.jpeg?w=696&#038;ssl=1\" alt=\"Prefeitura divulga programa\u00e7\u00e3o cultural com exposi\u00e7\u00e3o no Palacete Levy, palestras e atra\u00e7\u00f5es na pra\u00e7a\"\/>&#13;<br \/>\n&#13;<br \/>\n&#13;<\/p>\n<p><span style=\"font-weight: 400;\">A Prefeitura de Limeira apresenta uma agenda cultural diversificada para movimentar os espa\u00e7os p\u00fablicos e hist\u00f3ricos nos pr\u00f3ximos dias. As atra\u00e7\u00f5es contam com mostras de artes visuais, espet\u00e1culos teatrais infantis, ciclos formativos voltados ao p\u00fablico feminino, al\u00e9m de tradicionais eventos de lazer e m\u00fasica na Pra\u00e7a Toledo Barros.<\/span><\/p>\n<p>&#13;<\/p>\n<p><span style=\"font-weight: 400;\">Um dos grandes destaques da programa\u00e7\u00e3o \u00e9 a abertura das galerias do Palacete Levy para receber a exposi\u00e7\u00e3o &#8220;JussarAt\u00f4mica \u2013 Em estilo livre&#8221;, primeira mostra individual da artista autodidata Jussara Santucci Bou\u00e7as. A atra\u00e7\u00e3o permanece aberta \u00e0 visita\u00e7\u00e3o p\u00fablica gratuita desde esta segunda-feira (8) at\u00e9 o dia 30 de junho, das 8h \u00e0s 17h, contando com o apoio da Prefeitura de Limeira. Com mais de 15 anos de trajet\u00f3ria, a artista apresenta tra\u00e7os e cores desenvolvidos com base em uma caminhada de persist\u00eancia, buscando traduzir sentimentos e viv\u00eancias \u00edntimas em telas que convidam a uma conex\u00e3o emocional direta.<\/span><\/p>\n<p>&#13;<\/p>\n<p><span style=\"font-weight: 400;\">Esta quarta-feira (10) concentra diversas atividades simult\u00e2neas na cidade. No \u00e2mbito liter\u00e1rio, a Biblioteca Municipal (Parque Cidade) promove a sua Banca de Troca de Livros e Gibis, das 17h \u00e0s 19h. A a\u00e7\u00e3o acontece sempre na segunda quarta-feira do m\u00eas para incentivar a circula\u00e7\u00e3o de leituras. O p\u00fablico pode participar trocando livros de literatura em bom estado de conserva\u00e7\u00e3o, lembrando que n\u00e3o s\u00e3o aceitas apostilas, materiais did\u00e1ticos, enciclop\u00e9dias ou c\u00f3pias.<\/span><\/p>\n<p>&#13;<\/p>\n<p><span style=\"font-weight: 400;\">Tamb\u00e9m nesta quarta-feira (10), \u00e0s 19h, a Biblioteca Municipal sedia o &#8220;1\u00ba Ciclo formativo de mulheres&#8221;, realizado pelo Movimento Mulher Vive. O encontro abordar\u00e1 o tema \u201cFinan\u00e7as pessoais para mulheres\u201d e trar\u00e1 ferramentas de planejamento financeiro, investimentos e gest\u00e3o de recursos com a palestrante Luisa Kimie Tagusagawa, consultora financeira, investidora e empres\u00e1ria graduada em Administra\u00e7\u00e3o P\u00fablica pela FGV e com Master em Finan\u00e7as. A entrada \u00e9 gratuita.<\/span><\/p>\n<p>&#13;<\/p>\n<p><span style=\"font-weight: 400;\">Fechando as atra\u00e7\u00f5es de quarta (10), \u00e0s 19h30, o Teatro Vit\u00f3ria recebe o espet\u00e1culo infantil \u201cA Bela e a Fera\u201d, realizado pela M\u00eddia Produ\u00e7\u00f5es Art\u00edsticas com o apoio da Prefeitura de Limeira. A cl\u00e1ssica e emocionante hist\u00f3ria promete encantar toda a fam\u00edlia com m\u00fasica e poesia. Os ingressos variam de R$ 30,00 (meia-entrada) a R$ 60,00 (inteira), com b\u00f4nus antecipado no valor de R$ 50,00, dispon\u00edveis de forma online pela plataforma Eleven Tickets.<\/span><\/p>\n<p>&#13;<\/p>\n<h3><strong>Fim de semana na Pra\u00e7a Toledo Barros<\/strong><\/h3>\n<p>&#13;<\/p>\n<p><span style=\"font-weight: 400;\">A agenda continua na Pra\u00e7a Toledo Barros, no Centro de Limeira, a partir de s\u00e1bado (13). Das 9h \u00e0s 14h, os moradores podem conferir a Feira de Artes e Gastronomia, repleta de op\u00e7\u00f5es de artesanato regional, comidas e variedades em produtos locais.<\/span><\/p>\n<p>&#13;<\/p>\n<p><span style=\"font-weight: 400;\">No domingo (14), o espa\u00e7o recebe duas atra\u00e7\u00f5es gratuitas tradicionais. Das 8h \u00e0s 12h, acontece o encontro mensal de colecionadores &#8220;Domingo das Rel\u00edquias&#8221;, organizado pelo Clube de Carros Antigos de Limeira, reunindo ve\u00edculos antigos e antiguidades. E a partir das 10h30, o Coreto da Pra\u00e7a ganha vida com a retreta musical dominical da Banda Henrique Marques, mantendo viva a tradi\u00e7\u00e3o da boa m\u00fasica instrumental na \u00e1rea central do munic\u00edpio.<\/span><\/p>\n<p>&#13;<\/p>\n<p><strong>Servi\u00e7o:<\/strong><\/p>\n<p>&#13;<\/p>\n<p><strong>Exposi\u00e7\u00e3o: \u201cJussarAt\u00f4mica \u2013 Em estilo livre\u201d<\/strong><\/p>\n<p>&#13;<\/p>\n<ul>&#13;<\/p>\n<li style=\"font-weight: 400;\" aria-level=\"1\"><strong>Data:<\/strong><span style=\"font-weight: 400;\"> De 8 a 30 de junho (aberta a partir desta segunda-feira, dia 8)<\/span><\/li>\n<p>&#13;<\/p>\n<li style=\"font-weight: 400;\" aria-level=\"1\"><strong>Hor\u00e1rio:<\/strong><span style=\"font-weight: 400;\"> Das 8h \u00e0s 17h<\/span><\/li>\n<p>&#13;<\/p>\n<li style=\"font-weight: 400;\" aria-level=\"1\"><strong>Local:<\/strong><span style=\"font-weight: 400;\"> Palacete Levy (Largo da Boa Morte, 11 &#8211; Centro)<\/span><\/li>\n<p>&#13;<\/p>\n<li style=\"font-weight: 400;\" aria-level=\"1\"><strong>Entrada:<\/strong><span style=\"font-weight: 400;\"> Gratuita | Classifica\u00e7\u00e3o: Livre<\/span><\/li>\n<p>&#13;<\/p>\n<li style=\"font-weight: 400;\" aria-level=\"1\"><strong>Realiza\u00e7\u00e3o:<\/strong><span style=\"font-weight: 400;\"> Artista Jussara S. Bou\u00e7as, com apoio da Prefeitura de Limeira<\/span><\/li>\n<p>&#13;\n<\/ul>\n<p>&#13;<\/p>\n<p><strong>Banca de Troca de Livros e Gibis<\/strong><\/p>\n<p>&#13;<\/p>\n<ul>&#13;<\/p>\n<li style=\"font-weight: 400;\" aria-level=\"1\"><strong>Data:<\/strong><span style=\"font-weight: 400;\"> 10 de junho (esta quarta-feira)<\/span><\/li>\n<p>&#13;<\/p>\n<li style=\"font-weight: 400;\" aria-level=\"1\"><strong>Hor\u00e1rio:<\/strong><span style=\"font-weight: 400;\"> Das 17h \u00e0s 19h<\/span><\/li>\n<p>&#13;<\/p>\n<li style=\"font-weight: 400;\" aria-level=\"1\"><strong>Local:<\/strong><span style=\"font-weight: 400;\"> Biblioteca Municipal (Parque Cidade)<\/span><\/li>\n<p>&#13;<\/p>\n<li style=\"font-weight: 400;\" aria-level=\"1\"><strong>Entrada:<\/strong><span style=\"font-weight: 400;\"> Gratuita | Classifica\u00e7\u00e3o: Livre<\/span><\/li>\n<p>&#13;<\/p>\n<li style=\"font-weight: 400;\" aria-level=\"1\"><strong>Realiza\u00e7\u00e3o:<\/strong><span style=\"font-weight: 400;\"> Prefeitura de Limeira<\/span><\/li>\n<p>&#13;\n<\/ul>\n<p>&#13;<\/p>\n<p><strong>Palestra: 1\u00ba Ciclo Formativo de Mulheres (\u201cFinan\u00e7as Pessoais\u201d)<\/strong><\/p>\n<p>&#13;<\/p>\n<ul>&#13;<\/p>\n<li style=\"font-weight: 400;\" aria-level=\"1\"><strong>Data:<\/strong><span style=\"font-weight: 400;\"> 10 de junho (esta quarta-feira)<\/span><\/li>\n<p>&#13;<\/p>\n<li style=\"font-weight: 400;\" aria-level=\"1\"><strong>Hor\u00e1rio:<\/strong><span style=\"font-weight: 400;\"> 19h<\/span><\/li>\n<p>&#13;<\/p>\n<li style=\"font-weight: 400;\" aria-level=\"1\"><strong>Local:<\/strong><span style=\"font-weight: 400;\"> Biblioteca Municipal de Limeira (Parque Cidade)<\/span><\/li>\n<p>&#13;<\/p>\n<li style=\"font-weight: 400;\" aria-level=\"1\"><strong>Entrada:<\/strong><span style=\"font-weight: 400;\"> Gratuita | Classifica\u00e7\u00e3o: Livre<\/span><\/li>\n<p>&#13;<\/p>\n<li style=\"font-weight: 400;\" aria-level=\"1\"><strong>Realiza\u00e7\u00e3o:<\/strong><span style=\"font-weight: 400;\"> Movimento Mulher Vive<\/span><\/li>\n<p>&#13;\n<\/ul>\n<p>&#13;<\/p>\n<p><strong>Teatro Infantil: \u201cA Bela e a Fera\u201d<\/strong><\/p>\n<p>&#13;<\/p>\n<ul>&#13;<\/p>\n<li style=\"font-weight: 400;\" aria-level=\"1\"><strong>Data:<\/strong><span style=\"font-weight: 400;\"> 10 de junho (esta quarta-feira)<\/span><\/li>\n<p>&#13;<\/p>\n<li style=\"font-weight: 400;\" aria-level=\"1\"><strong>Hor\u00e1rio:<\/strong><span style=\"font-weight: 400;\"> 19h30<\/span><\/li>\n<p>&#13;<\/p>\n<li style=\"font-weight: 400;\" aria-level=\"1\"><strong>Local:<\/strong><span style=\"font-weight: 400;\"> Teatro Vit\u00f3ria (Pra\u00e7a Toledo Barros, s\/n &#8211; Centro)<\/span><\/li>\n<p>&#13;<\/p>\n<li style=\"font-weight: 400;\" aria-level=\"1\"><strong>Entrada:<\/strong><span style=\"font-weight: 400;\"> R$ 60,00 (Inteira), R$ 30,00 (Meia-Entrada), R$ 50,00 (B\u00f4nus Antecipado)<\/span><\/li>\n<p>&#13;<\/p>\n<li style=\"font-weight: 400;\" aria-level=\"1\"><strong>Como comprar:<\/strong><span style=\"font-weight: 400;\"> Ingressos pelo link:<\/span><a href=\"https:\/\/teatrovitoria.eleventickets.com\/#!\/home\" rel=\"noopener\"> <span style=\"font-weight: 400;\">https:\/\/teatrovitoria.eleventickets.com\/#!\/home<\/span><\/a><\/li>\n<p>&#13;\n<\/ul>\n<p>&#13;<\/p>\n<p><strong>Feira de Artes e Gastronomia<\/strong><\/p>\n<p>&#13;<\/p>\n<ul>&#13;<\/p>\n<li style=\"font-weight: 400;\" aria-level=\"1\"><strong>Data:<\/strong><span style=\"font-weight: 400;\"> Todo s\u00e1bado (a partir deste s\u00e1bado, dia 13)<\/span><\/li>\n<p>&#13;<\/p>\n<li style=\"font-weight: 400;\" aria-level=\"1\"><strong>Hor\u00e1rio:<\/strong><span style=\"font-weight: 400;\"> Das 9h \u00e0s 14h<\/span><\/li>\n<p>&#13;<\/p>\n<li style=\"font-weight: 400;\" aria-level=\"1\"><strong>Local:<\/strong><span style=\"font-weight: 400;\"> Pra\u00e7a Toledo Barros (Centro)<\/span><\/li>\n<p>&#13;<\/p>\n<li style=\"font-weight: 400;\" aria-level=\"1\"><strong>Entrada:<\/strong><span style=\"font-weight: 400;\"> Gratuita<\/span><\/li>\n<p>&#13;<\/p>\n<li style=\"font-weight: 400;\" aria-level=\"1\"><strong>Realiza\u00e7\u00e3o:<\/strong><span style=\"font-weight: 400;\"> Prefeitura de Limeira<\/span><\/li>\n<p>&#13;\n<\/ul>\n<p>&#13;<\/p>\n<p><strong>Encontro de Carros Antigos: \u201cDomingo das Rel\u00edquias\u201d<\/strong><\/p>\n<p>&#13;<\/p>\n<ul>&#13;<\/p>\n<li style=\"font-weight: 400;\" aria-level=\"1\"><strong>Data:<\/strong><span style=\"font-weight: 400;\"> 14 de junho (este domingo)<\/span><\/li>\n<p>&#13;<\/p>\n<li style=\"font-weight: 400;\" aria-level=\"1\"><strong>Hor\u00e1rio:<\/strong><span style=\"font-weight: 400;\"> Das 8h \u00e0s 12h<\/span><\/li>\n<p>&#13;<\/p>\n<li style=\"font-weight: 400;\" aria-level=\"1\"><strong>Local:<\/strong><span style=\"font-weight: 400;\"> Pra\u00e7a Toledo Barros (Centro)<\/span><\/li>\n<p>&#13;<\/p>\n<li style=\"font-weight: 400;\" aria-level=\"1\"><strong>Entrada:<\/strong><span style=\"font-weight: 400;\"> Gratuita | Classifica\u00e7\u00e3o: Livre<\/span><\/li>\n<p>&#13;<\/p>\n<li style=\"font-weight: 400;\" aria-level=\"1\"><strong>Realiza\u00e7\u00e3o:<\/strong><span style=\"font-weight: 400;\"> Clube de Carros Antigos de Limeira<\/span><\/li>\n<p>&#13;\n<\/ul>\n<p>&#13;<\/p>\n<p><strong>M\u00fasica na Pra\u00e7a: Banda Henrique Marques<\/strong><\/p>\n<p>&#13;<\/p>\n<ul>&#13;<\/p>\n<li style=\"font-weight: 400;\" aria-level=\"1\"><strong>Data:<\/strong><span style=\"font-weight: 400;\"> 14 de junho (este domingo)<\/span><\/li>\n<p>&#13;<\/p>\n<li style=\"font-weight: 400;\" aria-level=\"1\"><strong>Hor\u00e1rio:<\/strong><span style=\"font-weight: 400;\"> 10h30<\/span><\/li>\n<p>&#13;<\/p>\n<li style=\"font-weight: 400;\" aria-level=\"1\"><strong>Local:<\/strong><span style=\"font-weight: 400;\"> Coreto da Pra\u00e7a Toledo Barros<\/span><\/li>\n<p>&#13;<\/p>\n<li style=\"font-weight: 400;\" aria-level=\"1\"><strong>Entrada:<\/strong><span style=\"font-weight: 400;\"> Gratuita | Classifica\u00e7\u00e3o: Livre<\/span><\/li>\n<p>&#13;<\/p>\n<li style=\"font-weight: 400;\" aria-level=\"1\"><strong>Realiza\u00e7\u00e3o:<\/strong><span style=\"font-weight: 400;\"> Prefeitura de Limeira<\/span><\/li>\n<p>&#13;\n<\/ul>\n<p>&#13;<br \/>\n&#13;<br \/>\n&#13;<br \/>\n&#13;<\/p>\n<article class=\"conteudo-relacionado no-print\">&#13;<br \/>\n        &#13;<br \/>\n&#13;<br \/>\n        &#13;<br \/>\n    <\/article>\n<p>&#13;<br \/>\n&#13;\n                <\/p><\/div>\n<p><br \/>\n<br \/><a href=\"https:\/\/limeira.sp.gov.br\/prefeitura-divulga-programacao-cultural-com-exposicao-no-palacete-levy-palestras-e-atracoes-na-praca\" rel=\"noopener\">Informa\u00e7\u00f5es da PML <\/a><\/p>\n","protected":false},"excerpt":{"rendered":"<p>&#13; &#13; &#13; &#13; &#13; &#13; &#13; &#13; &#13; &#13; A Prefeitura de Limeira apresenta uma agenda cultural diversificada para movimentar os espa\u00e7os p\u00fablicos e hist\u00f3ricos nos pr\u00f3ximos dias. As atra\u00e7\u00f5es contam com mostras de artes visuais, espet\u00e1culos teatrais infantis, ciclos formativos voltados ao p\u00fablico feminino, al\u00e9m de tradicionais eventos de lazer e m\u00fasica na [&hellip;]<\/p>\n","protected":false},"author":1,"featured_media":51101,"comment_status":"","ping_status":"open","sticky":false,"template":"","format":"standard","meta":{"_jetpack_newsletter_access":"","_jetpack_dont_email_post_to_subs":false,"_jetpack_newsletter_tier_id":0,"_jetpack_memberships_contains_paywalled_content":false,"_mbp_banners":[],"_jetpack_feature_clip_id":0,"_jetpack_memberships_contains_paid_content":false,"footnotes":"","jetpack_publicize_message":"","jetpack_publicize_feature_enabled":true,"jetpack_social_post_already_shared":true,"jetpack_social_options":{"image_generator_settings":{"template":"highway","default_image_id":0,"font":"","enabled":false},"version":2},"jetpack_post_was_ever_published":false},"categories":[16],"tags":[],"class_list":["post-68512","post","type-post","status-publish","format-standard","has-post-thumbnail","category-local"],"jetpack_publicize_connections":[],"jetpack-related-posts":[],"jetpack_shortlink":"https:\/\/wp.me\/p7Eq1F-hP2","jetpack_sharing_enabled":true,"jetpack_featured_media_url":"https:\/\/i0.wp.com\/guialimeira.com.br\/news\/wp-content\/uploads\/2025\/12\/m_137_0_1_10122025154043.jpeg?fit=848%2C570&ssl=1","_links":{"self":[{"href":"https:\/\/guialimeira.com.br\/news\/wp-json\/wp\/v2\/posts\/68512","targetHints":{"allow":["GET"]}}],"collection":[{"href":"https:\/\/guialimeira.com.br\/news\/wp-json\/wp\/v2\/posts"}],"about":[{"href":"https:\/\/guialimeira.com.br\/news\/wp-json\/wp\/v2\/types\/post"}],"author":[{"embeddable":true,"href":"https:\/\/guialimeira.com.br\/news\/wp-json\/wp\/v2\/users\/1"}],"replies":[{"embeddable":true,"href":"https:\/\/guialimeira.com.br\/news\/wp-json\/wp\/v2\/comments?post=68512"}],"version-history":[{"count":0,"href":"https:\/\/guialimeira.com.br\/news\/wp-json\/wp\/v2\/posts\/68512\/revisions"}],"wp:featuredmedia":[{"embeddable":true,"href":"https:\/\/guialimeira.com.br\/news\/wp-json\/wp\/v2\/media\/51101"}],"wp:attachment":[{"href":"https:\/\/guialimeira.com.br\/news\/wp-json\/wp\/v2\/media?parent=68512"}],"wp:term":[{"taxonomy":"category","embeddable":true,"href":"https:\/\/guialimeira.com.br\/news\/wp-json\/wp\/v2\/categories?post=68512"},{"taxonomy":"post_tag","embeddable":true,"href":"https:\/\/guialimeira.com.br\/news\/wp-json\/wp\/v2\/tags?post=68512"}],"curies":[{"name":"wp","href":"https:\/\/api.w.org\/{rel}","templated":true}]}}