{"id":68510,"date":"2026-06-10T09:17:32","date_gmt":"2026-06-10T12:17:32","guid":{"rendered":"https:\/\/guialimeira.com.br\/sp-pod-como-a-escola-publica-de-sp-esta-levando-alunos-para-intercambios-internacionais\/"},"modified":"2026-06-10T09:17:32","modified_gmt":"2026-06-10T12:17:32","slug":"sp-pod-como-a-escola-publica-de-sp-esta-levando-alunos-para-intercambios-internacionais","status":"publish","type":"post","link":"https:\/\/guialimeira.com.br\/news\/sp-pod-como-a-escola-publica-de-sp-esta-levando-alunos-para-intercambios-internacionais\/","title":{"rendered":"SP POD: como a escola p\u00fablica de SP est\u00e1 levando alunos para interc\u00e2mbios internacionais"},"content":{"rendered":"<p> <br \/>\n<\/p>\n<div>\n<p class=\"wp-block-paragraph\">O Programa Prontos Pro Mundo tem ampliado o acesso de estudantes da rede estadual paulista a experi\u00eancias de interc\u00e2mbio internacional. Em entrevista ao SP POD, videocast da Ag\u00eancia SP, o secret\u00e1rio executivo da Educa\u00e7\u00e3o do Estado de S\u00e3o Paulo, Vin\u00edcius Neiva, destaca que a iniciativa refor\u00e7a o papel da escola p\u00fablica como instrumento de transforma\u00e7\u00e3o social. \u201cQueremos mostrar para a popula\u00e7\u00e3o que a escola p\u00fablica gera oportunidades. Quando um estudante participa, inspira outros alunos e demonstra que objetivos que antes pareciam distantes podem estar ao alcance de quem se dedica aos estudos\u201d, afirma o secret\u00e1rio.<\/p>\n<p class=\"wp-block-paragraph\"><strong>LEIA TAMB\u00c9M: <a href=\"https:\/\/www.agenciasp.sp.gov.br\/notas-individuais-no-saresp-dao-acesso-as-aulas-de-ingles-preparatorias-do-prontos-pro-mundo\/\" rel=\"noopener\">Notas individuais no Saresp d\u00e3o acesso \u00e0s aulas de ingl\u00eas preparat\u00f3rias do Prontos pro Mundo<\/a><\/strong><\/p>\n<p class=\"wp-block-paragraph\">Criado pela Secretaria da Educa\u00e7\u00e3o do Estado de S\u00e3o Paulo (Seduc-SP), o programa Prontos pro Mundo combina cursos intensivos de ingl\u00eas com interc\u00e2mbio gratuito em pa\u00edses de l\u00edngua inglesa. Atualmente, os estudantes podem realizar parte dos estudos no Canad\u00e1, Austr\u00e1lia, Irlanda e Nova Zel\u00e2ndia, com todas as despesas custeadas pelo Governo de S\u00e3o Paulo.\u00a0<\/p>\n<p class=\"wp-block-paragraph\">Segundo Neiva, a proposta foi criada para oferecer aos alunos da escola p\u00fablica oportunidades semelhantes \u00e0s dispon\u00edveis em institui\u00e7\u00f5es privadas, ampliando o repert\u00f3rio acad\u00eamico, cultural e profissional dos jovens.\u00a0 At\u00e9 junho deste ano, 1.500 alunos da rede p\u00fablica paulista j\u00e1 participaram do programa.<\/p>\n<h3 class=\"wp-block-heading\">Impacto dentro das escolas<\/h3>\n<p class=\"wp-block-paragraph\">Al\u00e9m da experi\u00eancia internacional, o programa tem provocado reflexos no cotidiano das escolas estaduais. De acordo com o secret\u00e1rio executivo Vin\u00edcius Neiva, os estudantes selecionados acabam se tornando refer\u00eancias para os colegas e ajudam a estimular o engajamento escolar.<\/p>\n<p class=\"wp-block-paragraph\">A Secretaria da Educa\u00e7\u00e3o identificou avan\u00e7os em indicadores como frequ\u00eancia \u00e0s aulas, participa\u00e7\u00e3o em avalia\u00e7\u00f5es e desempenho acad\u00eamico. Para Neiva, o Prontos Pro Mundo integra um conjunto de pol\u00edticas que v\u00eam contribuindo para fortalecer a cultura de aprendizagem na rede estadual.<\/p>\n<p class=\"wp-block-paragraph\"><strong>LEIA TAMB\u00c9M: <a href=\"https:\/\/www.agenciasp.sp.gov.br\/prontos-pro-mundo-educacao-lanca-novo-curso-de-ingles-para-70-mil-alunos-concorrerem-as-vagas-de-intercambio\/\" rel=\"noopener\">Educa\u00e7\u00e3o de SP lan\u00e7a novo curso de ingl\u00eas para 70 mil alunos concorrerem \u00e0s vagas do Prontos pro Mundo<\/a><\/strong><\/p>\n<p class=\"wp-block-paragraph\">\u201cO aluno que participa acaba se tornando um exemplo dentro da escola. Os colegas passam a enxergar que aquela oportunidade \u00e9 real e que tamb\u00e9m podem conquist\u00e1-la por meio da dedica\u00e7\u00e3o e do comprometimento com os estudos\u201d, disse.<\/p>\n<h3 class=\"wp-block-heading\">Experi\u00eancia internacional<\/h3>\n<p class=\"wp-block-paragraph\">Entre os estudantes que j\u00e1 participam do programa est\u00e1 Daniel de Souza Francisco, de 16 anos de idade, aluno da rede estadual na cidade de Mogi Gua\u00e7u que atualmente realiza interc\u00e2mbio no Canad\u00e1. Ele relata que a experi\u00eancia tem sido marcada por descobertas e adapta\u00e7\u00e3o a uma nova cultura.\u00a0<\/p>\n<p class=\"wp-block-paragraph\">Segundo o estudante, a receptividade encontrada no pa\u00eds tem contribu\u00eddo para a adapta\u00e7\u00e3o \u00e0 nova rotina. \u201cTodo mundo me recebeu muito bem, tanto em casa quanto na escola. Isso ajuda bastante nesse processo de conhecer um lugar novo\u201d, afirmou.<\/p>\n<p class=\"wp-block-paragraph\">\u201cEst\u00e1 sendo uma experi\u00eancia muito diferente para mim, algo totalmente fora do comum. \u00c9 uma oportunidade enorme e eu n\u00e3o poderia deixar de aproveitar cada momento\u201d, contou.<\/p>\n<p class=\"wp-block-paragraph\">Daniel lembra que o sonho de viajar para o exterior j\u00e1 fazia parte de sua vida, mas parecia algo distante. \u201cEu conversava com a minha professora que eu e meu irm\u00e3o sempre tivemos vontade de conhecer outro pa\u00eds. S\u00f3 n\u00e3o imaginava que isso aconteceria comigo t\u00e3o cedo\u201d, disse ele, que est\u00e1 no pa\u00eds norte-americano desde abril.<\/p>\n<figure class=\"wp-block-image size-large\"><img data-recalc-dims=\"1\" fetchpriority=\"high\" decoding=\"async\" width=\"696\" height=\"522\" src=\"https:\/\/i0.wp.com\/www.agenciasp.sp.gov.br\/wp-content\/uploads\/2026\/06\/IMG_2868-1024x768.jpg?resize=696%2C522&#038;ssl=1\" alt=\"\" class=\"wp-image-150130\" srcset=\"https:\/\/www.agenciasp.sp.gov.br\/wp-content\/uploads\/2026\/06\/IMG_2868-1024x768.jpg 1024w, https:\/\/www.agenciasp.sp.gov.br\/wp-content\/uploads\/2026\/06\/IMG_2868-300x225.jpg 300w, https:\/\/www.agenciasp.sp.gov.br\/wp-content\/uploads\/2026\/06\/IMG_2868-768x576.jpg 768w, https:\/\/www.agenciasp.sp.gov.br\/wp-content\/uploads\/2026\/06\/IMG_2868-1536x1152.jpg 1536w, https:\/\/www.agenciasp.sp.gov.br\/wp-content\/uploads\/2026\/06\/IMG_2868-2048x1536.jpg 2048w, https:\/\/www.agenciasp.sp.gov.br\/wp-content\/uploads\/2026\/06\/IMG_2868-150x113.jpg 150w\" sizes=\"(max-width: 1024px) 100vw, 1024px\"\/><figcaption class=\"wp-element-caption\">Daniel de Souza Francisco, de 16 anos de idade, atualmente realiza interc\u00e2mbio no Canad\u00e1 pelo Prontos pro Mundo. Foto: Divulga\u00e7\u00e3o\/Governo de SP<\/figcaption><\/figure>\n<h3 class=\"wp-block-heading\">Caminho at\u00e9 a aprova\u00e7\u00e3o<\/h3>\n<p class=\"wp-block-paragraph\">A estudante Ana Beatriz Silva Campos Barbosa, de 16 anos de idade, aprovada para uma das pr\u00f3ximas turmas do programa com destino \u00e0 Austr\u00e1lia, destaca que a sele\u00e7\u00e3o exige dedica\u00e7\u00e3o cont\u00ednua ao longo da trajet\u00f3ria escolar.<\/p>\n<p class=\"wp-block-paragraph\">O processo leva em considera\u00e7\u00e3o desempenho acad\u00eamico, frequ\u00eancia \u00e0s aulas, indica\u00e7\u00e3o dos professores e resultados obtidos em avalia\u00e7\u00f5es aplicadas pela rede estadual. Ap\u00f3s a classifica\u00e7\u00e3o, os estudantes passam por etapas de prepara\u00e7\u00e3o em l\u00edngua inglesa antes do embarque.<\/p>\n<p class=\"wp-block-paragraph\">\u201cA gente precisa ter boas notas, presen\u00e7a e tamb\u00e9m passar pelas etapas de sele\u00e7\u00e3o. Depois vem a prepara\u00e7\u00e3o em ingl\u00eas, que ajuda muito. Aqui n\u00f3s estudamos o idioma; l\u00e1 fora vamos viver essa experi\u00eancia todos os dias\u201d, explicou a aluna da Escola Estadual Professor Itael de Mattos, da cidade de Santa F\u00e9 do Sul.<\/p>\n<h3 class=\"wp-block-heading\">Oportunidade para transformar trajet\u00f3rias<\/h3>\n<p class=\"wp-block-paragraph\">Para Vin\u00edcius Neiva, o principal legado do programa \u00e9 demonstrar aos estudantes que a escola p\u00fablica pode abrir portas para projetos de vida que antes pareciam inalcan\u00e7\u00e1veis.<\/p>\n<p class=\"wp-block-paragraph\">\u201cA escola p\u00fablica do Estado de S\u00e3o Paulo oferece diversas oportunidades. Muitas delas podem estar diretamente ligadas aos sonhos dos nossos estudantes. O importante \u00e9 se informar, participar e acreditar que esses objetivos podem se tornar realidade\u201d, afirmou.<\/p>\n<h3 class=\"wp-block-heading\">Prontos pro Mundo<\/h3>\n<p class=\"wp-block-paragraph\">O programa Prontos pro Mundo leva 1.000 estudantes de todo o estado, por ano, para um interc\u00e2mbio de tr\u00eas meses nos seguintes pa\u00edses: Austr\u00e1lia, Canad\u00e1, Irlanda e Nova Zel\u00e2ndia. S\u00e3o 500 selecionados por semestre. Os estudantes chamados s\u00e3o divididos em duas listas: por munic\u00edpio e classifica\u00e7\u00e3o geral. Inicialmente, o programa classifica um estudante representante de cada munic\u00edpio paulista.\u00a0<\/p>\n<p class=\"wp-block-paragraph\">O interc\u00e2mbio \u00e9 100% gratuito para o aluno e sua fam\u00edlia, com todos os custos e organiza\u00e7\u00e3o providenciados pela Seduc-SP. Itens como documentos pessoais (passaporte, visto), hospedagem, aulas, traslados, passagens a\u00e9reas ser\u00e3o cobertos. Durante estadia no exterior, alunos tamb\u00e9m s\u00e3o beneficiados com uma bolsa-aux\u00edlio para despesas pessoais. Todo o processo \u00e9 acompanhado pela equipe do programa e professores coordenadores das 91 unidades regionais de ensino do Estado.<\/p>\n<\/p><\/div>\n<p><br \/>\n<br \/><a href=\"https:\/\/www.agenciasp.sp.gov.br\/sp-pod-prontos-pro-mundo-amplia-oportunidades-para-alunos-da-rede-estadual-paulista\/\" rel=\"noopener\">Informa\u00e7\u00f5es GOV.SP<\/a><\/p>\n","protected":false},"excerpt":{"rendered":"<p>O Programa Prontos Pro Mundo tem ampliado o acesso de estudantes da rede estadual paulista a experi\u00eancias de interc\u00e2mbio internacional. Em entrevista ao SP POD, videocast da Ag\u00eancia SP, o secret\u00e1rio executivo da Educa\u00e7\u00e3o do Estado de S\u00e3o Paulo, Vin\u00edcius Neiva, destaca que a iniciativa refor\u00e7a o papel da escola p\u00fablica como instrumento de transforma\u00e7\u00e3o [&hellip;]<\/p>\n","protected":false},"author":1,"featured_media":68511,"comment_status":"","ping_status":"open","sticky":false,"template":"","format":"standard","meta":{"_jetpack_newsletter_access":"","_jetpack_dont_email_post_to_subs":false,"_jetpack_newsletter_tier_id":0,"_jetpack_memberships_contains_paywalled_content":false,"_mbp_banners":[],"_jetpack_feature_clip_id":0,"_jetpack_memberships_contains_paid_content":false,"footnotes":"","jetpack_publicize_message":"","jetpack_publicize_feature_enabled":true,"jetpack_social_post_already_shared":true,"jetpack_social_options":{"image_generator_settings":{"template":"highway","default_image_id":0,"font":"","enabled":false},"version":2},"jetpack_post_was_ever_published":false},"categories":[21],"tags":[],"class_list":["post-68510","post","type-post","status-publish","format-standard","has-post-thumbnail","category-sp-news"],"jetpack_publicize_connections":[],"jetpack-related-posts":[],"jetpack_shortlink":"https:\/\/wp.me\/p7Eq1F-hP0","jetpack_sharing_enabled":true,"jetpack_featured_media_url":"https:\/\/i0.wp.com\/guialimeira.com.br\/news\/wp-content\/uploads\/2026\/06\/SP-POD-como-a-escola-publica-de-SP-esta-levando.jpg?fit=1024%2C768&ssl=1","_links":{"self":[{"href":"https:\/\/guialimeira.com.br\/news\/wp-json\/wp\/v2\/posts\/68510","targetHints":{"allow":["GET"]}}],"collection":[{"href":"https:\/\/guialimeira.com.br\/news\/wp-json\/wp\/v2\/posts"}],"about":[{"href":"https:\/\/guialimeira.com.br\/news\/wp-json\/wp\/v2\/types\/post"}],"author":[{"embeddable":true,"href":"https:\/\/guialimeira.com.br\/news\/wp-json\/wp\/v2\/users\/1"}],"replies":[{"embeddable":true,"href":"https:\/\/guialimeira.com.br\/news\/wp-json\/wp\/v2\/comments?post=68510"}],"version-history":[{"count":0,"href":"https:\/\/guialimeira.com.br\/news\/wp-json\/wp\/v2\/posts\/68510\/revisions"}],"wp:featuredmedia":[{"embeddable":true,"href":"https:\/\/guialimeira.com.br\/news\/wp-json\/wp\/v2\/media\/68511"}],"wp:attachment":[{"href":"https:\/\/guialimeira.com.br\/news\/wp-json\/wp\/v2\/media?parent=68510"}],"wp:term":[{"taxonomy":"category","embeddable":true,"href":"https:\/\/guialimeira.com.br\/news\/wp-json\/wp\/v2\/categories?post=68510"},{"taxonomy":"post_tag","embeddable":true,"href":"https:\/\/guialimeira.com.br\/news\/wp-json\/wp\/v2\/tags?post=68510"}],"curies":[{"name":"wp","href":"https:\/\/api.w.org\/{rel}","templated":true}]}}