{"id":68499,"date":"2026-06-10T07:15:21","date_gmt":"2026-06-10T10:15:21","guid":{"rendered":"https:\/\/guialimeira.com.br\/regioes-de-presidente-prudente-marilia-bauru-e-central-terao-audiencia-publica-da-loa-2027-nesta-quinta-feira-11\/"},"modified":"2026-06-10T07:15:21","modified_gmt":"2026-06-10T10:15:21","slug":"regioes-de-presidente-prudente-marilia-bauru-e-central-terao-audiencia-publica-da-loa-2027-nesta-quinta-feira-11","status":"publish","type":"post","link":"https:\/\/guialimeira.com.br\/news\/regioes-de-presidente-prudente-marilia-bauru-e-central-terao-audiencia-publica-da-loa-2027-nesta-quinta-feira-11\/","title":{"rendered":"Regi\u00f5es de Presidente Prudente, Mar\u00edlia, Bauru e Central ter\u00e3o audi\u00eancia p\u00fablica da LOA 2027 nesta quinta-feira (11)"},"content":{"rendered":"<p> <br \/>\n<br \/><img data-recalc-dims=\"1\" decoding=\"async\" src=\"https:\/\/i0.wp.com\/www.agenciasp.sp.gov.br\/wp-content\/uploads\/2025\/03\/AEREA-acervo-hrac-1-1536x1096-1.jpg?w=696&#038;ssl=1\" \/><\/p>\n<div data-id=\"5a922b4\" data-element_type=\"widget\" data-e-type=\"widget\" data-widget_type=\"theme-post-content.default\">\n<div class=\"elementor-widget-container\">\n<p class=\"wp-block-paragraph\">A Secretaria da Fazenda e Planejamento do Estado de S\u00e3o Paulo (Sefaz-SP) realiza nesta quinta-feira (11), \u00e0s 14h, a audi\u00eancia p\u00fablica da Lei Or\u00e7ament\u00e1ria Anual (LOA) de 2027 para a popula\u00e7\u00e3o das Regi\u00f5es Administrativas de Presidente Prudente, Mar\u00edlia, Bauru e Central (Araraquara).<\/p>\n<p class=\"wp-block-paragraph\">A participa\u00e7\u00e3o \u00e9 virtual, pelo <a href=\"https:\/\/teams.microsoft.com\/meet\/252044226371657?p=LfR9fOYLrdp59NHhe8\" target=\"_blank\" rel=\"noopener\">Teams<\/a>, e as sugest\u00f5es abarcam as mais diversas \u00e1reas, como sa\u00fade, educa\u00e7\u00e3o, meio ambientes, infraestrutura, seguran\u00e7a p\u00fablica, entre outras.<\/p>\n<p class=\"wp-block-paragraph\">Esse instrumento de participa\u00e7\u00e3o popular, sem car\u00e1ter deliberativo, est\u00e1 previsto na Lei de Responsabilidade Fiscal e na Lei de Diretrizes Or\u00e7ament\u00e1rias (LDO), e permite aos cidad\u00e3os manifestarem suas sugest\u00f5es para o estado como um todo e, tamb\u00e9m, para regi\u00f5es e cidades.<\/p>\n<p class=\"wp-block-paragraph\">Al\u00e9m da popula\u00e7\u00e3o paulista em geral, o p\u00fablico-alvo contempla tamb\u00e9m entidades civis e representantes da administra\u00e7\u00e3o p\u00fablica. Vale ressaltar que as sugest\u00f5es da popula\u00e7\u00e3o paulista constituem um ponto relevante na constru\u00e7\u00e3o do planejamento para o or\u00e7amento do pr\u00f3ximo ano.<\/p>\n<p class=\"wp-block-paragraph\"><strong>Consulta P\u00fablica<\/strong><\/p>\n<p class=\"wp-block-paragraph\">Simultaneamente \u00e0s audi\u00eancias regionais, <a href=\"https:\/\/www.agenciasp.sp.gov.br\/populacao-tem-ate-14-de-junho-para-participar-da-consulta-publica-da-lei-orcamentaria\/\" data-type=\"link\" data-id=\"https:\/\/www.agenciasp.sp.gov.br\/populacao-tem-ate-14-de-junho-para-participar-da-consulta-publica-da-lei-orcamentaria\/\" rel=\"noopener\">estar\u00e1 dispon\u00edvel at\u00e9 14 de junho o ambiente de vota\u00e7\u00e3o da LOA 2027<\/a>, para que os cidad\u00e3os possam escolher as \u00e1reas e projetos que, em sua opini\u00e3o, colaborem para o desenvolvimento do Estado e da regi\u00e3o em que vivem.<\/p>\n<p class=\"wp-block-paragraph\">O processo \u00e9 bem simples: basta acessar o ambiente de vota\u00e7\u00e3o da consulta p\u00fablica e selecionar o item ou os itens que melhor representem sua opini\u00e3o. O sistema tamb\u00e9m permite aos cidad\u00e3os a possibilidade de fazer coment\u00e1rios que detalhem ou especifiquem suas escolhas.<\/p>\n<p class=\"wp-block-paragraph\">Para mais informa\u00e7\u00f5es sobre as audi\u00eancias p\u00fablicas, acesse o site: <a href=\"https:\/\/www.audienciasdoorcamento.sp.gov.br\/\" target=\"_blank\" rel=\"noopener\">https:\/\/www.audienciasdoorcamento.sp.gov.br\/<\/a>.<\/p>\n<\/p><\/div>\n<\/p><\/div>\n<p><br \/>\n<br \/><a href=\"https:\/\/www.agenciasp.sp.gov.br\/regioes-de-presidente-prudente-marilia-bauru-e-central-terao-audiencia-publica-da-loa-2027-nesta-quinta-feira-11\/\" rel=\"noopener\">Informa\u00e7\u00f5es GOV.SP<\/a><\/p>\n","protected":false},"excerpt":{"rendered":"<p>A Secretaria da Fazenda e Planejamento do Estado de S\u00e3o Paulo (Sefaz-SP) realiza nesta quinta-feira (11), \u00e0s 14h, a audi\u00eancia p\u00fablica da Lei Or\u00e7ament\u00e1ria Anual (LOA) de 2027 para a popula\u00e7\u00e3o das Regi\u00f5es Administrativas de Presidente Prudente, Mar\u00edlia, Bauru e Central (Araraquara). A participa\u00e7\u00e3o \u00e9 virtual, pelo Teams, e as sugest\u00f5es abarcam as mais diversas [&hellip;]<\/p>\n","protected":false},"author":1,"featured_media":42844,"comment_status":"","ping_status":"open","sticky":false,"template":"","format":"standard","meta":{"_jetpack_newsletter_access":"","_jetpack_dont_email_post_to_subs":false,"_jetpack_newsletter_tier_id":0,"_jetpack_memberships_contains_paywalled_content":false,"_mbp_banners":[],"_jetpack_feature_clip_id":0,"_jetpack_memberships_contains_paid_content":false,"footnotes":"","jetpack_publicize_message":"","jetpack_publicize_feature_enabled":true,"jetpack_social_post_already_shared":true,"jetpack_social_options":{"image_generator_settings":{"template":"highway","default_image_id":0,"font":"","enabled":false},"version":2},"jetpack_post_was_ever_published":false},"categories":[21],"tags":[],"class_list":["post-68499","post","type-post","status-publish","format-standard","has-post-thumbnail","category-sp-news"],"jetpack_publicize_connections":[],"jetpack-related-posts":[],"jetpack_shortlink":"https:\/\/wp.me\/p7Eq1F-hOP","jetpack_sharing_enabled":true,"jetpack_featured_media_url":"https:\/\/i0.wp.com\/guialimeira.com.br\/news\/wp-content\/uploads\/2025\/08\/SP-amplia-para-214-o-numero-de-Municipios-de-Interesse.jpg?fit=1536%2C1096&ssl=1","_links":{"self":[{"href":"https:\/\/guialimeira.com.br\/news\/wp-json\/wp\/v2\/posts\/68499","targetHints":{"allow":["GET"]}}],"collection":[{"href":"https:\/\/guialimeira.com.br\/news\/wp-json\/wp\/v2\/posts"}],"about":[{"href":"https:\/\/guialimeira.com.br\/news\/wp-json\/wp\/v2\/types\/post"}],"author":[{"embeddable":true,"href":"https:\/\/guialimeira.com.br\/news\/wp-json\/wp\/v2\/users\/1"}],"replies":[{"embeddable":true,"href":"https:\/\/guialimeira.com.br\/news\/wp-json\/wp\/v2\/comments?post=68499"}],"version-history":[{"count":0,"href":"https:\/\/guialimeira.com.br\/news\/wp-json\/wp\/v2\/posts\/68499\/revisions"}],"wp:featuredmedia":[{"embeddable":true,"href":"https:\/\/guialimeira.com.br\/news\/wp-json\/wp\/v2\/media\/42844"}],"wp:attachment":[{"href":"https:\/\/guialimeira.com.br\/news\/wp-json\/wp\/v2\/media?parent=68499"}],"wp:term":[{"taxonomy":"category","embeddable":true,"href":"https:\/\/guialimeira.com.br\/news\/wp-json\/wp\/v2\/categories?post=68499"},{"taxonomy":"post_tag","embeddable":true,"href":"https:\/\/guialimeira.com.br\/news\/wp-json\/wp\/v2\/tags?post=68499"}],"curies":[{"name":"wp","href":"https:\/\/api.w.org\/{rel}","templated":true}]}}