{"id":68481,"date":"2026-06-10T00:07:28","date_gmt":"2026-06-10T03:07:28","guid":{"rendered":"https:\/\/guialimeira.com.br\/governo-de-sp-capacita-medicos-peritos-para-ampliar-acesso-ao-trabalho-para-pessoas-com-deficiencia\/"},"modified":"2026-06-10T00:07:28","modified_gmt":"2026-06-10T03:07:28","slug":"governo-de-sp-capacita-medicos-peritos-para-ampliar-acesso-ao-trabalho-para-pessoas-com-deficiencia","status":"publish","type":"post","link":"https:\/\/guialimeira.com.br\/news\/governo-de-sp-capacita-medicos-peritos-para-ampliar-acesso-ao-trabalho-para-pessoas-com-deficiencia\/","title":{"rendered":"Governo de SP capacita m\u00e9dicos peritos para ampliar acesso ao trabalho para pessoas com defici\u00eancia"},"content":{"rendered":"<p> <br \/>\n<br \/><img data-recalc-dims=\"1\" decoding=\"async\" src=\"https:\/\/i0.wp.com\/www.agenciasp.sp.gov.br\/wp-content\/uploads\/2026\/06\/WhatsApp-Image-2026-06-09-at-14.08.45.jpeg?w=696&#038;ssl=1\" \/><\/p>\n<div>\n<p class=\"wp-block-paragraph\">A <a href=\"https:\/\/www.pessoacomdeficiencia.sp.gov.br\/sec_deficiencia\/escola%20da%20inclus%C3%A3o\/aescola\" target=\"_blank\" rel=\"noreferrer noopener\">Escola de Inclus\u00e3o do Governo de S\u00e3o Paulo<\/a> promove, nesta quinta-feira (11), o curso Avalia\u00e7\u00e3o da Pessoa com Defici\u00eancia para Inclus\u00e3o no Mercado de Trabalho. A capacita\u00e7\u00e3o \u00e9 destinada a m\u00e9dicos peritos que atuam em munic\u00edpios do litoral e do interior paulista. O objetivo \u00e9 habilit\u00e1-los para a emiss\u00e3o do laudo caracterizador da defici\u00eancia para fins de inclus\u00e3o profissional.<\/p>\n<p class=\"wp-block-paragraph\">Para inscrever-se no curso, preencha <a href=\"https:\/\/forms.cloud.microsoft\/pages\/responsepage.aspx?id=zbB4Oo58KUmD1RkKbMATZYWLyCn7awlPugVYrVX_4dxUQ0cwUVNYSUpMV0xPVUVWQURPNTNOMTZZMy4u&amp;route=shorturl\" target=\"_blank\" rel=\"noreferrer noopener\">este formul\u00e1rio<\/a>.<\/p>\n<p class=\"wp-block-paragraph\">A maior parte deste servi\u00e7o est\u00e1 concentrada na capital paulista. Com a iniciativa da Escola de Inclus\u00e3o, o Governo de S\u00e3o Paulo busca descentraliz\u00e1-lo. Assim, o objetivo \u00e9 ampliar a rede de profissionais aptos avaliar e emitir laudos mais pr\u00f3ximos da resid\u00eancia dos cidad\u00e3os.<\/p>\n<p class=\"wp-block-paragraph\">Com isso, pessoas com defici\u00eancia poder\u00e3o ter acesso ao servi\u00e7o com mais agilidade, comodidade e dignidade, reduzindo a necessidade de deslocamentos para outras regi\u00f5es.<\/p>\n<p class=\"wp-block-paragraph\"><strong>LEIA TAMB\u00c9M: <\/strong><a href=\"https:\/\/www.agenciasp.sp.gov.br\/cdhu-movel-oferece-atendimento-em-campinas\/\" rel=\"noopener\">CDHU M\u00f3vel oferece atendimento presencial a mutu\u00e1rios em Campinas<\/a><\/p>\n<p class=\"wp-block-paragraph\">O curso ser\u00e1 realizado das 8h \u00e0s 18h, no audit\u00f3rio da SEDPcD, na Barra Funda, zona oeste da capital, e integra os esfor\u00e7os do Governo de S\u00e3o Paulo para ampliar a inclus\u00e3o produtiva e fortalecer as pol\u00edticas de empregabilidade para pessoas com defici\u00eancia em todo o estado.<\/p>\n<blockquote class=\"wp-block-quote is-layout-flow wp-block-quote-is-layout-flow\">\n<p class=\"wp-block-paragraph\">\u201cO nosso compromisso \u00e9 facilitar a vida da pessoa com defici\u00eancia, levando cada vez mais servi\u00e7os para o litoral e para o interior do Estado e ampliando as oportunidades de inclus\u00e3o profissional. A expans\u00e3o do n\u00famero de m\u00e9dicos peritos habilitados para emitir o laudo caracterizador em diferentes munic\u00edpios representa um passo importante para garantir mais acesso ao trabalho e promover a autonomia dessas pessoas\u201d, destaca o secret\u00e1rio de Estado dos Direitos da Pessoa com Defici\u00eancia, Marcos da Costa.<\/p>\n<\/blockquote>\n<p class=\"wp-block-paragraph\">A forma\u00e7\u00e3o contribui para fortalecer a atua\u00e7\u00e3o dos munic\u00edpios na implementa\u00e7\u00e3o de pol\u00edticas p\u00fablicas voltadas \u00e0 inclus\u00e3o, ampliando a capilaridade dos servi\u00e7os e garantindo maior efici\u00eancia no atendimento \u00e0 popula\u00e7\u00e3o.<\/p>\n<p class=\"wp-block-paragraph\">A forma\u00e7\u00e3o tem dura\u00e7\u00e3o de 10 horas e vai receber profissionais de diferentes cidades paulistas, como Jundia\u00ed, Campinas, Praia Grande, Caraguatatuba e S\u00e3o Manuel. O conte\u00fado est\u00e1 dividido em cinco aulas sobre as bases legais e crit\u00e9rios de caracteriza\u00e7\u00e3o da defici\u00eancia; trabalho, inclus\u00e3o e Lei de Cotas; avalia\u00e7\u00e3o funcional da defici\u00eancia; defici\u00eancia mental, intelectual e autismo e defici\u00eancia f\u00edsica, visual e auditiva.<\/p>\n<p class=\"wp-block-paragraph\"><strong>LEIA TAMB\u00c9M: <\/strong><a href=\"https:\/\/www.agenciasp.sp.gov.br\/superacao-sp-e-prontos-para-o-mundo-transformam-a-realidade-de-mae-e-filha-no-interior-paulista\/\" rel=\"noopener\">SuperA\u00e7\u00e3o SP e Prontos pro Mundo transformam a realidade de m\u00e3e e filha no interior paulista<\/a><\/p>\n<p class=\"wp-block-paragraph\">O curso combina exposi\u00e7\u00f5es te\u00f3ricas, estudos de caso e atividades pr\u00e1ticas, com foco na aplica\u00e7\u00e3o dos conhecimentos no cotidiano profissional. A capacita\u00e7\u00e3o adota o modelo biopsicossocial de avalia\u00e7\u00e3o da defici\u00eancia, que analisa a intera\u00e7\u00e3o entre limita\u00e7\u00f5es de longo prazo e fatores relacionados \u00e0 acessibilidade, \u00e0 organiza\u00e7\u00e3o do trabalho e \u00e0s atitudes presentes no ambiente profissional.<\/p>\n<p class=\"wp-block-paragraph\">As aulas ser\u00e3o ministradas por Vilma Ribeiro, coordenadora do Programa Meu Emprego Inclusivo da SEDPcD, Felipe Salles Neves Machado, perito m\u00e9dico do Imesc desde 2013, e Marcos Yudi Yamamoto, m\u00e9dico fisiatra. O curso vai ser realizado na sede da Secretaria, localizada no Memorial da Am\u00e9rica Latina, no bairro da Barra Funda, com as participa\u00e7\u00f5es do secret\u00e1rio Marcos da Costa, da diretora da Escola da Inclus\u00e3o, Lubienska Ribeiro, do secret\u00e1rio de Estado da Justi\u00e7a e Cidadania, Arthur Lima, do presidente do Imesc, Alexandre Pess\u00f4a e do superintendente da \u00e1rea de Pessoas com Defici\u00eancia do Imesc, Felipe Salles Neves Machado.<\/p>\n<p class=\"wp-block-paragraph\">Ap\u00f3s conclu\u00edrem a forma\u00e7\u00e3o, os m\u00e9dicos peritos j\u00e1 estar\u00e3o habilitados para emitirem os laudos caracterizadores. O documento \u00e9 essencial para fortalecer a empregabilidade inclusiva, pois permite \u00e0s empresas comprovar o cumprimento da Lei de Cotas e ampliar a contrata\u00e7\u00e3o de pessoas com defici\u00eancia em seus munic\u00edpios.<\/p>\n<h3 class=\"wp-block-heading\">Programa Meu Emprego Inclusivo<\/h3>\n<p class=\"wp-block-paragraph\">Consiste em uma pol\u00edtica p\u00fablica estadual que tem como objetivo ampliar as oportunidades de trabalho e promover a inclus\u00e3o profissional de pessoas com defici\u00eancia. Por meio dos <a href=\"https:\/\/www.agenciasp.sp.gov.br\/programa-de-empregabilidade-para-pessoas-com-deficiencia-chega-a-mais-de-80-municipios-no-estado-de-sp\/\" rel=\"noopener\">Polos de Empregabilidade Inclusiva<\/a>, tem como objetivo promover a inclus\u00e3o, perman\u00eancia e desenvolvimento profissional de pessoas com defici\u00eancia no mercado de trabalho. Utiliza a metodologia do emprego apoiado como estrat\u00e9gia para a inclus\u00e3o profissional, e auxilia candidatos na qualifica\u00e7\u00e3o profissional e empreendedora compat\u00edveis com seu perfil profissional e interesse.<\/p>\n<h3 class=\"wp-block-heading\">Laudo Caracterizador para o Trabalho<\/h3>\n<p class=\"wp-block-paragraph\">Conhecido como Laudo Caracterizador de Defici\u00eancia, o documento m\u00e9dico comprova formalmente a defici\u00eancia de uma pessoa a partir de avalia\u00e7\u00e3o cl\u00ednica e funcional, indicando altera\u00e7\u00f5es e impedimentos nas fun\u00e7\u00f5es e estruturas do corpo (f\u00edsica, auditiva, visual, intelectual e psicossocial), desempenho e necessidades de apoio.<\/p>\n<h3 class=\"wp-block-heading\">Servi\u00e7o<\/h3>\n<p class=\"wp-block-paragraph\">Avalia\u00e7\u00e3o da Pessoa com Defici\u00eancia para Inclus\u00e3o no Mercado de Trabalho<br \/>Data: 11 de junho de 2026<br \/>Hor\u00e1rio: 8h \u00e0s 18h<br \/>Local: Audit\u00f3rio da SEDPCD<br \/>Endere\u00e7o: Av. M\u00e1rio de Andrade, 664 \u2013 Barra Funda \u2013 Port\u00e3o 10<\/p>\n<\/p><\/div>\n<p><br \/>\n<br \/><a href=\"https:\/\/www.agenciasp.sp.gov.br\/governo-de-sp-capacita-medicos-peritos-para-ampliar-acesso-ao-trabalho-para-pessoas-com-deficiencia\/\" rel=\"noopener\">Informa\u00e7\u00f5es GOV.SP<\/a><\/p>\n","protected":false},"excerpt":{"rendered":"<p>A Escola de Inclus\u00e3o do Governo de S\u00e3o Paulo promove, nesta quinta-feira (11), o curso Avalia\u00e7\u00e3o da Pessoa com Defici\u00eancia para Inclus\u00e3o no Mercado de Trabalho. A capacita\u00e7\u00e3o \u00e9 destinada a m\u00e9dicos peritos que atuam em munic\u00edpios do litoral e do interior paulista. O objetivo \u00e9 habilit\u00e1-los para a emiss\u00e3o do laudo caracterizador da defici\u00eancia [&hellip;]<\/p>\n","protected":false},"author":1,"featured_media":68482,"comment_status":"","ping_status":"open","sticky":false,"template":"","format":"standard","meta":{"_jetpack_newsletter_access":"","_jetpack_dont_email_post_to_subs":false,"_jetpack_newsletter_tier_id":0,"_jetpack_memberships_contains_paywalled_content":false,"_mbp_banners":[],"_jetpack_feature_clip_id":0,"_jetpack_memberships_contains_paid_content":false,"footnotes":"","jetpack_publicize_message":"","jetpack_publicize_feature_enabled":true,"jetpack_social_post_already_shared":true,"jetpack_social_options":{"image_generator_settings":{"template":"highway","default_image_id":0,"font":"","enabled":false},"version":2},"jetpack_post_was_ever_published":false},"categories":[21],"tags":[],"class_list":["post-68481","post","type-post","status-publish","format-standard","has-post-thumbnail","category-sp-news"],"jetpack_publicize_connections":[],"jetpack-related-posts":[],"jetpack_shortlink":"https:\/\/wp.me\/p7Eq1F-hOx","jetpack_sharing_enabled":true,"jetpack_featured_media_url":"https:\/\/i0.wp.com\/guialimeira.com.br\/news\/wp-content\/uploads\/2026\/06\/Governo-de-SP-capacita-medicos-peritos-para-ampliar-acesso-ao.jpeg?fit=1600%2C1066&ssl=1","_links":{"self":[{"href":"https:\/\/guialimeira.com.br\/news\/wp-json\/wp\/v2\/posts\/68481","targetHints":{"allow":["GET"]}}],"collection":[{"href":"https:\/\/guialimeira.com.br\/news\/wp-json\/wp\/v2\/posts"}],"about":[{"href":"https:\/\/guialimeira.com.br\/news\/wp-json\/wp\/v2\/types\/post"}],"author":[{"embeddable":true,"href":"https:\/\/guialimeira.com.br\/news\/wp-json\/wp\/v2\/users\/1"}],"replies":[{"embeddable":true,"href":"https:\/\/guialimeira.com.br\/news\/wp-json\/wp\/v2\/comments?post=68481"}],"version-history":[{"count":0,"href":"https:\/\/guialimeira.com.br\/news\/wp-json\/wp\/v2\/posts\/68481\/revisions"}],"wp:featuredmedia":[{"embeddable":true,"href":"https:\/\/guialimeira.com.br\/news\/wp-json\/wp\/v2\/media\/68482"}],"wp:attachment":[{"href":"https:\/\/guialimeira.com.br\/news\/wp-json\/wp\/v2\/media?parent=68481"}],"wp:term":[{"taxonomy":"category","embeddable":true,"href":"https:\/\/guialimeira.com.br\/news\/wp-json\/wp\/v2\/categories?post=68481"},{"taxonomy":"post_tag","embeddable":true,"href":"https:\/\/guialimeira.com.br\/news\/wp-json\/wp\/v2\/tags?post=68481"}],"curies":[{"name":"wp","href":"https:\/\/api.w.org\/{rel}","templated":true}]}}