{"id":68463,"date":"2026-06-09T20:01:11","date_gmt":"2026-06-09T23:01:11","guid":{"rendered":"https:\/\/guialimeira.com.br\/governo-de-sp-entrega-moradias-a-mais-de-370-familias-de-areas-de-protecao-ambiental-no-grajau\/"},"modified":"2026-06-09T20:01:11","modified_gmt":"2026-06-09T23:01:11","slug":"governo-de-sp-entrega-moradias-a-mais-de-370-familias-de-areas-de-protecao-ambiental-no-grajau","status":"publish","type":"post","link":"https:\/\/guialimeira.com.br\/news\/governo-de-sp-entrega-moradias-a-mais-de-370-familias-de-areas-de-protecao-ambiental-no-grajau\/","title":{"rendered":"Governo de SP entrega moradias a mais de 370 fam\u00edlias de \u00e1reas de prote\u00e7\u00e3o ambiental no Graja\u00fa"},"content":{"rendered":"<p> <br \/>\n<br \/><img data-recalc-dims=\"1\" decoding=\"async\" src=\"https:\/\/i0.wp.com\/www.agenciasp.sp.gov.br\/wp-content\/uploads\/2026\/06\/Conjunto-Habitacional-Novo-Brasil-scaled.jpg?w=696&#038;ssl=1\" \/><\/p>\n<div>\n<p class=\"wp-block-paragraph\">O Governo de S\u00e3o Paulo entregou, nesta ter\u00e7a-feira (9), as chaves de 374 apartamentos a fam\u00edlias que viviam em \u00e1reas de prote\u00e7\u00e3o ambiental no distrito do Graja\u00fa, zona sul da capital paulista. As unidades integram a primeira fase do Conjunto Habitacional Novo Brasil, desenvolvido em parceria entre a Companhia de Desenvolvimento Habitacional e Urbano (CDHU) e a Prefeitura de S\u00e3o Paulo.<\/p>\n<p>Ao todo, o empreendimento do programa Casa Paulista contar\u00e1 com 2.711 unidades habitacionais, distribu\u00eddas em 13 quadras, com investimento estadual total de R$ 150 milh\u00f5es. A Prefeitura de S\u00e3o Paulo investiu R$ 1,3 bilh\u00e3o no conjunto. As moradias s\u00e3o destinadas a fam\u00edlias atendidas pelo Programa Mananciais, da Secretaria Municipal de Habita\u00e7\u00e3o (Sehab), que promove o reassentamento de moradores de \u00e1reas de risco, favelas e loteamentos irregulares localizados no entorno das represas Guarapiranga e Billings, na zona sul da capital.<\/p>\n<p class=\"wp-block-paragraph\">\u201cCostumamos falar muito em n\u00fameros, sobre quanto foi investido em habita\u00e7\u00e3o ou quantos im\u00f3veis foram constru\u00eddos. Mas, no fim, estamos falando de pessoas e de sonhos. Aqui ter\u00e3o um lugar digno para viver, com mais seguran\u00e7a e conforto. Teremos unidades de sa\u00fade, creches e um parque linear, tudo isso em uma \u00e1rea antes degradada, onde se vivia com dificuldade e em moradias prec\u00e1rias. Hoje, essa regi\u00e3o est\u00e1 passando por uma transforma\u00e7\u00e3o completa\u201d, afirmou o governador Tarc\u00edsio de Freitas.\u00a0<\/p>\n<figure class=\"wp-block-embed is-type-video is-provider-youtube wp-block-embed-youtube wp-embed-aspect-16-9 wp-has-aspect-ratio\">\n<p>\n<span class=\"embed-youtube\" style=\"text-align:center; display: block;\"><iframe loading=\"lazy\" class=\"youtube-player\" width=\"696\" height=\"392\" src=\"https:\/\/www.youtube.com\/embed\/hYLBylLEp1Y?version=3&#038;rel=1&#038;showsearch=0&#038;showinfo=1&#038;iv_load_policy=1&#038;fs=1&#038;hl=pt-BR&#038;autohide=2&#038;wmode=transparent\" allowfullscreen=\"true\" style=\"border:0;\" sandbox=\"allow-scripts allow-same-origin allow-popups allow-presentation allow-popups-to-escape-sandbox\"><\/iframe><\/span>\n<\/p>\n<\/figure>\n<p class=\"wp-block-paragraph\">Nesta primeira etapa, o Governo do Estado investiu R$ 20,7 milh\u00f5es na constru\u00e7\u00e3o da Quadra 12, composta por cinco blocos e 374 unidades habitacionais. Os apartamentos t\u00eam 41 m\u00b2 de \u00e1rea constru\u00edda, com dois dormit\u00f3rios, sala, cozinha, banheiro e \u00e1rea de servi\u00e7o. As unidades contam com piso cer\u00e2mico nas \u00e1reas molhadas, como cozinha, banheiro e \u00e1rea de servi\u00e7o.<\/p>\n<p class=\"wp-block-paragraph\">A Quadra 12 tamb\u00e9m conta com uma creche implantada no t\u00e9rreo do Bloco C, constru\u00edda por meio da parceria entre Estado e Prefeitura. A unidade ser\u00e1 operada pela Secretaria Municipal de Educa\u00e7\u00e3o.<\/p>\n<p class=\"wp-block-paragraph\">O financiamento dos im\u00f3veis segue as diretrizes da Pol\u00edtica Habitacional do Estado de S\u00e3o Paulo, com juro zero para fam\u00edlias com renda mensal de at\u00e9 cinco sal\u00e1rios m\u00ednimos. As presta\u00e7\u00f5es s\u00e3o calculadas de acordo com a renda familiar, podendo comprometer at\u00e9 20% da renda, com parcelas corrigidas pelo IPCA, ou at\u00e9 30%, com parcelas fixas ao longo do contrato. A menor parcela \u00e9 de R$ 324,20.<\/p>\n<\/p><\/div>\n<p><br \/>\n<br \/><a href=\"https:\/\/www.agenciasp.sp.gov.br\/governo-de-sp-entrega-moradias-a-mais-de-370-familias-de-areas-de-protecao-ambiental-no-grajau\/\" rel=\"noopener\">Informa\u00e7\u00f5es GOV.SP<\/a><\/p>\n","protected":false},"excerpt":{"rendered":"<p>O Governo de S\u00e3o Paulo entregou, nesta ter\u00e7a-feira (9), as chaves de 374 apartamentos a fam\u00edlias que viviam em \u00e1reas de prote\u00e7\u00e3o ambiental no distrito do Graja\u00fa, zona sul da capital paulista. As unidades integram a primeira fase do Conjunto Habitacional Novo Brasil, desenvolvido em parceria entre a Companhia de Desenvolvimento Habitacional e Urbano (CDHU) [&hellip;]<\/p>\n","protected":false},"author":1,"featured_media":68464,"comment_status":"","ping_status":"open","sticky":false,"template":"","format":"standard","meta":{"_jetpack_newsletter_access":"","_jetpack_dont_email_post_to_subs":false,"_jetpack_newsletter_tier_id":0,"_jetpack_memberships_contains_paywalled_content":false,"_mbp_banners":[],"_jetpack_feature_clip_id":0,"_jetpack_memberships_contains_paid_content":false,"footnotes":"","jetpack_publicize_message":"","jetpack_publicize_feature_enabled":true,"jetpack_social_post_already_shared":true,"jetpack_social_options":{"image_generator_settings":{"template":"highway","default_image_id":0,"font":"","enabled":false},"version":2},"jetpack_post_was_ever_published":false},"categories":[21],"tags":[],"class_list":["post-68463","post","type-post","status-publish","format-standard","has-post-thumbnail","category-sp-news"],"jetpack_publicize_connections":[],"jetpack-related-posts":[],"jetpack_shortlink":"https:\/\/wp.me\/p7Eq1F-hOf","jetpack_sharing_enabled":true,"jetpack_featured_media_url":"https:\/\/i0.wp.com\/guialimeira.com.br\/news\/wp-content\/uploads\/2026\/06\/Governo-de-SP-entrega-moradias-a-mais-de-370-familias.jpg?fit=2560%2C1440&ssl=1","_links":{"self":[{"href":"https:\/\/guialimeira.com.br\/news\/wp-json\/wp\/v2\/posts\/68463","targetHints":{"allow":["GET"]}}],"collection":[{"href":"https:\/\/guialimeira.com.br\/news\/wp-json\/wp\/v2\/posts"}],"about":[{"href":"https:\/\/guialimeira.com.br\/news\/wp-json\/wp\/v2\/types\/post"}],"author":[{"embeddable":true,"href":"https:\/\/guialimeira.com.br\/news\/wp-json\/wp\/v2\/users\/1"}],"replies":[{"embeddable":true,"href":"https:\/\/guialimeira.com.br\/news\/wp-json\/wp\/v2\/comments?post=68463"}],"version-history":[{"count":0,"href":"https:\/\/guialimeira.com.br\/news\/wp-json\/wp\/v2\/posts\/68463\/revisions"}],"wp:featuredmedia":[{"embeddable":true,"href":"https:\/\/guialimeira.com.br\/news\/wp-json\/wp\/v2\/media\/68464"}],"wp:attachment":[{"href":"https:\/\/guialimeira.com.br\/news\/wp-json\/wp\/v2\/media?parent=68463"}],"wp:term":[{"taxonomy":"category","embeddable":true,"href":"https:\/\/guialimeira.com.br\/news\/wp-json\/wp\/v2\/categories?post=68463"},{"taxonomy":"post_tag","embeddable":true,"href":"https:\/\/guialimeira.com.br\/news\/wp-json\/wp\/v2\/tags?post=68463"}],"curies":[{"name":"wp","href":"https:\/\/api.w.org\/{rel}","templated":true}]}}