{"id":68455,"date":"2026-06-09T18:05:54","date_gmt":"2026-06-09T21:05:54","guid":{"rendered":"https:\/\/guialimeira.com.br\/ccjr-analisa-oito-projetos-e-elabora-pareceres-favoraveis-a-quatro\/"},"modified":"2026-06-09T18:05:54","modified_gmt":"2026-06-09T21:05:54","slug":"ccjr-analisa-oito-projetos-e-elabora-pareceres-favoraveis-a-quatro","status":"publish","type":"post","link":"https:\/\/guialimeira.com.br\/news\/ccjr-analisa-oito-projetos-e-elabora-pareceres-favoraveis-a-quatro\/","title":{"rendered":"CCJR analisa oito projetos e elabora pareceres favor\u00e1veis a quatro"},"content":{"rendered":"<p>CCJR analisa oito projetos e elabora pareceres favor\u00e1veis a quatro<\/p>\n<p>A Comiss\u00e3o de Constitui\u00e7\u00e3o, Justi\u00e7a e Reda\u00e7\u00e3o (CCJR) da C\u00e2mara analisou oito projetos na reuni\u00e3o desta ter\u00e7a-feira, 9 de junho. Quatro deles receberam pareceres favor\u00e1veis e os demais permanecem em estudo ou foram encaminhados \u00e0 Procuradoria Legislativa, conforme registro em ata.<\/p>\n<p>A CCJR analisa os aspectos constitucional, legal, regimental, gramatical e l\u00f3gico de todas as proposi\u00e7\u00f5es que tramitam na C\u00e2mara. Fazem parte da Comiss\u00e3o as vereadoras Mara Isa Mattos Silveira (PL), presidente; Mariana Calsa (PSB), vice-presidente; e Joyce Dias (PSD), secret\u00e1ria.<\/p>\n<p>Confira as proposituras com pareceres favor\u00e1veis:<\/p>\n<p>Substitutivo N\u00ba 18 ao Projeto de Lei N\u00ba 48\/2026, do vereador Guilherme Guido (PL), disp\u00f5e sobre diretrizes para o incentivo \u00e0 leitura e \u00e0 circula\u00e7\u00e3o descentralizada de livros.<\/p>\n<p>Substitutivo N\u00ba 17 ao Projeto de Lei N\u00ba 36\/2026, da vereadora Lu Bogo (PL), disp\u00f5e sobre diretrizes de conscientiza\u00e7\u00e3o, informa\u00e7\u00e3o ao cidad\u00e3o, boas pr\u00e1ticas de descarte e atendimento ao usu\u00e1rio dos Ecopontos.<\/p>\n<p>Projeto de Lei N\u00ba 71\/2026, dos vereadores Z\u00e9 da Farm\u00e1cia (Solidariedade) e Felipe Penedo (PL), institui o Programa Municipal Escola Segura e Preparada no \u00e2mbito da rede municipal de ensino de Limeira.<\/p>\n<p>Substitutivo N\u00ba 16 ao Projeto de Lei N\u00ba 35\/2026, do vereador Everton Ferreira (PSD), acrescenta os arts. 36-A a 36-G na Lei Ordin\u00e1ria N\u00ba 6.974\/2024, que disp\u00f5e sobre a arboriza\u00e7\u00e3o urbana.<\/p>\n<hr>\n<p><em>Fonte: <a href=\"https:\/\/www.limeira.sp.leg.br\/noticias\/view\/2026-06-09_ccjr-analisa-oito-projetos-e-elabora-pareceres-favoraveis-a-quatro\" target=\"_blank\" rel=\"noopener\">C\u00e2mara Municipal de Limeira<\/a><\/em><\/p>\n","protected":false},"excerpt":{"rendered":"<p>CCJR analisa oito projetos e elabora pareceres favor\u00e1veis a quatro<\/p>\n<p>A Comiss\u00e3o de Constitui\u00e7\u00e3o, Justi\u00e7a e Reda\u00e7\u00e3o (CCJR) da C\u00e2mara analisou oito projetos na reuni\u00e3o desta ter\u00e7a-feira, 9 de junho. Quatro deles receberam pareceres favor\u00e1veis e os demais permanecem em estudo ou foram encaminhados \u00e0 Pro<\/p>\n","protected":false},"author":4,"featured_media":68454,"comment_status":"","ping_status":"open","sticky":false,"template":"","format":"standard","meta":{"_jetpack_newsletter_access":"","_jetpack_dont_email_post_to_subs":false,"_jetpack_newsletter_tier_id":0,"_jetpack_memberships_contains_paywalled_content":false,"_mbp_banners":[],"_jetpack_feature_clip_id":0,"_jetpack_memberships_contains_paid_content":false,"footnotes":"","jetpack_publicize_message":"","jetpack_publicize_feature_enabled":true,"jetpack_social_post_already_shared":true,"jetpack_social_options":{"image_generator_settings":{"template":"highway","default_image_id":0,"font":"","enabled":false},"version":2},"jetpack_post_was_ever_published":false},"categories":[19],"tags":[],"class_list":["post-68455","post","type-post","status-publish","format-standard","has-post-thumbnail","category-politica"],"jetpack_publicize_connections":[],"jetpack-related-posts":[],"jetpack_shortlink":"https:\/\/wp.me\/p7Eq1F-hO7","jetpack_sharing_enabled":true,"jetpack_featured_media_url":"https:\/\/i0.wp.com\/guialimeira.com.br\/news\/wp-content\/uploads\/2026\/06\/noticia-camara-35.jpg?fit=1280%2C640&ssl=1","_links":{"self":[{"href":"https:\/\/guialimeira.com.br\/news\/wp-json\/wp\/v2\/posts\/68455","targetHints":{"allow":["GET"]}}],"collection":[{"href":"https:\/\/guialimeira.com.br\/news\/wp-json\/wp\/v2\/posts"}],"about":[{"href":"https:\/\/guialimeira.com.br\/news\/wp-json\/wp\/v2\/types\/post"}],"author":[{"embeddable":true,"href":"https:\/\/guialimeira.com.br\/news\/wp-json\/wp\/v2\/users\/4"}],"replies":[{"embeddable":true,"href":"https:\/\/guialimeira.com.br\/news\/wp-json\/wp\/v2\/comments?post=68455"}],"version-history":[{"count":0,"href":"https:\/\/guialimeira.com.br\/news\/wp-json\/wp\/v2\/posts\/68455\/revisions"}],"wp:featuredmedia":[{"embeddable":true,"href":"https:\/\/guialimeira.com.br\/news\/wp-json\/wp\/v2\/media\/68454"}],"wp:attachment":[{"href":"https:\/\/guialimeira.com.br\/news\/wp-json\/wp\/v2\/media?parent=68455"}],"wp:term":[{"taxonomy":"category","embeddable":true,"href":"https:\/\/guialimeira.com.br\/news\/wp-json\/wp\/v2\/categories?post=68455"},{"taxonomy":"post_tag","embeddable":true,"href":"https:\/\/guialimeira.com.br\/news\/wp-json\/wp\/v2\/tags?post=68455"}],"curies":[{"name":"wp","href":"https:\/\/api.w.org\/{rel}","templated":true}]}}