{"id":68447,"date":"2026-06-09T16:58:19","date_gmt":"2026-06-09T19:58:19","guid":{"rendered":"https:\/\/guialimeira.com.br\/governo-de-sao-paulo-assina-convenio-para-construcao-da-segunda-fase-da-linha-verde-em-sao-jose-dos-campos\/"},"modified":"2026-06-09T16:58:19","modified_gmt":"2026-06-09T19:58:19","slug":"governo-de-sao-paulo-assina-convenio-para-construcao-da-segunda-fase-da-linha-verde-em-sao-jose-dos-campos","status":"publish","type":"post","link":"https:\/\/guialimeira.com.br\/news\/governo-de-sao-paulo-assina-convenio-para-construcao-da-segunda-fase-da-linha-verde-em-sao-jose-dos-campos\/","title":{"rendered":"Governo de S\u00e3o Paulo assina conv\u00eanio para constru\u00e7\u00e3o da segunda fase da Linha Verde em S\u00e3o Jos\u00e9 dos Campos"},"content":{"rendered":"<p> <br \/>\n<br \/><img data-recalc-dims=\"1\" decoding=\"async\" src=\"https:\/\/i0.wp.com\/www.agenciasp.sp.gov.br\/wp-content\/uploads\/2025\/06\/palacio-dos-bandeirantes-e1732546634841-1024x620-1.jpg?w=696&#038;ssl=1\" \/><\/p>\n<div>\n<p class=\"wp-block-paragraph\">Na \u00faltima sexta-feira (29\/05) o Governo do Estado de S\u00e3o Paulo assinou um conv\u00eanio com a prefeitura de S\u00e3o Jos\u00e9 dos Campos para realiza\u00e7\u00e3o de obra da Linha Verde Fase II \u2013 Eixo Leste Trecho II. O documento tem como objetivo garantir a expans\u00e3o do sistema de transporte p\u00fablico municipal e promover a conex\u00e3o com a regi\u00e3o leste da cidade.<\/p>\n<p class=\"wp-block-paragraph\">A iniciativa contar\u00e1 com investimento do governo estadual de R$ 127 milh\u00f5es e contrapartida do munic\u00edpio de R$ 80,8 milh\u00f5es, resultando em um aporte total de R$ 207,8 milh\u00f5es. O local escolhido para o empreendimento \u00e9 a \u00e1rea das antigas torres de energia, que ligam o trecho j\u00e1 implantado \u2013 Sul\/Centro \u2013 a regi\u00e3o leste da cidade, com conex\u00e3o \u00e0 Avenida Presidente Tancredo Neves.<\/p>\n<p class=\"wp-block-paragraph\">Com isso, ser\u00e1 poss\u00edvel assegurar a melhoria da qualidade da infraestrutura vi\u00e1ria e a execu\u00e7\u00e3o de obras complementares de mobilidade ativa e requalifica\u00e7\u00e3o urbana ao longo de 8,3 km, contemplando trechos entre a Av. Senador Teot\u00f4nio Vilela e a Av. Presidente Tancredo Neves.<\/p>\n<p class=\"wp-block-paragraph\"><strong>LEIA TAMB\u00c9M:<\/strong> <a href=\"https:\/\/www.agenciasp.sp.gov.br\/governo-de-sp-inicia-trabalhos-em-cotia-para-implantacao-da-linha-22-marrom-de-metro\/\" rel=\"noopener\">Governo de SP inicia trabalhos em Cotia para implanta\u00e7\u00e3o da Linha 22-Marrom de metr\u00f4<\/a><\/p>\n<h3 class=\"wp-block-heading\"><strong>Servi\u00e7os a serem executados<\/strong><\/h3>\n<p class=\"wp-block-paragraph\">Para que o projeto seja um sucesso, ser\u00e3o desenvolvidos servi\u00e7os de terraplanagem para conforma\u00e7\u00e3o do terreno que v\u00e3o desde a prepara\u00e7\u00e3o da \u00e1rea at\u00e9 a destina\u00e7\u00e3o final de res\u00edduos, garantindo estabilidade. A fase de drenagem compete ao desenvolvimento de servi\u00e7os de capta\u00e7\u00e3o e condu\u00e7\u00e3o de \u00e1guas pluviais com a implanta\u00e7\u00e3o de dispositivos superficiais at\u00e9 a instala\u00e7\u00e3o de redes coletoras subterr\u00e2neas, po\u00e7os de visita e etc.<\/p>\n<p class=\"wp-block-paragraph\">J\u00e1 a pavimenta\u00e7\u00e3o \u00e9 feita para recupera\u00e7\u00e3o das vias e constru\u00e7\u00e3o de passeios e ciclovia, sendo complementada com sinaliza\u00e7\u00f5es horizontais e verticais e por outros servi\u00e7os de infraestrutura como ilumina\u00e7\u00e3o p\u00fablica, aplica\u00e7\u00f5es de placas de grama, dentre outros.<\/p>\n<\/p><\/div>\n<p><br \/>\n<br \/><a href=\"https:\/\/www.agenciasp.sp.gov.br\/governo-de-sao-paulo-assina-convenio-para-construcao-da-segunda-fase-da-linha-verde-em-sao-jose-dos-campos\/\" rel=\"noopener\">Informa\u00e7\u00f5es GOV.SP<\/a><\/p>\n","protected":false},"excerpt":{"rendered":"<p>Na \u00faltima sexta-feira (29\/05) o Governo do Estado de S\u00e3o Paulo assinou um conv\u00eanio com a prefeitura de S\u00e3o Jos\u00e9 dos Campos para realiza\u00e7\u00e3o de obra da Linha Verde Fase II \u2013 Eixo Leste Trecho II. O documento tem como objetivo garantir a expans\u00e3o do sistema de transporte p\u00fablico municipal e promover a conex\u00e3o com [&hellip;]<\/p>\n","protected":false},"author":1,"featured_media":41714,"comment_status":"","ping_status":"open","sticky":false,"template":"","format":"standard","meta":{"_jetpack_newsletter_access":"","_jetpack_dont_email_post_to_subs":false,"_jetpack_newsletter_tier_id":0,"_jetpack_memberships_contains_paywalled_content":false,"_mbp_banners":[],"_jetpack_feature_clip_id":0,"_jetpack_memberships_contains_paid_content":false,"footnotes":"","jetpack_publicize_message":"","jetpack_publicize_feature_enabled":true,"jetpack_social_post_already_shared":true,"jetpack_social_options":{"image_generator_settings":{"template":"highway","default_image_id":0,"font":"","enabled":false},"version":2},"jetpack_post_was_ever_published":false},"categories":[21],"tags":[],"class_list":["post-68447","post","type-post","status-publish","format-standard","has-post-thumbnail","category-sp-news"],"jetpack_publicize_connections":[],"jetpack-related-posts":[],"jetpack_shortlink":"https:\/\/wp.me\/p7Eq1F-hNZ","jetpack_sharing_enabled":true,"jetpack_featured_media_url":"https:\/\/i0.wp.com\/guialimeira.com.br\/news\/wp-content\/uploads\/2025\/08\/CGE-SP-lanca-Cartilha-do-Codigo-de-Etica-da-Administracao.jpg?fit=1024%2C620&ssl=1","_links":{"self":[{"href":"https:\/\/guialimeira.com.br\/news\/wp-json\/wp\/v2\/posts\/68447","targetHints":{"allow":["GET"]}}],"collection":[{"href":"https:\/\/guialimeira.com.br\/news\/wp-json\/wp\/v2\/posts"}],"about":[{"href":"https:\/\/guialimeira.com.br\/news\/wp-json\/wp\/v2\/types\/post"}],"author":[{"embeddable":true,"href":"https:\/\/guialimeira.com.br\/news\/wp-json\/wp\/v2\/users\/1"}],"replies":[{"embeddable":true,"href":"https:\/\/guialimeira.com.br\/news\/wp-json\/wp\/v2\/comments?post=68447"}],"version-history":[{"count":0,"href":"https:\/\/guialimeira.com.br\/news\/wp-json\/wp\/v2\/posts\/68447\/revisions"}],"wp:featuredmedia":[{"embeddable":true,"href":"https:\/\/guialimeira.com.br\/news\/wp-json\/wp\/v2\/media\/41714"}],"wp:attachment":[{"href":"https:\/\/guialimeira.com.br\/news\/wp-json\/wp\/v2\/media?parent=68447"}],"wp:term":[{"taxonomy":"category","embeddable":true,"href":"https:\/\/guialimeira.com.br\/news\/wp-json\/wp\/v2\/categories?post=68447"},{"taxonomy":"post_tag","embeddable":true,"href":"https:\/\/guialimeira.com.br\/news\/wp-json\/wp\/v2\/tags?post=68447"}],"curies":[{"name":"wp","href":"https:\/\/api.w.org\/{rel}","templated":true}]}}