{"id":68445,"date":"2026-06-09T16:32:08","date_gmt":"2026-06-09T19:32:08","guid":{"rendered":"https:\/\/guialimeira.com.br\/?p=68445"},"modified":"2026-06-09T16:32:08","modified_gmt":"2026-06-09T19:32:08","slug":"shows-de-aniversario-de-cordeiropolis-comecam-nesta-quinta-11-prefeitura-municipal-de-cordeiropolis","status":"publish","type":"post","link":"https:\/\/guialimeira.com.br\/news\/shows-de-aniversario-de-cordeiropolis-comecam-nesta-quinta-11-prefeitura-municipal-de-cordeiropolis\/","title":{"rendered":"Shows de anivers\u00e1rio de Cordeir\u00f3polis come\u00e7am nesta quinta (11) \u2013 Prefeitura Municipal de Cordeir\u00f3polis"},"content":{"rendered":"<p> <br \/>\n<\/p>\n<div>\n<p>Cordeir\u00f3polis celebra 78 anos no dia 13, mas os shows em comemora\u00e7\u00e3o \u00e0 data come\u00e7am nesta quinta-feira (11). O munic\u00edpio receber\u00e1 a comunidade cat\u00f3lica Colo de Deus, \u00e0s 20h30, no Palco Jo\u00e3o Pac\u00edfico, que ficar\u00e1 na Pra\u00e7a \u201cComendador Jamil Abrah\u00e3o Saad\u201d, na Rua Carlos Gomes, ao lado do Sal\u00e3o Social. A rua neste trecho da pra\u00e7a est\u00e1 interditada para a montagem do palco principal.<\/p>\n<p>A programa\u00e7\u00e3o continua na sexta (12), com Cordeiro In Canto, \u00e0s 20h30. A banda \u00e9 formada por artistas cordeiropolenses, que tocar\u00e3o no principal palco do evento. \u00c0s 22h, sobe ao palco Lucas Carneiro. No s\u00e1bado (13), \u00e0s 19h, tem transmiss\u00e3o do jogo do Brasil contra Marrocos na Copa do Mundo, em um tel\u00e3o na pra\u00e7a. Logo ap\u00f3s, S\u00f3 Pra Contrariar toca no palco Jo\u00e3o Pac\u00edfico.<\/p>\n<p>No \u00faltimo dia da programa\u00e7\u00e3o, domingo (14), as atra\u00e7\u00f5es come\u00e7am pela manh\u00e3, \u00e0s 10h, com a Orquestra de Violeiros Trevisani Nel Mondo, seguida pelo show de Marcos Violeiro &amp; Baltazar, \u00e0s 11h30 \u2013 ambas no Palco L\u00e9o Batista. \u00c0 noite, a Banda Vinil se apresenta \u00e0s 19h no mesmo palco. O encerramento fica por conta do show do Ultraje a Rigor, \u00e0s 21h, no Palco Jo\u00e3o Pac\u00edfico.<\/p>\n<p>\u201cEspero toda nossa popula\u00e7\u00e3o celebrando conosco os 78 anos de Cordeir\u00f3polis com m\u00fasica e muita torcida pelo nosso Brasil na Pra\u00e7a Central. Tudo foi preparado com muito carinho pela Secretaria de Cultura. Mais emocionante ainda vai ser os artistas da nossa cidade com o reconhecimento que merecem no palco principal\u201d, afirmou a prefeita Cristina Saad.<\/p>\n<p><strong>Inaugura\u00e7\u00e3o<\/strong><\/p>\n<p>Al\u00e9m dos shows de anivers\u00e1rio, Cordeir\u00f3polis celebra 78 anos com uma s\u00e9rie de entregas e a\u00e7\u00f5es para a popula\u00e7\u00e3o. No s\u00e1bado (13), \u00e0s 9h, acontece o ato c\u00edvico de anivers\u00e1rio da cidade e, na sequ\u00eancia, a inaugura\u00e7\u00e3o do Viaduto Bicenten\u00e1rio da Independ\u00eancia do Brasil, que liga a Rodovia Constante Peruchi \u00e0 Avenida Presidente Vargas. \u00c9 a primeira etapa do anel vi\u00e1rio.<\/p>\n<p>O evento ser\u00e1 realizado na rotat\u00f3ria da Avenida Presidente Vargas, no acesso ao viaduto. Apesar da entrega oficial neste s\u00e1bado, o tr\u00e2nsito no viaduto foi liberado no dia 20 de maio. A interliga\u00e7\u00e3o vi\u00e1ria se torna um importante via de acesso de caminh\u00f5es \u00e0 Rodovia Washington Lu\u00eds, retirando cerca de 60% do tr\u00e1fego pesado do Centro de Cordeir\u00f3polis.<\/p>\n<\/p><\/div>\n<p><br \/>\n<br \/><a href=\"https:\/\/cordeiropolis.sp.gov.br\/shows-de-aniversario-de-cordeiropolis-comecam-nesta-quinta-11\/\" rel=\"noopener\">Informa\u00e7\u00f5es Cordeir\u00f3polis <\/a><\/p>\n","protected":false},"excerpt":{"rendered":"<p>Cordeir\u00f3polis celebra 78 anos no dia 13, mas os shows em comemora\u00e7\u00e3o \u00e0 data come\u00e7am nesta quinta-feira (11). O munic\u00edpio receber\u00e1 a comunidade cat\u00f3lica Colo de Deus, \u00e0s 20h30, no Palco Jo\u00e3o Pac\u00edfico, que ficar\u00e1 na Pra\u00e7a \u201cComendador Jamil Abrah\u00e3o Saad\u201d, na Rua Carlos Gomes, ao lado do Sal\u00e3o Social. A rua neste trecho da [&hellip;]<\/p>\n","protected":false},"author":1,"featured_media":0,"comment_status":"closed","ping_status":"open","sticky":false,"template":"","format":"standard","meta":{"_jetpack_newsletter_access":"","_jetpack_dont_email_post_to_subs":false,"_jetpack_newsletter_tier_id":0,"_jetpack_memberships_contains_paywalled_content":false,"_mbp_banners":[],"_jetpack_feature_clip_id":0,"_jetpack_memberships_contains_paid_content":false,"footnotes":"","jetpack_publicize_message":"","jetpack_publicize_feature_enabled":true,"jetpack_social_post_already_shared":true,"jetpack_social_options":{"image_generator_settings":{"template":"highway","default_image_id":0,"font":"","enabled":false},"version":2},"jetpack_post_was_ever_published":false},"categories":[20],"tags":[],"class_list":["post-68445","post","type-post","status-publish","format-standard","category-regiao"],"jetpack_publicize_connections":[],"jetpack-related-posts":[],"jetpack_shortlink":"https:\/\/wp.me\/p7Eq1F-hNX","jetpack_sharing_enabled":true,"jetpack_featured_media_url":"","_links":{"self":[{"href":"https:\/\/guialimeira.com.br\/news\/wp-json\/wp\/v2\/posts\/68445","targetHints":{"allow":["GET"]}}],"collection":[{"href":"https:\/\/guialimeira.com.br\/news\/wp-json\/wp\/v2\/posts"}],"about":[{"href":"https:\/\/guialimeira.com.br\/news\/wp-json\/wp\/v2\/types\/post"}],"author":[{"embeddable":true,"href":"https:\/\/guialimeira.com.br\/news\/wp-json\/wp\/v2\/users\/1"}],"replies":[{"embeddable":true,"href":"https:\/\/guialimeira.com.br\/news\/wp-json\/wp\/v2\/comments?post=68445"}],"version-history":[{"count":1,"href":"https:\/\/guialimeira.com.br\/news\/wp-json\/wp\/v2\/posts\/68445\/revisions"}],"predecessor-version":[{"id":68446,"href":"https:\/\/guialimeira.com.br\/news\/wp-json\/wp\/v2\/posts\/68445\/revisions\/68446"}],"wp:attachment":[{"href":"https:\/\/guialimeira.com.br\/news\/wp-json\/wp\/v2\/media?parent=68445"}],"wp:term":[{"taxonomy":"category","embeddable":true,"href":"https:\/\/guialimeira.com.br\/news\/wp-json\/wp\/v2\/categories?post=68445"},{"taxonomy":"post_tag","embeddable":true,"href":"https:\/\/guialimeira.com.br\/news\/wp-json\/wp\/v2\/tags?post=68445"}],"curies":[{"name":"wp","href":"https:\/\/api.w.org\/{rel}","templated":true}]}}