{"id":68442,"date":"2026-06-09T16:15:55","date_gmt":"2026-06-09T19:15:55","guid":{"rendered":"https:\/\/guialimeira.com.br\/camara-recebe-exemplares-do-livro-retratos-da-industria-no-berco-da-imigracao-europeia\/"},"modified":"2026-06-09T16:15:55","modified_gmt":"2026-06-09T19:15:55","slug":"camara-recebe-exemplares-do-livro-retratos-da-industria-no-berco-da-imigracao-europeia","status":"publish","type":"post","link":"https:\/\/guialimeira.com.br\/news\/camara-recebe-exemplares-do-livro-retratos-da-industria-no-berco-da-imigracao-europeia\/","title":{"rendered":"C\u00e2mara recebe exemplares do livro Retratos da Ind\u00fastria no Ber\u00e7o da Imigra\u00e7\u00e3o Europeia"},"content":{"rendered":"<p>C\u00e2mara recebe exemplares do livro Retratos da Ind\u00fastria no Ber\u00e7o da Imigra\u00e7\u00e3o Europeia<\/p>\n<p>A hist\u00f3ria da ind\u00fastria e da agroind\u00fastria de Limeira em textos, fotografias e registros documentais est\u00e1 no livro Retratos da Ind\u00fastria no Ber\u00e7o da Imigra\u00e7\u00e3o Europeia. Uma obra assinada pelo pesquisador Jos\u00e9 Eduardo Heflinger J\u00fanior, lan\u00e7ada este ano. Exemplares do livro foram doados \u00e0 C\u00e2mara Municipal de Limeira pelo autor.<\/p>\n<p>A publica\u00e7\u00e3o impressa em 200 p\u00e1ginas coloridas e com capa dura re\u00fane fotografias e registra a trajet\u00f3ria de quatro d\u00e9cadas de pesquisa do autor sobre o desenvolvimento econ\u00f4mico e industrial de munic\u00edpios considerados o ber\u00e7o da imigra\u00e7\u00e3o europeia pelo sistema de parceria. Al\u00e9m de Limeira, a pesquisa abrangeu cidades do interior paulista como Campinas, Piracicaba, Rio Claro, Cordeir\u00f3polis, Iracem\u00e1polis e Santa Gertrudes.<\/p>\n<p>A produ\u00e7\u00e3o textual e iconogr\u00e1fica foi baseada em documentos e imagens de acervos p\u00fablicos e privados do Brasil e da Europa. O conte\u00fado segue ordem cronol\u00f3gica e abrange desde os primeiros engenhos do s\u00e9culo XIX at\u00e9 a consolida\u00e7\u00e3o do parque fabril limeirense. O pref\u00e1cio \u00e9 assinado pelo presidente da Associa\u00e7\u00e3o Pr\u00f3-Mem\u00f3ria de Limeira, Paulo Masuti Levy, tamb\u00e9m diretor do Espa\u00e7o Cultural Engep.<\/p>\n<p>Na obra tamb\u00e9m h\u00e1 desenhos do in\u00edcio do povoado de Limeira, registros de engenhos, estradas e constru\u00e7\u00f5es ligadas \u00e0 produ\u00e7\u00e3o agroindustrial paulista, al\u00e9m de fotografias de ind\u00fastrias que operaram na regi\u00e3o, a exemplo da Machina S\u00e3o Paulo, Prada, Freios Varga, Rodas Fumagalli, Eletromec\u00e2nica Newton e Zaccaria.<\/p>\n<p>O livro \u00e9 bil\u00edngue, em portugu\u00eas e ingl\u00eas, e conta com patroc\u00ednio do Minist\u00e9rio da Cultura, por meio da Lei de Incentivo \u00e0 Cultura (Lei Rouanet), e das empresas Grupo Bom Pastor, Usina Santa L\u00facia (USL) e Cir\u00fargica Fernandes.<\/p>\n<p>Os exemplares foram doados pelo pesquisador ao presidente da C\u00e2mara, vereador Everton Ferreira (PSD), \u00e0 Escola Legislativa Paulo Freire e aos jornalistas que atuam na Secretaria de Comunica\u00e7\u00e3o Social do Legislativo.<\/p>\n<hr>\n<p><em>Fonte: <a href=\"https:\/\/www.limeira.sp.leg.br\/noticias\/view\/2026-06-09_camara-recebe-exemplares-do-livro-retratos-da-industria-no-berco-da-imigracao-europeia\" target=\"_blank\" rel=\"noopener\">C\u00e2mara Municipal de Limeira<\/a><\/em><\/p>\n","protected":false},"excerpt":{"rendered":"<p>C\u00e2mara recebe exemplares do livro Retratos da Ind\u00fastria no Ber\u00e7o da Imigra\u00e7\u00e3o Europeia<\/p>\n<p>A hist\u00f3ria da ind\u00fastria e da agroind\u00fastria de Limeira em textos, fotografias e registros documentais est\u00e1 no livro Retratos da Ind\u00fastria no Ber\u00e7o da Imigra\u00e7\u00e3o Europeia. Uma obra assinada pelo pesquisador Jos\u00e9 Edu<\/p>\n","protected":false},"author":4,"featured_media":68441,"comment_status":"","ping_status":"open","sticky":false,"template":"","format":"standard","meta":{"_jetpack_newsletter_access":"","_jetpack_dont_email_post_to_subs":false,"_jetpack_newsletter_tier_id":0,"_jetpack_memberships_contains_paywalled_content":false,"_mbp_banners":[],"_jetpack_feature_clip_id":0,"_jetpack_memberships_contains_paid_content":false,"footnotes":"","jetpack_publicize_message":"","jetpack_publicize_feature_enabled":true,"jetpack_social_post_already_shared":true,"jetpack_social_options":{"image_generator_settings":{"template":"highway","default_image_id":0,"font":"","enabled":false},"version":2},"jetpack_post_was_ever_published":false},"categories":[19],"tags":[],"class_list":["post-68442","post","type-post","status-publish","format-standard","has-post-thumbnail","category-politica"],"jetpack_publicize_connections":[],"jetpack-related-posts":[],"jetpack_shortlink":"https:\/\/wp.me\/p7Eq1F-hNU","jetpack_sharing_enabled":true,"jetpack_featured_media_url":"https:\/\/i0.wp.com\/guialimeira.com.br\/news\/wp-content\/uploads\/2026\/06\/noticia-camara-34.jpg?fit=1280%2C640&ssl=1","_links":{"self":[{"href":"https:\/\/guialimeira.com.br\/news\/wp-json\/wp\/v2\/posts\/68442","targetHints":{"allow":["GET"]}}],"collection":[{"href":"https:\/\/guialimeira.com.br\/news\/wp-json\/wp\/v2\/posts"}],"about":[{"href":"https:\/\/guialimeira.com.br\/news\/wp-json\/wp\/v2\/types\/post"}],"author":[{"embeddable":true,"href":"https:\/\/guialimeira.com.br\/news\/wp-json\/wp\/v2\/users\/4"}],"replies":[{"embeddable":true,"href":"https:\/\/guialimeira.com.br\/news\/wp-json\/wp\/v2\/comments?post=68442"}],"version-history":[{"count":0,"href":"https:\/\/guialimeira.com.br\/news\/wp-json\/wp\/v2\/posts\/68442\/revisions"}],"wp:featuredmedia":[{"embeddable":true,"href":"https:\/\/guialimeira.com.br\/news\/wp-json\/wp\/v2\/media\/68441"}],"wp:attachment":[{"href":"https:\/\/guialimeira.com.br\/news\/wp-json\/wp\/v2\/media?parent=68442"}],"wp:term":[{"taxonomy":"category","embeddable":true,"href":"https:\/\/guialimeira.com.br\/news\/wp-json\/wp\/v2\/categories?post=68442"},{"taxonomy":"post_tag","embeddable":true,"href":"https:\/\/guialimeira.com.br\/news\/wp-json\/wp\/v2\/tags?post=68442"}],"curies":[{"name":"wp","href":"https:\/\/api.w.org\/{rel}","templated":true}]}}