{"id":68436,"date":"2026-06-09T15:59:19","date_gmt":"2026-06-09T18:59:19","guid":{"rendered":"https:\/\/guialimeira.com.br\/praca-toledo-barros-tera-telao-para-transmissao-dos-jogos-da-copa-do-mundo\/"},"modified":"2026-06-09T15:59:19","modified_gmt":"2026-06-09T18:59:19","slug":"praca-toledo-barros-tera-telao-para-transmissao-dos-jogos-da-copa-do-mundo","status":"publish","type":"post","link":"https:\/\/guialimeira.com.br\/news\/praca-toledo-barros-tera-telao-para-transmissao-dos-jogos-da-copa-do-mundo\/","title":{"rendered":"Pra\u00e7a Toledo Barros ter\u00e1 tel\u00e3o para transmiss\u00e3o dos jogos da Copa do Mundo"},"content":{"rendered":"<p> <br \/>\n<\/p>\n<div>\n                <main class=\"\">&#13;<br \/>\n                    &#13;<br \/>\n&#13;<br \/>\n&#13;<br \/>\n&#13;<br \/>\n&#13;<br \/>\n&#13;<br \/>\n    <img data-recalc-dims=\"1\" decoding=\"async\" src=\"https:\/\/i0.wp.com\/ecrie.com.br\/sistema\/conteudos\/imagem\/m_137_0_1_09062026155302.jpg?w=696&#038;ssl=1\" alt=\"Pra\u00e7a Toledo Barros ter\u00e1 tel\u00e3o para transmiss\u00e3o dos jogos da Copa do Mundo\"\/>&#13;<br \/>\n&#13;<br \/>\n&#13;<\/p>\n<p style=\"text-align: justify;\">A Pra\u00e7a Toledo Barros ser\u00e1 o principal ponto de encontro dos torcedores durante a Copa do Mundo, com a instala\u00e7\u00e3o de um tel\u00e3o pela Prefeitura de Limeira para a transmiss\u00e3o das partidas da competi\u00e7\u00e3o. O equipamento ficar\u00e1 posicionado em frente \u00e0 Gruta da Paz. O espa\u00e7o tamb\u00e9m contar\u00e1 com estrutura voltada ao p\u00fablico, incluindo op\u00e7\u00f5es gastron\u00f4micas e ambiente equipado com mesas e cadeiras, garantindo mais comodidade para quem desejar acompanhar os jogos em clima de confraterniza\u00e7\u00e3o.<\/p>\n<p>&#13;<\/p>\n<p style=\"text-align: justify;\">O tel\u00e3o foi instalado nesta ter\u00e7a-feira (9) e permanecer\u00e1 na Pra\u00e7a Toledo Barros enquanto o Brasil seguir na disputa da Copa do Mundo. Durante esse per\u00edodo, ser\u00e3o transmitidos todos os jogos da competi\u00e7\u00e3o, permitindo que a popula\u00e7\u00e3o acompanhe n\u00e3o apenas as partidas da Sele\u00e7\u00e3o Brasileira, mas tamb\u00e9m os demais confrontos do torneio.<\/p>\n<p>&#13;<\/p>\n<p style=\"text-align: justify;\">Para o prefeito Murilo F\u00e9lix, a iniciativa cria um ambiente de integra\u00e7\u00e3o e valoriza\u00e7\u00e3o dos espa\u00e7os p\u00fablicos. \u201cQueremos que a popula\u00e7\u00e3o viva a emo\u00e7\u00e3o da Copa do Mundo em um espa\u00e7o preparado para receber fam\u00edlias e amigos. A Pra\u00e7a Toledo Barros \u00e9 um dos principais cart\u00f5es-postais da cidade e ser\u00e1 palco de momentos de confraterniza\u00e7\u00e3o, lazer e alegria para os limeirenses.\u201d<\/p>\n<p>&#13;<\/p>\n<p style=\"text-align: justify;\">Nos dias dos jogos do Brasil, a programa\u00e7\u00e3o contar\u00e1 ainda com atra\u00e7\u00f5es musicais, que ser\u00e3o realizadas no Coreto da Pra\u00e7a Toledo Barros. No dia 13 de junho (s\u00e1bado), a banda &#8220;Eu Sou o Samba&#8221; se apresenta a partir das 18h. J\u00e1 no dia 19 de junho (sexta-feira), a banda &#8220;Armaz\u00e9m do Samba&#8221; anima o p\u00fablico a partir das 20h30. No dia 24 de junho (quarta-feira), a banda &#8220;Amigos do Samba&#8221; comanda a m\u00fasica a partir das 18h . Os grupos far\u00e3o um esquenta antes das partidas e tamb\u00e9m se apresentar\u00e3o durante o intervalo dos jogos.<\/p>\n<p>&#13;<\/p>\n<p style=\"text-align: justify;\">O secret\u00e1rio de Turismo e Eventos, Thiago Martins, destacou que a proposta \u00e9 transformar a pra\u00e7a em um grande ponto de encontro durante a competi\u00e7\u00e3o. \u201cPreparamos uma estrutura acolhedora para que a popula\u00e7\u00e3o possa acompanhar os jogos com conforto e seguran\u00e7a. Al\u00e9m do tel\u00e3o, teremos atra\u00e7\u00f5es musicais e op\u00e7\u00f5es de alimenta\u00e7\u00e3o, tornando a experi\u00eancia ainda mais especial para os torcedores.\u201d<\/p>\n<p>&#13;<\/p>\n<p style=\"text-align: justify;\">A iniciativa est\u00e1 alinhada ao Objetivo de Desenvolvimento Sustent\u00e1vel (ODS) 11 da Agenda 2030 da ONU, voltado \u00e0 promo\u00e7\u00e3o de cidades e comunidades mais sustent\u00e1veis, inclusivas e resilientes.<\/p>\n<p>&#13;<br \/>\n&#13;<br \/>\n&#13;<br \/>\n&#13;<\/p>\n<article class=\"conteudo-relacionado no-print\">&#13;<br \/>\n        &#13;<br \/>\n&#13;<br \/>\n        &#13;<br \/>\n    <\/article>\n<p>&#13;<br \/>\n&#13;<br \/>\n                <\/main><\/p><\/div>\n<p><br \/>\n<br \/><a href=\"https:\/\/limeira.sp.gov.br\/praca-toledo-barros-tera-telao-para-transmissao-dos-jogos-da-copa-do-mundo\" rel=\"noopener\">Informa\u00e7\u00f5es da PML <\/a><\/p>\n","protected":false},"excerpt":{"rendered":"<p>&#13; &#13; &#13; &#13; &#13; &#13; &#13; &#13; &#13; &#13; A Pra\u00e7a Toledo Barros ser\u00e1 o principal ponto de encontro dos torcedores durante a Copa do Mundo, com a instala\u00e7\u00e3o de um tel\u00e3o pela Prefeitura de Limeira para a transmiss\u00e3o das partidas da competi\u00e7\u00e3o. O equipamento ficar\u00e1 posicionado em frente \u00e0 Gruta da Paz. O [&hellip;]<\/p>\n","protected":false},"author":1,"featured_media":68437,"comment_status":"","ping_status":"open","sticky":false,"template":"","format":"standard","meta":{"_jetpack_newsletter_access":"","_jetpack_dont_email_post_to_subs":false,"_jetpack_newsletter_tier_id":0,"_jetpack_memberships_contains_paywalled_content":false,"_mbp_banners":[],"_jetpack_feature_clip_id":0,"_jetpack_memberships_contains_paid_content":false,"footnotes":"","jetpack_publicize_message":"","jetpack_publicize_feature_enabled":true,"jetpack_social_post_already_shared":true,"jetpack_social_options":{"image_generator_settings":{"template":"highway","default_image_id":0,"font":"","enabled":false},"version":2},"jetpack_post_was_ever_published":false},"categories":[16],"tags":[],"class_list":["post-68436","post","type-post","status-publish","format-standard","has-post-thumbnail","category-local"],"jetpack_publicize_connections":[],"jetpack-related-posts":[],"jetpack_shortlink":"https:\/\/wp.me\/p7Eq1F-hNO","jetpack_sharing_enabled":true,"jetpack_featured_media_url":"https:\/\/i0.wp.com\/guialimeira.com.br\/news\/wp-content\/uploads\/2026\/06\/m_137_0_1_09062026155302.jpg?fit=1024%2C681&ssl=1","_links":{"self":[{"href":"https:\/\/guialimeira.com.br\/news\/wp-json\/wp\/v2\/posts\/68436","targetHints":{"allow":["GET"]}}],"collection":[{"href":"https:\/\/guialimeira.com.br\/news\/wp-json\/wp\/v2\/posts"}],"about":[{"href":"https:\/\/guialimeira.com.br\/news\/wp-json\/wp\/v2\/types\/post"}],"author":[{"embeddable":true,"href":"https:\/\/guialimeira.com.br\/news\/wp-json\/wp\/v2\/users\/1"}],"replies":[{"embeddable":true,"href":"https:\/\/guialimeira.com.br\/news\/wp-json\/wp\/v2\/comments?post=68436"}],"version-history":[{"count":0,"href":"https:\/\/guialimeira.com.br\/news\/wp-json\/wp\/v2\/posts\/68436\/revisions"}],"wp:featuredmedia":[{"embeddable":true,"href":"https:\/\/guialimeira.com.br\/news\/wp-json\/wp\/v2\/media\/68437"}],"wp:attachment":[{"href":"https:\/\/guialimeira.com.br\/news\/wp-json\/wp\/v2\/media?parent=68436"}],"wp:term":[{"taxonomy":"category","embeddable":true,"href":"https:\/\/guialimeira.com.br\/news\/wp-json\/wp\/v2\/categories?post=68436"},{"taxonomy":"post_tag","embeddable":true,"href":"https:\/\/guialimeira.com.br\/news\/wp-json\/wp\/v2\/tags?post=68436"}],"curies":[{"name":"wp","href":"https:\/\/api.w.org\/{rel}","templated":true}]}}