{"id":68430,"date":"2026-06-09T15:38:15","date_gmt":"2026-06-09T18:38:15","guid":{"rendered":"https:\/\/guialimeira.com.br\/produtores-rurais-tem-ate-14-de-junho-para-atualizar-cadastro-de-rebanhos\/"},"modified":"2026-06-09T15:38:15","modified_gmt":"2026-06-09T18:38:15","slug":"produtores-rurais-tem-ate-14-de-junho-para-atualizar-cadastro-de-rebanhos","status":"publish","type":"post","link":"https:\/\/guialimeira.com.br\/news\/produtores-rurais-tem-ate-14-de-junho-para-atualizar-cadastro-de-rebanhos\/","title":{"rendered":"Produtores rurais t\u00eam at\u00e9 14 de junho para atualizar cadastro de rebanhos"},"content":{"rendered":"<p> <br \/>\n<\/p>\n<div>\n                <main class=\"\">&#13;<br \/>\n                    &#13;<br \/>\n&#13;<br \/>\n&#13;<br \/>\n&#13;<br \/>\n&#13;<br \/>\n&#13;<br \/>\n    <img data-recalc-dims=\"1\" decoding=\"async\" src=\"https:\/\/i0.wp.com\/ecrie.com.br\/sistema\/conteudos\/imagem\/m_137_0_1_09062026152710.jpg?w=696&#038;ssl=1\" alt=\"Produtores rurais t\u00eam at\u00e9 14 de junho para atualizar cadastro de rebanhos\"\/>&#13;<br \/>\n&#13;<br \/>\n&#13;<\/p>\n<p>A Secretaria de Agroneg\u00f3cio e \u00c1reas Rurais de Limeira alerta os produtores rurais do munic\u00edpio sobre o prazo final da Campanha de Atualiza\u00e7\u00e3o de Rebanhos da Defesa Agropecu\u00e1ria do Estado de S\u00e3o Paulo. A declara\u00e7\u00e3o obrigat\u00f3ria deve ser realizada at\u00e9 o dia 14 de junho de 2026 por todos os propriet\u00e1rios e respons\u00e1veis por explora\u00e7\u00f5es pecu\u00e1rias cadastradas no estado.<\/p>\n<p>&#13;<\/p>\n<p>A atualiza\u00e7\u00e3o cadastral \u00e9 fundamental para manter a regularidade das propriedades junto aos \u00f3rg\u00e3os de defesa sanit\u00e1ria animal. O n\u00e3o cumprimento da obriga\u00e7\u00e3o pode resultar em bloqueios para movimenta\u00e7\u00e3o de animais, impedimento da emiss\u00e3o da Guia de Tr\u00e2nsito Animal (GTA) e aplica\u00e7\u00e3o de san\u00e7\u00f5es administrativas previstas na legisla\u00e7\u00e3o.<\/p>\n<p>&#13;<\/p>\n<p>Devem ser declarados os efetivos de bovinos, bubalinos, equinos, asininos, muares, su\u00ednos, ovinos, caprinos, aves, peixes, outros animais aqu\u00e1ticos, colmeias de abelhas e bichos-da-seda.<\/p>\n<p>&#13;<\/p>\n<p>A atualiza\u00e7\u00e3o pode ser feita gratuitamente de forma online, por meio do sistema <a href=\"https:\/\/gedave.defesaagropecuaria.sp.gov.br\/\" rel=\"noopener\">GEDAVE (Gest\u00e3o de Defesa Animal e Vegetal),<\/a> ou presencialmente em uma unidade da Defesa Agropecu\u00e1ria. Em Limeira, o servi\u00e7o atende na Rua Jo\u00e3o Kuhl Filho, 581, Vila S\u00e3o Jo\u00e3o, no Parque Cidade.<\/p>\n<p>&#13;<\/p>\n<p>Al\u00e9m de atender \u00e0s exig\u00eancias sanit\u00e1rias, a atualiza\u00e7\u00e3o dos dados contribui para o monitoramento e o planejamento das a\u00e7\u00f5es de defesa agropecu\u00e1ria no Estado de S\u00e3o Paulo, fortalecendo a preven\u00e7\u00e3o e o controle de doen\u00e7as que possam afetar os rebanhos.<\/p>\n<p>&#13;<\/p>\n<p>Os produtores rurais de Limeira que necessitarem de orienta\u00e7\u00f5es podem procurar a Divis\u00e3o de Fomento ao Agroneg\u00f3cio da Secretaria de Agroneg\u00f3cios e \u00c1reas Rurais, no Parque Cidade. A recomenda\u00e7\u00e3o \u00e9 que os produtores n\u00e3o deixem a atualiza\u00e7\u00e3o para os \u00faltimos dias, evitando eventuais dificuldades de acesso ao sistema e garantindo a regularidade de suas atividades.<\/p>\n<p>&#13;<br \/>\n&#13;<br \/>\n&#13;<br \/>\n&#13;<\/p>\n<article class=\"conteudo-relacionado no-print\">&#13;<br \/>\n        &#13;<br \/>\n&#13;<br \/>\n        &#13;<br \/>\n    <\/article>\n<p>&#13;<br \/>\n&#13;<br \/>\n                <\/main><\/p><\/div>\n<p><br \/>\n<br \/><a href=\"https:\/\/limeira.sp.gov.br\/produtores-rurais-tem-ate-14-de-junho-para-atualizar-cadastro-de-rebanhos\" rel=\"noopener\">Informa\u00e7\u00f5es da PML <\/a><\/p>\n","protected":false},"excerpt":{"rendered":"<p>&#13; &#13; &#13; &#13; &#13; &#13; &#13; &#13; &#13; &#13; A Secretaria de Agroneg\u00f3cio e \u00c1reas Rurais de Limeira alerta os produtores rurais do munic\u00edpio sobre o prazo final da Campanha de Atualiza\u00e7\u00e3o de Rebanhos da Defesa Agropecu\u00e1ria do Estado de S\u00e3o Paulo. A declara\u00e7\u00e3o obrigat\u00f3ria deve ser realizada at\u00e9 o dia 14 de junho [&hellip;]<\/p>\n","protected":false},"author":1,"featured_media":68431,"comment_status":"","ping_status":"open","sticky":false,"template":"","format":"standard","meta":{"_jetpack_newsletter_access":"","_jetpack_dont_email_post_to_subs":false,"_jetpack_newsletter_tier_id":0,"_jetpack_memberships_contains_paywalled_content":false,"_mbp_banners":[],"_jetpack_feature_clip_id":0,"_jetpack_memberships_contains_paid_content":false,"footnotes":"","jetpack_publicize_message":"","jetpack_publicize_feature_enabled":true,"jetpack_social_post_already_shared":true,"jetpack_social_options":{"image_generator_settings":{"template":"highway","default_image_id":0,"font":"","enabled":false},"version":2},"jetpack_post_was_ever_published":false},"categories":[16],"tags":[],"class_list":["post-68430","post","type-post","status-publish","format-standard","has-post-thumbnail","category-local"],"jetpack_publicize_connections":[],"jetpack-related-posts":[],"jetpack_shortlink":"https:\/\/wp.me\/p7Eq1F-hNI","jetpack_sharing_enabled":true,"jetpack_featured_media_url":"https:\/\/i0.wp.com\/guialimeira.com.br\/news\/wp-content\/uploads\/2026\/06\/m_137_0_1_09062026152710.jpg?fit=1024%2C682&ssl=1","_links":{"self":[{"href":"https:\/\/guialimeira.com.br\/news\/wp-json\/wp\/v2\/posts\/68430","targetHints":{"allow":["GET"]}}],"collection":[{"href":"https:\/\/guialimeira.com.br\/news\/wp-json\/wp\/v2\/posts"}],"about":[{"href":"https:\/\/guialimeira.com.br\/news\/wp-json\/wp\/v2\/types\/post"}],"author":[{"embeddable":true,"href":"https:\/\/guialimeira.com.br\/news\/wp-json\/wp\/v2\/users\/1"}],"replies":[{"embeddable":true,"href":"https:\/\/guialimeira.com.br\/news\/wp-json\/wp\/v2\/comments?post=68430"}],"version-history":[{"count":0,"href":"https:\/\/guialimeira.com.br\/news\/wp-json\/wp\/v2\/posts\/68430\/revisions"}],"wp:featuredmedia":[{"embeddable":true,"href":"https:\/\/guialimeira.com.br\/news\/wp-json\/wp\/v2\/media\/68431"}],"wp:attachment":[{"href":"https:\/\/guialimeira.com.br\/news\/wp-json\/wp\/v2\/media?parent=68430"}],"wp:term":[{"taxonomy":"category","embeddable":true,"href":"https:\/\/guialimeira.com.br\/news\/wp-json\/wp\/v2\/categories?post=68430"},{"taxonomy":"post_tag","embeddable":true,"href":"https:\/\/guialimeira.com.br\/news\/wp-json\/wp\/v2\/tags?post=68430"}],"curies":[{"name":"wp","href":"https:\/\/api.w.org\/{rel}","templated":true}]}}